{"id":177247,"date":"2025-07-19T19:28:38","date_gmt":"2025-07-19T22:28:38","guid":{"rendered":"https:\/\/cdnoticias.com\/?p=177247"},"modified":"2025-07-19T19:28:40","modified_gmt":"2025-07-19T22:28:40","slug":"alexander-aquila-presento-la-lista-de-concejales-y-consejeros-escolares-por-integrar","status":"publish","type":"post","link":"https:\/\/cdnoticias.com\/index.php\/2025\/07\/19\/alexander-aquila-presento-la-lista-de-concejales-y-consejeros-escolares-por-integrar\/","title":{"rendered":"Alexander Aquila present\u00f3 la lista de concejales y consejeros escolares por Integrar"},"content":{"rendered":"\n<p>Lo acompa\u00f1ar\u00e1n en la n\u00f3mina Laura Romina Gonz\u00e1lez y Pablo Germ\u00e1n Ruiz D\u00edaz en el tercero.<\/p>\n\n\n\n<hr class=\"wp-block-separator aligncenter has-alpha-channel-opacity\"\/>\n\n\n\n<p>En la tarde de este s\u00e1bado,<strong> el dirigente Alexander Aquila, de Integrar-Fuerzas del Sur, present\u00f3 la lista con la que competir\u00e1 este 7 de septiembre <\/strong>en las elecciones legislativas provinciales.<\/p>\n\n\n\n<p>El propio <strong>Aquila encabezar\u00e1 la n\u00f3mina, acompa\u00f1ado de Laura Romina Gonz\u00e1lez y Pablo Germ\u00e1n Ruiz D\u00edaz en el tercero.<\/strong> Gladys Mabel Krell ser\u00e1 la primera candidata a consejera escolar.<\/p>\n\n\n\n<p><strong>La lista completa:<\/strong><\/p>\n\n\n\n<p><strong>Titulares<\/strong><\/p>\n\n\n\n<ol class=\"wp-block-list\">\n<li>Aquila Alexander Jes\u00fas<\/li>\n\n\n\n<li>Gonz\u00e1lez Laura Romina<\/li>\n\n\n\n<li>Ruiz D\u00edaz Far\u00edas Pablo Germ\u00e1n<\/li>\n\n\n\n<li>Guti\u00e9rrez Yanina Silvana<\/li>\n\n\n\n<li>Squillaci Juan Carlos<\/li>\n\n\n\n<li>Magaldo Mar\u00eda Florencia<\/li>\n\n\n\n<li>Rold\u00e1n Nicol\u00e1s<\/li>\n\n\n\n<li>Pacheco Zulema Leonilda<\/li>\n\n\n\n<li>Rossi Carlos Oscar<\/li>\n\n\n\n<li>Bustamante Claudia Fernanda<\/li>\n<\/ol>\n\n\n\n<p><strong>Suplentes<\/strong><\/p>\n\n\n\n<ol class=\"wp-block-list\">\n<li>Di Cesare C\u00e9sar Nicol\u00e1s<\/li>\n\n\n\n<li>Gala Cintia Marianela<\/li>\n\n\n\n<li>Porta Gustavo Javier<\/li>\n\n\n\n<li>Melaragno Noelia<\/li>\n\n\n\n<li>Lastape Carlos Emilio<\/li>\n\n\n\n<li>Mayer Karina Alejandra<\/li>\n<\/ol>\n\n\n\n<p><strong>Consejeros<\/strong><\/p>\n\n\n\n<ol class=\"wp-block-list\">\n<li>Krell Gladys Mabel<\/li>\n\n\n\n<li>Paiz Abelardo Lucas Facundo<\/li>\n\n\n\n<li>D\u2019Onofrio Mar\u00eda Rubina<\/li>\n\n\n\n<li>Gentile Ramiro Agust\u00edn<\/li>\n<\/ol>\n\n\n\n<p><strong>Suplentes<\/strong><\/p>\n\n\n\n<ol class=\"wp-block-list\">\n<li>Previtera Vivian Elena<\/li>\n\n\n\n<li>Pereiro Joel Aar\u00f3n<\/li>\n\n\n\n<li>Bucciarelli Silvina Vanesa<\/li>\n\n\n\n<li>Mocciaro Ra\u00fal Enrique<\/li>\n<\/ol>\n","protected":false},"excerpt":{"rendered":"<p>Lo acompa\u00f1ar\u00e1n en la n\u00f3mina Laura Romina Gonz\u00e1lez y Pablo Germ\u00e1n Ruiz D\u00edaz en el tercero. En la tarde de<\/p>\n","protected":false},"author":2,"featured_media":176662,"comment_status":"closed","ping_status":"closed","sticky":false,"template":"","format":"standard","meta":{"_jetpack_memberships_contains_paid_content":false,"footnotes":""},"categories":[4,1],"tags":[],"class_list":["post-177247","post","type-post","status-publish","format-standard","has-post-thumbnail","hentry","category-politica","category-portada"],"jetpack_featured_media_url":"https:\/\/i0.wp.com\/cdnoticias.com\/wp-content\/uploads\/2025\/07\/Alexander-aquila-partido-Integrar-04.jpg?fit=1000%2C556&ssl=1","jetpack_sharing_enabled":true,"_links":{"self":[{"href":"https:\/\/cdnoticias.com\/index.php\/wp-json\/wp\/v2\/posts\/177247","targetHints":{"allow":["GET"]}}],"collection":[{"href":"https:\/\/cdnoticias.com\/index.php\/wp-json\/wp\/v2\/posts"}],"about":[{"href":"https:\/\/cdnoticias.com\/index.php\/wp-json\/wp\/v2\/types\/post"}],"author":[{"embeddable":true,"href":"https:\/\/cdnoticias.com\/index.php\/wp-json\/wp\/v2\/users\/2"}],"replies":[{"embeddable":true,"href":"https:\/\/cdnoticias.com\/index.php\/wp-json\/wp\/v2\/comments?post=177247"}],"version-history":[{"count":0,"href":"https:\/\/cdnoticias.com\/index.php\/wp-json\/wp\/v2\/posts\/177247\/revisions"}],"wp:featuredmedia":[{"embeddable":true,"href":"https:\/\/cdnoticias.com\/index.php\/wp-json\/wp\/v2\/media\/176662"}],"wp:attachment":[{"href":"https:\/\/cdnoticias.com\/index.php\/wp-json\/wp\/v2\/media?parent=177247"}],"wp:term":[{"taxonomy":"category","embeddable":true,"href":"https:\/\/cdnoticias.com\/index.php\/wp-json\/wp\/v2\/categories?post=177247"},{"taxonomy":"post_tag","embeddable":true,"href":"https:\/\/cdnoticias.com\/index.php\/wp-json\/wp\/v2\/tags?post=177247"}],"curies":[{"name":"wp","href":"https:\/\/api.w.org\/{rel}","templated":true}]}}