{"id":177240,"date":"2025-07-19T18:30:55","date_gmt":"2025-07-19T21:30:55","guid":{"rendered":"https:\/\/cdnoticias.com\/?p=177240"},"modified":"2025-07-20T09:40:26","modified_gmt":"2025-07-20T12:40:26","slug":"reclaman-explicaciones-al-gobierno-por-la-falta-de-patentes","status":"publish","type":"post","link":"https:\/\/cdnoticias.com\/index.php\/2025\/07\/19\/reclaman-explicaciones-al-gobierno-por-la-falta-de-patentes\/","title":{"rendered":"Reclaman explicaciones al Gobierno por la falta de patentes"},"content":{"rendered":"\n<p>Una diputada nacional present\u00f3 un pedido formal de acceso a la informaci\u00f3n p\u00fablica al ministro de Justicia por el origen de este problema que tiene gran visibilidad en los veh\u00edculos nuevos en todo el pa\u00eds.<\/p>\n\n\n\n<hr class=\"wp-block-separator aligncenter has-alpha-channel-opacity\"\/>\n\n\n\n<p>La <strong>falta de chapas patente se convirti\u00f3 en un nuevo dolor de cabeza para miles de ciudadanos en todo el pa\u00eds que, pese a haber cumplido con todos los tr\u00e1mites legales, no pueden circular normalmente con sus veh\u00edculos debido a demoras en la provisi\u00f3n del material.<\/strong><\/p>\n\n\n\n<p>Frente a este panorama<strong>, la diputada nacional por la Coalici\u00f3n C\u00edvica, Marcela Campagnoli, present\u00f3 un pedido formal de acceso a la informaci\u00f3n p\u00fablica dirigido al ministro de Justicia, Mariano C\u00faneo Libarona, en el que exige respuestas concretas<\/strong> sobre el origen del problema y las medidas adoptadas para solucionarlo.<\/p>\n\n\n\n<p><em>\u201cEl Estado no puede seguir fallando en cuestiones b\u00e1sicas que afectan la vida cotidiana de los argentinos. Es inadmisible que quienes hacen las cosas bien terminen perjudicados por la ineficiencia del Gobierno\u201d,<\/em> se\u00f1al\u00f3 la legisladora en su presentaci\u00f3n, <strong>amparada en la Ley 27.275 que regula el derecho ciudadano a acceder a informaci\u00f3n p\u00fablica.<\/strong><\/p>\n\n\n\n<p>En el escrito, <strong>Campagnoli solicita precisiones sobre los motivos detr\u00e1s del faltante, los plazos previstos para normalizar la situaci\u00f3n, la cantidad de dominios provisorios actualmente vigentes y el estado de la licitaci\u00f3n que deriv\u00f3 en la adjudicaci\u00f3n del servicio a la empresa T\u00f6nnjes Sudamericana S.A. <\/strong>Tambi\u00e9n requiere detalles sobre los proveedores anteriores y las razones por las que dejaron de operar.<\/p>\n\n\n\n<p>La diputada record\u00f3 que <strong>el Ministerio de Justicia hab\u00eda prometido en mayo regularizar el sistema, compromiso que, seg\u00fan denunci\u00f3, no se cumpli\u00f3.<\/strong><em> \u201cEse plazo venci\u00f3 hace tiempo y el problema contin\u00faa. Queremos saber por qu\u00e9 no se cumpli\u00f3 con ese compromiso y qu\u00e9 medidas se est\u00e1n tomando para resolverlo\u201d, <\/em>remarc\u00f3.<\/p>\n\n\n\n<p>El <strong>planteo de Campagnoli fue respaldado por otros legisladores, quienes advierten que esta situaci\u00f3n es una muestra m\u00e1s de desorganizaci\u00f3n en \u00e1reas clave del Estado. <\/strong>Adem\u00e1s de las demoras en la entrega de veh\u00edculos, el faltante de patentes expone a miles de personas a ser sancionadas por circular sin documentaci\u00f3n definitiva, a pesar de haber cumplido con todas las obligaciones legales.<\/p>\n\n\n\n<p><em>\u201cEl Estado tiene la responsabilidad de garantizar el cumplimiento de la ley y facilitar la vida de quienes la respetan. No puede ser que una gesti\u00f3n ineficiente genere consecuencias negativas para los ciudadanos\u201d,<\/em> concluy\u00f3 la legisladora.<\/p>\n","protected":false},"excerpt":{"rendered":"<p>Una diputada nacional present\u00f3 un pedido formal de acceso a la informaci\u00f3n p\u00fablica al ministro de Justicia por el origen<\/p>\n","protected":false},"author":2,"featured_media":177241,"comment_status":"closed","ping_status":"closed","sticky":false,"template":"","format":"standard","meta":{"_jetpack_memberships_contains_paid_content":false,"footnotes":""},"categories":[6,1],"tags":[],"class_list":["post-177240","post","type-post","status-publish","format-standard","has-post-thumbnail","hentry","category-nacionales","category-portada"],"jetpack_featured_media_url":"https:\/\/i0.wp.com\/cdnoticias.com\/wp-content\/uploads\/2025\/07\/patentes.jpg?fit=894%2C455&ssl=1","jetpack_sharing_enabled":true,"_links":{"self":[{"href":"https:\/\/cdnoticias.com\/index.php\/wp-json\/wp\/v2\/posts\/177240","targetHints":{"allow":["GET"]}}],"collection":[{"href":"https:\/\/cdnoticias.com\/index.php\/wp-json\/wp\/v2\/posts"}],"about":[{"href":"https:\/\/cdnoticias.com\/index.php\/wp-json\/wp\/v2\/types\/post"}],"author":[{"embeddable":true,"href":"https:\/\/cdnoticias.com\/index.php\/wp-json\/wp\/v2\/users\/2"}],"replies":[{"embeddable":true,"href":"https:\/\/cdnoticias.com\/index.php\/wp-json\/wp\/v2\/comments?post=177240"}],"version-history":[{"count":0,"href":"https:\/\/cdnoticias.com\/index.php\/wp-json\/wp\/v2\/posts\/177240\/revisions"}],"wp:featuredmedia":[{"embeddable":true,"href":"https:\/\/cdnoticias.com\/index.php\/wp-json\/wp\/v2\/media\/177241"}],"wp:attachment":[{"href":"https:\/\/cdnoticias.com\/index.php\/wp-json\/wp\/v2\/media?parent=177240"}],"wp:term":[{"taxonomy":"category","embeddable":true,"href":"https:\/\/cdnoticias.com\/index.php\/wp-json\/wp\/v2\/categories?post=177240"},{"taxonomy":"post_tag","embeddable":true,"href":"https:\/\/cdnoticias.com\/index.php\/wp-json\/wp\/v2\/tags?post=177240"}],"curies":[{"name":"wp","href":"https:\/\/api.w.org\/{rel}","templated":true}]}}