{"id":177232,"date":"2025-07-19T17:46:16","date_gmt":"2025-07-19T20:46:16","guid":{"rendered":"https:\/\/cdnoticias.com\/?p=177232"},"modified":"2025-07-21T10:57:31","modified_gmt":"2025-07-21T13:57:31","slug":"angelica-esther-requena-de-paredes-coto-q-e-p-d","status":"publish","type":"post","link":"https:\/\/cdnoticias.com\/index.php\/2025\/07\/19\/angelica-esther-requena-de-paredes-coto-q-e-p-d\/","title":{"rendered":"Ang\u00e9lica Esther Requena de Paredes \u201cCoto\u201d (Q.E.P.D.)"},"content":{"rendered":"\n<hr class=\"wp-block-separator aligncenter has-alpha-channel-opacity\"\/>\n\n\n\n<p>Falleci\u00f3 en Olavarr\u00eda el 19 de julio de 2025 a los 66 a\u00f1os. Su esposo Horacio Paredes. Su hijo Nicol\u00e1s Paredes. Su hija pol\u00edtica Ayel\u00e9n Calvo. Sus nietos Thiago y Morrison. Sus hermanos Margarita, Norma, Delia, Juan Carlos, Emilio y Amelia. Sus hermanos pol\u00edticos, sobrinos y dem\u00e1s deudos participan su fallecimiento.<\/p>\n\n\n\n<p>Sus restos ser\u00e1n velados en la Sala de Espa\u00f1a 2942 departamento \u201cD\u201d, comenzando a las 14:00 horas y hasta las 00:00 horas. Reabrir\u00e1 a las 09:00 y finalizar\u00e1 a las 12:00 horas. Posteriormente, ser\u00e1n cremados en el Crematorio Pinos de Paz, el mi\u00e9rcoles\u00a023 de Julio a las 15:30. Servicio adherido a Coopelectric.<\/p>\n\n\n\n<p>Nacida en Olavarr\u00eda, vecina de barrio Luj\u00e1n, ama de casa.<\/p>\n","protected":false},"excerpt":{"rendered":"<p>Falleci\u00f3 en Olavarr\u00eda el 19 de julio de 2025 a los 66 a\u00f1os. Su esposo Horacio Paredes. Su hijo Nicol\u00e1s<\/p>\n","protected":false},"author":2,"featured_media":100390,"comment_status":"closed","ping_status":"closed","sticky":false,"template":"","format":"standard","meta":{"_jetpack_memberships_contains_paid_content":false,"footnotes":""},"categories":[10],"tags":[],"class_list":["post-177232","post","type-post","status-publish","format-standard","has-post-thumbnail","hentry","category-necrologicas"],"jetpack_featured_media_url":"https:\/\/i0.wp.com\/cdnoticias.com\/wp-content\/uploads\/2023\/10\/necrologicas-390-x-240.jpg?fit=390%2C240&ssl=1","jetpack_sharing_enabled":true,"_links":{"self":[{"href":"https:\/\/cdnoticias.com\/index.php\/wp-json\/wp\/v2\/posts\/177232","targetHints":{"allow":["GET"]}}],"collection":[{"href":"https:\/\/cdnoticias.com\/index.php\/wp-json\/wp\/v2\/posts"}],"about":[{"href":"https:\/\/cdnoticias.com\/index.php\/wp-json\/wp\/v2\/types\/post"}],"author":[{"embeddable":true,"href":"https:\/\/cdnoticias.com\/index.php\/wp-json\/wp\/v2\/users\/2"}],"replies":[{"embeddable":true,"href":"https:\/\/cdnoticias.com\/index.php\/wp-json\/wp\/v2\/comments?post=177232"}],"version-history":[{"count":0,"href":"https:\/\/cdnoticias.com\/index.php\/wp-json\/wp\/v2\/posts\/177232\/revisions"}],"wp:featuredmedia":[{"embeddable":true,"href":"https:\/\/cdnoticias.com\/index.php\/wp-json\/wp\/v2\/media\/100390"}],"wp:attachment":[{"href":"https:\/\/cdnoticias.com\/index.php\/wp-json\/wp\/v2\/media?parent=177232"}],"wp:term":[{"taxonomy":"category","embeddable":true,"href":"https:\/\/cdnoticias.com\/index.php\/wp-json\/wp\/v2\/categories?post=177232"},{"taxonomy":"post_tag","embeddable":true,"href":"https:\/\/cdnoticias.com\/index.php\/wp-json\/wp\/v2\/tags?post=177232"}],"curies":[{"name":"wp","href":"https:\/\/api.w.org\/{rel}","templated":true}]}}