{"id":177227,"date":"2025-07-19T15:46:23","date_gmt":"2025-07-19T18:46:23","guid":{"rendered":"https:\/\/cdnoticias.com\/?p=177227"},"modified":"2025-07-19T22:22:11","modified_gmt":"2025-07-20T01:22:11","slug":"belen-vergel-sera-la-primera-candidata-a-concejal-por-somos-buenos-aires","status":"publish","type":"post","link":"https:\/\/cdnoticias.com\/index.php\/2025\/07\/19\/belen-vergel-sera-la-primera-candidata-a-concejal-por-somos-buenos-aires\/","title":{"rendered":"Bel\u00e9n Vergel ser\u00e1 la primera candidata a concejal por \u201cSomos Buenos Aires\u201d"},"content":{"rendered":"\n<p>Es la lista que contiene al radicalismo, el GEN, la Coalici\u00f3n C\u00edvica, entre otros espacios. \u201cHemos conformado una lista representativa de Olavarr\u00eda\u201d dijo Vergel. Sebasti\u00e1n Matrella y Karina Ostertag siguen en la n\u00f3mina.&nbsp;<\/p>\n\n\n\n<hr class=\"wp-block-separator aligncenter has-alpha-channel-opacity\"\/>\n\n\n\n<p>En el d\u00eda del cierre de listas,<strong> el frente \u201cSomos Buenos Aires\u201d present\u00f3 la lista de concejales y consejeros escolares que competir\u00e1n en las pr\u00f3ximas Elecciones Legislativas del 7 de septiembre. Bel\u00e9n Vergel, presidenta del comit\u00e9 de la UCR, ser\u00e1 la primera candidata a concejal, acompa\u00f1ada de Sebasti\u00e1n Matrella y Karina Ostertag en tercer lugar.<\/strong><\/p>\n\n\n\n<p>Seg\u00fan explicaron, la n\u00f3mina est\u00e1 integrada por<em> \u201cactores y referentes de diversos \u00e1mbitos, sectores y espacios de la comunidad. Muchos de ellos son vecinos y vecinas que estar\u00e1n transitando por primera vez su participaci\u00f3n pol\u00edtica\u201d.<\/em> <strong>Adem\u00e1s, dentro de la lista se logr\u00f3 la integraci\u00f3n de otros partidos que conforman el frente Somos, como el GEN y la Coalici\u00f3n C\u00edvica.\u00a0<\/strong><\/p>\n\n\n\n<figure class=\"wp-block-image size-large\"><img data-recalc-dims=\"1\" loading=\"lazy\" decoding=\"async\" width=\"800\" height=\"534\" src=\"https:\/\/i0.wp.com\/cdnoticias.com\/wp-content\/uploads\/2025\/07\/DSC_1705.jpg?resize=800%2C534&#038;ssl=1\" alt=\"\" class=\"wp-image-177230\" srcset=\"https:\/\/i0.wp.com\/cdnoticias.com\/wp-content\/uploads\/2025\/07\/DSC_1705-scaled.jpg?resize=1024%2C683&amp;ssl=1 1024w, https:\/\/i0.wp.com\/cdnoticias.com\/wp-content\/uploads\/2025\/07\/DSC_1705-scaled.jpg?resize=300%2C200&amp;ssl=1 300w, https:\/\/i0.wp.com\/cdnoticias.com\/wp-content\/uploads\/2025\/07\/DSC_1705-scaled.jpg?resize=768%2C512&amp;ssl=1 768w, https:\/\/i0.wp.com\/cdnoticias.com\/wp-content\/uploads\/2025\/07\/DSC_1705-scaled.jpg?resize=1536%2C1024&amp;ssl=1 1536w, https:\/\/i0.wp.com\/cdnoticias.com\/wp-content\/uploads\/2025\/07\/DSC_1705-scaled.jpg?resize=2048%2C1365&amp;ssl=1 2048w, https:\/\/i0.wp.com\/cdnoticias.com\/wp-content\/uploads\/2025\/07\/DSC_1705-scaled.jpg?resize=272%2C182&amp;ssl=1 272w, https:\/\/i0.wp.com\/cdnoticias.com\/wp-content\/uploads\/2025\/07\/DSC_1705-scaled.jpg?w=1600&amp;ssl=1 1600w, https:\/\/i0.wp.com\/cdnoticias.com\/wp-content\/uploads\/2025\/07\/DSC_1705-scaled.jpg?w=2400&amp;ssl=1 2400w\" sizes=\"auto, (max-width: 800px) 100vw, 800px\" \/><\/figure>\n\n\n\n<p>La propuesta electoral para el Concejo Deliberante ser\u00e1 encabezada por la <strong>presidente de la Uni\u00f3n C\u00edvica Radical, Bel\u00e9n Vergel, mientras que el segundo lugar lo ocupar\u00e1 el actual concejal Sebasti\u00e1n Matrella.\u00a0<\/strong><\/p>\n\n\n\n<p>En <strong>tercer lugar ir\u00e1 Karina Ostertag, docente y gestora cultural que se desempe\u00f1\u00f3 durante 20 a\u00f1os como Directora del Teatro Municipal.\u00a0<\/strong><\/p>\n\n\n\n<p>Por su parte, <strong>el gu\u00eda de turismo Mat\u00edas \u201cBachi\u201d Casta\u00f1ares ocupar\u00e1 el cuarto espacio de la lista. Es el impulsor de Bici Tours Olavarr\u00eda, <\/strong>un proyecto que combina el ciclismo y el turismo por la ciudad y que ha crecido considerablemente en los \u00faltimos a\u00f1os.<\/p>\n\n\n\n<p>El <strong>quinto lugar ser\u00e1 para Antonela D\u00edaz, quien se encuentra en la Comisi\u00f3n Directiva de la UCR como Secretaria General. Le seguir\u00e1 Mart\u00edn Sgrilletti, un joven kinesi\u00f3logo de la ciudad dedicado a la salud y el bienestar.\u00a0<\/strong><\/p>\n\n\n\n<figure class=\"wp-block-image size-large\"><img data-recalc-dims=\"1\" loading=\"lazy\" decoding=\"async\" width=\"800\" height=\"534\" src=\"https:\/\/i0.wp.com\/cdnoticias.com\/wp-content\/uploads\/2025\/07\/DSC_1828.jpg?resize=800%2C534&#038;ssl=1\" alt=\"\" class=\"wp-image-177228\" srcset=\"https:\/\/i0.wp.com\/cdnoticias.com\/wp-content\/uploads\/2025\/07\/DSC_1828-scaled.jpg?resize=1024%2C683&amp;ssl=1 1024w, https:\/\/i0.wp.com\/cdnoticias.com\/wp-content\/uploads\/2025\/07\/DSC_1828-scaled.jpg?resize=300%2C200&amp;ssl=1 300w, https:\/\/i0.wp.com\/cdnoticias.com\/wp-content\/uploads\/2025\/07\/DSC_1828-scaled.jpg?resize=768%2C512&amp;ssl=1 768w, https:\/\/i0.wp.com\/cdnoticias.com\/wp-content\/uploads\/2025\/07\/DSC_1828-scaled.jpg?resize=1536%2C1024&amp;ssl=1 1536w, https:\/\/i0.wp.com\/cdnoticias.com\/wp-content\/uploads\/2025\/07\/DSC_1828-scaled.jpg?resize=2048%2C1365&amp;ssl=1 2048w, https:\/\/i0.wp.com\/cdnoticias.com\/wp-content\/uploads\/2025\/07\/DSC_1828-scaled.jpg?resize=272%2C182&amp;ssl=1 272w, https:\/\/i0.wp.com\/cdnoticias.com\/wp-content\/uploads\/2025\/07\/DSC_1828-scaled.jpg?w=1600&amp;ssl=1 1600w, https:\/\/i0.wp.com\/cdnoticias.com\/wp-content\/uploads\/2025\/07\/DSC_1828-scaled.jpg?w=2400&amp;ssl=1 2400w\" sizes=\"auto, (max-width: 800px) 100vw, 800px\" \/><\/figure>\n\n\n\n<p>En relaci\u00f3n a la lista de consejeros escolares, <strong>el primer lugar lo ocupar\u00e1 Laura Trezza, Profesora y Licenciada en Psicopedagog\u00eda que cuenta con una larga y amplia trayectoria en educaci\u00f3n.\u00a0<\/strong><\/p>\n\n\n\n<p>Al respecto, Vergel se\u00f1al\u00f3:<em> \u201cSomos Olavarr\u00eda son las distintas voces de los ciudadanos de nuestra ciudad, hemos logrado que los olavarrienses tengan una lista que los represente\u201d.\u00a0<\/em><\/p>\n\n\n\n<p>Y a\u00f1adi\u00f3 que se trata de <em>\u201cuna lista representativa,\u00a0 de actores comprometidos, con gran esp\u00edritu de servicio, que tienen un trabajo previo en la comunidad. Nos sentimos orgullosos de que hayan tomado la decisi\u00f3n de ser parte de este proyecto\u201d.\u00a0<\/em><\/p>\n\n\n\n<p><strong>Concejales Titulares<\/strong><\/p>\n\n\n\n<ol class=\"wp-block-list\">\n<li>Bel\u00e9n Vergel: Abogada, Presidente de la Uni\u00f3n C\u00edvica Radical de Olavarr\u00eda y de la Sociedad Libanesa de Olavarr\u00eda.<\/li>\n\n\n\n<li>Sebasti\u00e1n Matrella: Productor Agropecuario y actual Concejal por la Uni\u00f3n C\u00edvica Radical de Olavarr\u00eda.<\/li>\n\n\n\n<li>Karina Ostertag: Docente, Gestora Cultural, ex Directora del Teatro Municipal y actual Coordinadora del organismo.\u00a0<\/li>\n\n\n\n<li>Mat\u00edas \u201cBachi\u201d Casta\u00f1ares: T\u00e9cnico Superior en Turismo y Gu\u00eda de Turismo Rural.<\/li>\n\n\n\n<li>Antonela D\u00edaz: Docente y Secretaria General de la Uni\u00f3n C\u00edvica Radical.\u00a0<\/li>\n\n\n\n<li>Mart\u00edn Sgrilletti: Kinesi\u00f3logo.\u00a0<\/li>\n\n\n\n<li>Melina Torre: Empleada Administrativa Contable y dirigente de la Coalici\u00f3n C\u00edvica.\u00a0<\/li>\n\n\n\n<li>Agust\u00edn Gianibelli: Ingeniero Electromec\u00e1nico y Vicepresidente de la Uni\u00f3n C\u00edvica Radical.\u00a0<\/li>\n\n\n\n<li>Carina Escobar: Integrante de Mujeres Rurales en Red.<\/li>\n\n\n\n<li>Norberto Durante: M\u00e9dico Cirujano y Docente de la Facultad de Ciencias de la Salud de la UNICEN y de la Universidad Nacional de La Plata.\u00a0<\/li>\n<\/ol>\n\n\n\n<p><strong>Concejales Suplentes<\/strong><\/p>\n\n\n\n<ol class=\"wp-block-list\">\n<li>\u00a0Berta Pozo: Referente de Colonias y Cerros.<\/li>\n\n\n\n<li>Julio De Felice: Referente del Centro de Almaceneros de Olavarr\u00eda.<\/li>\n\n\n\n<li>Alicia Doorish: Comerciante.\u00a0<\/li>\n\n\n\n<li>Fernando Azzato: Referente de la C\u00e1mara Empresaria de Olavarr\u00eda y ex dirigente del AMCO.\u00a0<\/li>\n\n\n\n<li>Aimara Hiriart: Docente de Educaci\u00f3n Especial e integrante de Mujeres Rurales en Red.<\/li>\n\n\n\n<li>Sebasti\u00e1n Vigo: Comerciante.\u00a0<\/li>\n<\/ol>\n\n\n\n<p><strong>Consejeros Escolares Titulares<\/strong><\/p>\n\n\n\n<ol class=\"wp-block-list\">\n<li>Laura Trezza: Profesora y Licenciada en Psicopedagog\u00eda.<\/li>\n\n\n\n<li>Mauro Caruso: Profesor de Educaci\u00f3n F\u00edsica, actualmente trabaja en el CEF 100.<\/li>\n\n\n\n<li>Marisa Coronel: Actual Consejera Escolar y ex Vicedirectora de la Escuela Secundaria 16.<\/li>\n\n\n\n<li>Guillermo \u201cGuipo\u201d Nardini: Profesor de Educaci\u00f3n F\u00edsica, Licenciado en Gesti\u00f3n y Administraci\u00f3n Educativa, Preceptor del Nivel Primario y Director del Nivel Secundario del Colegio Fray Mamerto Esqui\u00fa.\u00a0<\/li>\n<\/ol>\n\n\n\n<p><strong>Consejeros Escolares Suplentes<\/strong><\/p>\n\n\n\n<ol class=\"wp-block-list\">\n<li>Lala Longo: Docente y ex Directora de la Escuela Media N\u00b0 6.<\/li>\n\n\n\n<li>Alan Rodas: Profesor de Educaci\u00f3n F\u00edsica.<\/li>\n\n\n\n<li>Melina Espaldet: Estudiante de la carrera de Derecho y representante de la Juventud Radical.<\/li>\n\n\n\n<li>David Su\u00e1rez: Presidente del Colegio de \u00c1rbitros de Olavarr\u00eda.<\/li>\n<\/ol>\n","protected":false},"excerpt":{"rendered":"<p>Es la lista que contiene al radicalismo, el GEN, la Coalici\u00f3n C\u00edvica, entre otros espacios. \u201cHemos conformado una lista representativa<\/p>\n","protected":false},"author":2,"featured_media":177229,"comment_status":"closed","ping_status":"closed","sticky":false,"template":"","format":"standard","meta":{"_jetpack_memberships_contains_paid_content":false,"footnotes":""},"categories":[4,1],"tags":[],"class_list":["post-177227","post","type-post","status-publish","format-standard","has-post-thumbnail","hentry","category-politica","category-portada"],"jetpack_featured_media_url":"https:\/\/i0.wp.com\/cdnoticias.com\/wp-content\/uploads\/2025\/07\/DSC_1833-scaled.jpg?fit=2560%2C1707&ssl=1","jetpack_sharing_enabled":true,"_links":{"self":[{"href":"https:\/\/cdnoticias.com\/index.php\/wp-json\/wp\/v2\/posts\/177227","targetHints":{"allow":["GET"]}}],"collection":[{"href":"https:\/\/cdnoticias.com\/index.php\/wp-json\/wp\/v2\/posts"}],"about":[{"href":"https:\/\/cdnoticias.com\/index.php\/wp-json\/wp\/v2\/types\/post"}],"author":[{"embeddable":true,"href":"https:\/\/cdnoticias.com\/index.php\/wp-json\/wp\/v2\/users\/2"}],"replies":[{"embeddable":true,"href":"https:\/\/cdnoticias.com\/index.php\/wp-json\/wp\/v2\/comments?post=177227"}],"version-history":[{"count":0,"href":"https:\/\/cdnoticias.com\/index.php\/wp-json\/wp\/v2\/posts\/177227\/revisions"}],"wp:featuredmedia":[{"embeddable":true,"href":"https:\/\/cdnoticias.com\/index.php\/wp-json\/wp\/v2\/media\/177229"}],"wp:attachment":[{"href":"https:\/\/cdnoticias.com\/index.php\/wp-json\/wp\/v2\/media?parent=177227"}],"wp:term":[{"taxonomy":"category","embeddable":true,"href":"https:\/\/cdnoticias.com\/index.php\/wp-json\/wp\/v2\/categories?post=177227"},{"taxonomy":"post_tag","embeddable":true,"href":"https:\/\/cdnoticias.com\/index.php\/wp-json\/wp\/v2\/tags?post=177227"}],"curies":[{"name":"wp","href":"https:\/\/api.w.org\/{rel}","templated":true}]}}