{"id":177224,"date":"2025-07-19T11:49:23","date_gmt":"2025-07-19T14:49:23","guid":{"rendered":"https:\/\/cdnoticias.com\/?p=177224"},"modified":"2025-07-19T11:49:25","modified_gmt":"2025-07-19T14:49:25","slug":"un-joven-termino-preso-por-robar-mercaderia-de-un-comercio-en-9-de-julio-y-necochea","status":"publish","type":"post","link":"https:\/\/cdnoticias.com\/index.php\/2025\/07\/19\/un-joven-termino-preso-por-robar-mercaderia-de-un-comercio-en-9-de-julio-y-necochea\/","title":{"rendered":"Un joven termin\u00f3 preso por robar mercader\u00eda de un comercio en 9 de Julio y Necochea"},"content":{"rendered":"\n<p>Fue en la noche del viernes, tras un llamado al 911. Fue interceptado en Pringles y Grimaldi.&nbsp;<\/p>\n\n\n\n<hr class=\"wp-block-separator aligncenter has-alpha-channel-opacity\"\/>\n\n\n\n<p>Un <strong>joven de 28 a\u00f1os fue aprehendido este viernes luego de sustraer mercader\u00eda de un comercio <\/strong>ubicado en la zona de 9 de Julio y Necochea.<\/p>\n\n\n\n<p>De acuerdo con lo informado, efectivos del <strong>Comando de Patrullas fueron alertados por un llamado al 911 y lograron interceptar al acusado en Avenida Pringles y Grimaldi, donde se procedi\u00f3 a su aprehensi\u00f3n.<\/strong><\/p>\n\n\n\n<p>La persona en cuesti\u00f3n hab\u00eda sustra\u00eddo una <strong>cremona y una torta rusa, ambas envueltas en film, del interior de una panader\u00eda sin ejercer fuerza ni violencia.<\/strong><\/p>\n\n\n\n<p>Intervino la <strong>UFI N\u00ba 10<\/strong> (Unidad Fiscal de Investigaci\u00f3n), a cargo de la Dra. Viceconte, quien aval\u00f3 el procedimiento e imparti\u00f3 las directivas correspondientes. El aprehendido fue trasladado al Centro de Salud de Hinojo para su revisi\u00f3n m\u00e9dica y posteriormente llevado a la Comisar\u00eda Primera, donde se remitieron las actuaciones.<\/p>\n\n\n\n<p>La causa fue caratulada como <strong><em>\u201churto infraganti\u201d.<\/em><\/strong><\/p>\n","protected":false},"excerpt":{"rendered":"<p>Fue en la noche del viernes, tras un llamado al 911. Fue interceptado en Pringles y Grimaldi.&nbsp; Un joven de<\/p>\n","protected":false},"author":2,"featured_media":177225,"comment_status":"closed","ping_status":"closed","sticky":false,"template":"","format":"standard","meta":{"_jetpack_memberships_contains_paid_content":false,"footnotes":""},"categories":[14,1],"tags":[],"class_list":["post-177224","post","type-post","status-publish","format-standard","has-post-thumbnail","hentry","category-policiales","category-portada"],"jetpack_featured_media_url":"https:\/\/i0.wp.com\/cdnoticias.com\/wp-content\/uploads\/2025\/07\/WhatsApp-Image-2025-07-19-at-11.26.00.jpeg?fit=1313%2C794&ssl=1","jetpack_sharing_enabled":true,"_links":{"self":[{"href":"https:\/\/cdnoticias.com\/index.php\/wp-json\/wp\/v2\/posts\/177224","targetHints":{"allow":["GET"]}}],"collection":[{"href":"https:\/\/cdnoticias.com\/index.php\/wp-json\/wp\/v2\/posts"}],"about":[{"href":"https:\/\/cdnoticias.com\/index.php\/wp-json\/wp\/v2\/types\/post"}],"author":[{"embeddable":true,"href":"https:\/\/cdnoticias.com\/index.php\/wp-json\/wp\/v2\/users\/2"}],"replies":[{"embeddable":true,"href":"https:\/\/cdnoticias.com\/index.php\/wp-json\/wp\/v2\/comments?post=177224"}],"version-history":[{"count":0,"href":"https:\/\/cdnoticias.com\/index.php\/wp-json\/wp\/v2\/posts\/177224\/revisions"}],"wp:featuredmedia":[{"embeddable":true,"href":"https:\/\/cdnoticias.com\/index.php\/wp-json\/wp\/v2\/media\/177225"}],"wp:attachment":[{"href":"https:\/\/cdnoticias.com\/index.php\/wp-json\/wp\/v2\/media?parent=177224"}],"wp:term":[{"taxonomy":"category","embeddable":true,"href":"https:\/\/cdnoticias.com\/index.php\/wp-json\/wp\/v2\/categories?post=177224"},{"taxonomy":"post_tag","embeddable":true,"href":"https:\/\/cdnoticias.com\/index.php\/wp-json\/wp\/v2\/tags?post=177224"}],"curies":[{"name":"wp","href":"https:\/\/api.w.org\/{rel}","templated":true}]}}