{"id":177221,"date":"2025-07-19T11:40:11","date_gmt":"2025-07-19T14:40:11","guid":{"rendered":"https:\/\/cdnoticias.com\/?p=177221"},"modified":"2025-07-19T18:31:11","modified_gmt":"2025-07-19T21:31:11","slug":"un-herido-en-un-siniestro-vial-en-bolivar-y-alsina","status":"publish","type":"post","link":"https:\/\/cdnoticias.com\/index.php\/2025\/07\/19\/un-herido-en-un-siniestro-vial-en-bolivar-y-alsina\/","title":{"rendered":"Un herido en un siniestro vial en Bol\u00edvar y Alsina"},"content":{"rendered":"\n<p>Fue en la noche del viernes, entre un auto y una moto. Se inici\u00f3 una causa por lesiones culposas.&nbsp;<\/p>\n\n\n\n<hr class=\"wp-block-separator aligncenter has-alpha-channel-opacity\"\/>\n\n\n\n<p>Un accidente de tr\u00e1nsito ocurri\u00f3 este viernes en la intersecci\u00f3n de <strong>Bol\u00edvar y Alsina, en el centro de Olavarr\u00eda, y dej\u00f3 como saldo a un hombre trasladado al hospital con lesiones.<\/strong><\/p>\n\n\n\n<p>Seg\u00fan se inform\u00f3, el siniestro vial fue protagonizado por <strong>un autom\u00f3vil Volkswagen Virtus de color gris y una motocicleta Motomel Energy de color negra. Por causas que se investigan, ambos veh\u00edculos colisionaron en la mencionada intersecci\u00f3n.<\/strong><\/p>\n\n\n\n<p>La moto era conducida por <strong>un hombre que fue asistido por personal del SAME y trasladado al hospital municipal, donde qued\u00f3 en observaci\u00f3n por una contusi\u00f3n en la cabeza, aunque sin riesgo de vida.<\/strong><\/p>\n\n\n\n<p>Por el otro veh\u00edculo involucrado<strong>, se identific\u00f3 a un joven de 18 a\u00f1os como el conductor. E<\/strong>n el lugar trabaj\u00f3 personal de Polic\u00eda Cient\u00edfica y efectivos del Comando de Patrullas que preservaron la escena del hecho.<\/p>\n\n\n\n<p>Las a<strong>ctuaciones fueron caratuladas como \u201clesiones culposas\u201d<\/strong> con intervenci\u00f3n de la UFI N\u00ba 10 (Unidad Fiscal de Investigaci\u00f3n). Ambos veh\u00edculos fueron secuestrados y remitidos a la Comisar\u00eda Primera por cuestiones de jurisdicci\u00f3n.<\/p>\n\n\n\n<p><\/p>\n","protected":false},"excerpt":{"rendered":"<p>Fue en la noche del viernes, entre un auto y una moto. Se inici\u00f3 una causa por lesiones culposas.&nbsp; Un<\/p>\n","protected":false},"author":2,"featured_media":177222,"comment_status":"closed","ping_status":"closed","sticky":false,"template":"","format":"standard","meta":{"_jetpack_memberships_contains_paid_content":false,"footnotes":""},"categories":[14,1],"tags":[],"class_list":["post-177221","post","type-post","status-publish","format-standard","has-post-thumbnail","hentry","category-policiales","category-portada"],"jetpack_featured_media_url":"https:\/\/i0.wp.com\/cdnoticias.com\/wp-content\/uploads\/2025\/07\/WhatsApp-Image-2025-07-19-at-11.25.33.jpeg?fit=1287%2C708&ssl=1","jetpack_sharing_enabled":true,"_links":{"self":[{"href":"https:\/\/cdnoticias.com\/index.php\/wp-json\/wp\/v2\/posts\/177221","targetHints":{"allow":["GET"]}}],"collection":[{"href":"https:\/\/cdnoticias.com\/index.php\/wp-json\/wp\/v2\/posts"}],"about":[{"href":"https:\/\/cdnoticias.com\/index.php\/wp-json\/wp\/v2\/types\/post"}],"author":[{"embeddable":true,"href":"https:\/\/cdnoticias.com\/index.php\/wp-json\/wp\/v2\/users\/2"}],"replies":[{"embeddable":true,"href":"https:\/\/cdnoticias.com\/index.php\/wp-json\/wp\/v2\/comments?post=177221"}],"version-history":[{"count":0,"href":"https:\/\/cdnoticias.com\/index.php\/wp-json\/wp\/v2\/posts\/177221\/revisions"}],"wp:featuredmedia":[{"embeddable":true,"href":"https:\/\/cdnoticias.com\/index.php\/wp-json\/wp\/v2\/media\/177222"}],"wp:attachment":[{"href":"https:\/\/cdnoticias.com\/index.php\/wp-json\/wp\/v2\/media?parent=177221"}],"wp:term":[{"taxonomy":"category","embeddable":true,"href":"https:\/\/cdnoticias.com\/index.php\/wp-json\/wp\/v2\/categories?post=177221"},{"taxonomy":"post_tag","embeddable":true,"href":"https:\/\/cdnoticias.com\/index.php\/wp-json\/wp\/v2\/tags?post=177221"}],"curies":[{"name":"wp","href":"https:\/\/api.w.org\/{rel}","templated":true}]}}