{"id":177212,"date":"2025-07-19T10:23:24","date_gmt":"2025-07-19T13:23:24","guid":{"rendered":"https:\/\/cdnoticias.com\/?p=177212"},"modified":"2025-07-19T18:13:02","modified_gmt":"2025-07-19T21:13:02","slug":"violento-accidente-en-microcentro-un-auto-termino-sobre-la-vereda","status":"publish","type":"post","link":"https:\/\/cdnoticias.com\/index.php\/2025\/07\/19\/violento-accidente-en-microcentro-un-auto-termino-sobre-la-vereda\/","title":{"rendered":"Violento accidente en Microcentro: un auto termin\u00f3 sobre la vereda"},"content":{"rendered":"\n<p>Fue en la esquina de Necochea y Alsina entre tres autos. Una persona fue trasladada al Hospital.<\/p>\n\n\n\n<hr class=\"wp-block-separator aligncenter has-alpha-channel-opacity\"\/>\n\n\n\n<p>En la ma\u00f1ana de este s\u00e1bado, <strong>un triple choque en microcentro dej\u00f3 como saldo una persona herida que debi\u00f3 ser trasladada al Hospital Municipal. Uno de los tres involucrados termin\u00f3 arriba de la vereda.<\/strong><\/p>\n\n\n\n<p>El hecho se produjo en el <strong>cruce de las calles Necochea y Alsina, entre tres veh\u00edculos Ford: un Ford Fiesta, un Ford Focus y un Ford Ka, que por causas que se intentan esclarecer impactaron entre s\u00ed.\u00a0<\/strong><\/p>\n\n\n\n<figure class=\"wp-block-image size-full\"><img data-recalc-dims=\"1\" loading=\"lazy\" decoding=\"async\" width=\"800\" height=\"445\" src=\"https:\/\/i0.wp.com\/cdnoticias.com\/wp-content\/uploads\/2025\/07\/Diseno-sin-titulo-3.jpg?resize=800%2C445&#038;ssl=1\" alt=\"\" class=\"wp-image-177213\" srcset=\"https:\/\/i0.wp.com\/cdnoticias.com\/wp-content\/uploads\/2025\/07\/Diseno-sin-titulo-3.jpg?w=800&amp;ssl=1 800w, https:\/\/i0.wp.com\/cdnoticias.com\/wp-content\/uploads\/2025\/07\/Diseno-sin-titulo-3.jpg?resize=300%2C167&amp;ssl=1 300w, https:\/\/i0.wp.com\/cdnoticias.com\/wp-content\/uploads\/2025\/07\/Diseno-sin-titulo-3.jpg?resize=768%2C427&amp;ssl=1 768w\" sizes=\"auto, (max-width: 800px) 100vw, 800px\" \/><\/figure>\n\n\n\n<p>El Ka y el Focus terminaron con mayores da\u00f1os, y este \u00faltimo <strong>sobre la vereda que da a un comercio.<\/strong>\u00a0<\/p>\n\n\n\n<p>Por la violencia del impacto, <strong>r\u00e1pidamente actu\u00f3 personal de Comando de Patrullas y una ambulancia del sistema de salud local traslad\u00f3 a uno de los involucrados al Hospital Municipal, donde fue atendido en primera instancia y s\u00f3lo tuvo heridas leves.\u00a0<\/strong><\/p>\n\n\n\n<figure class=\"wp-block-image size-full\"><img data-recalc-dims=\"1\" loading=\"lazy\" decoding=\"async\" width=\"800\" height=\"445\" src=\"https:\/\/i0.wp.com\/cdnoticias.com\/wp-content\/uploads\/2025\/07\/Diseno-sin-titulo-1-2.jpg?resize=800%2C445&#038;ssl=1\" alt=\"\" class=\"wp-image-177215\" srcset=\"https:\/\/i0.wp.com\/cdnoticias.com\/wp-content\/uploads\/2025\/07\/Diseno-sin-titulo-1-2.jpg?w=800&amp;ssl=1 800w, https:\/\/i0.wp.com\/cdnoticias.com\/wp-content\/uploads\/2025\/07\/Diseno-sin-titulo-1-2.jpg?resize=300%2C167&amp;ssl=1 300w, https:\/\/i0.wp.com\/cdnoticias.com\/wp-content\/uploads\/2025\/07\/Diseno-sin-titulo-1-2.jpg?resize=768%2C427&amp;ssl=1 768w\" sizes=\"auto, (max-width: 800px) 100vw, 800px\" \/><\/figure>\n\n\n\n<p>Justamente, por esta raz\u00f3n, <strong>el operativo de tr\u00e1nsito se mantiene en el lugar hasta corroborar el grado de las heridas de la persona trasladada. Tanto Necochea como Alsina se encontraban cortadas en su totalidad <\/strong>a la espera de peritos que trabajen en la causa del siniestro vial.<\/p>\n","protected":false},"excerpt":{"rendered":"<p>Fue en la esquina de Necochea y Alsina entre tres autos. Una persona fue trasladada al Hospital. En la ma\u00f1ana<\/p>\n","protected":false},"author":2,"featured_media":177216,"comment_status":"closed","ping_status":"closed","sticky":false,"template":"","format":"standard","meta":{"_jetpack_memberships_contains_paid_content":false,"footnotes":""},"categories":[14,1],"tags":[],"class_list":["post-177212","post","type-post","status-publish","format-standard","has-post-thumbnail","hentry","category-policiales","category-portada"],"jetpack_featured_media_url":"https:\/\/i0.wp.com\/cdnoticias.com\/wp-content\/uploads\/2025\/07\/Diseno-sin-titulo.jpg?fit=800%2C445&ssl=1","jetpack_sharing_enabled":true,"_links":{"self":[{"href":"https:\/\/cdnoticias.com\/index.php\/wp-json\/wp\/v2\/posts\/177212","targetHints":{"allow":["GET"]}}],"collection":[{"href":"https:\/\/cdnoticias.com\/index.php\/wp-json\/wp\/v2\/posts"}],"about":[{"href":"https:\/\/cdnoticias.com\/index.php\/wp-json\/wp\/v2\/types\/post"}],"author":[{"embeddable":true,"href":"https:\/\/cdnoticias.com\/index.php\/wp-json\/wp\/v2\/users\/2"}],"replies":[{"embeddable":true,"href":"https:\/\/cdnoticias.com\/index.php\/wp-json\/wp\/v2\/comments?post=177212"}],"version-history":[{"count":0,"href":"https:\/\/cdnoticias.com\/index.php\/wp-json\/wp\/v2\/posts\/177212\/revisions"}],"wp:featuredmedia":[{"embeddable":true,"href":"https:\/\/cdnoticias.com\/index.php\/wp-json\/wp\/v2\/media\/177216"}],"wp:attachment":[{"href":"https:\/\/cdnoticias.com\/index.php\/wp-json\/wp\/v2\/media?parent=177212"}],"wp:term":[{"taxonomy":"category","embeddable":true,"href":"https:\/\/cdnoticias.com\/index.php\/wp-json\/wp\/v2\/categories?post=177212"},{"taxonomy":"post_tag","embeddable":true,"href":"https:\/\/cdnoticias.com\/index.php\/wp-json\/wp\/v2\/tags?post=177212"}],"curies":[{"name":"wp","href":"https:\/\/api.w.org\/{rel}","templated":true}]}}