{"id":177195,"date":"2025-07-18T20:10:39","date_gmt":"2025-07-18T23:10:39","guid":{"rendered":"https:\/\/cdnoticias.com\/?p=177195"},"modified":"2025-07-18T20:10:40","modified_gmt":"2025-07-18T23:10:40","slug":"wesner-anuncio-un-plan-de-obras-integral-en-la-escuela-51","status":"publish","type":"post","link":"https:\/\/cdnoticias.com\/index.php\/2025\/07\/18\/wesner-anuncio-un-plan-de-obras-integral-en-la-escuela-51\/","title":{"rendered":"Wesner anunci\u00f3 un plan de obras integral en la Escuela 51"},"content":{"rendered":"\n<p>Contempla tanto la ampliaci\u00f3n como la refacci\u00f3n de numerosos espacios de la instituci\u00f3n ubicada en pleno coraz\u00f3n del barrio San Vicente.<\/p>\n\n\n\n<hr class=\"wp-block-separator aligncenter has-alpha-channel-opacity\"\/>\n\n\n\n<p>Este jueves, el <strong>intendente Maximiliano Wesner visit\u00f3 la Escuela Primaria N.\u00ba 51 \u201cPedro Goyena\u201d,<\/strong> ubicada sobre la<strong> esquina de Rivadavia y Azopardo.\u00a0<\/strong><\/p>\n\n\n\n<p><\/p>\n\n\n\n<p>En la ocasi\u00f3n, adem\u00e1s de recorrer el establecimiento, <strong>le anunci\u00f3 a la comunidad educativa los detalles de un plan de obras integral, <\/strong>que contempla tanto la <strong>ampliaci\u00f3n como la refacci\u00f3n de numerosos espacios<\/strong> de la instituci\u00f3n ubicada en pleno coraz\u00f3n del <strong>barrio San Vicente.<\/strong><\/p>\n\n\n\n<p><\/p>\n\n\n\n<p><em><strong>\u00a0\u201cVinimos a presentar la obra que vamos a ejecutar en esta hermosa escuela del barrio San Vicente\u201d<\/strong><\/em>, expres\u00f3 el Jefe Comunal.\u00a0En la actividad estuvo acompa\u00f1ado por la Jefa de Gabinete Mercedes Land\u00edvar y el secretario Orfel Fari\u00f1a junto integrantes del equipo de la Secretar\u00eda de Obras, Infraestructura y Servicios P\u00fablicos del Municipio y fueron recibidos por autoridades educativas, personal docente y auxiliar, y estudiantes.<\/p>\n\n\n\n<p><\/p>\n\n\n\n<blockquote class=\"wp-block-quote is-layout-flow wp-block-quote-is-layout-flow\">\n<p>El plan de obras contempla, por un lado, la construcci\u00f3n de una cocina, dep\u00f3sitos y ba\u00f1os nuevos para el Sal\u00f3n de Usos M\u00faltiples, para lo cual deber\u00e1 ser demolido un sector de actual SUM.\u00a0<\/p>\n<\/blockquote>\n\n\n\n<p><\/p>\n\n\n\n<figure class=\"wp-block-image aligncenter size-full\"><img data-recalc-dims=\"1\" loading=\"lazy\" decoding=\"async\" width=\"800\" height=\"491\" src=\"https:\/\/i0.wp.com\/cdnoticias.com\/wp-content\/uploads\/2025\/07\/obras-escuela-51-plan-2.png?resize=800%2C491&#038;ssl=1\" alt=\"\" class=\"wp-image-177198\" srcset=\"https:\/\/i0.wp.com\/cdnoticias.com\/wp-content\/uploads\/2025\/07\/obras-escuela-51-plan-2.png?w=888&amp;ssl=1 888w, https:\/\/i0.wp.com\/cdnoticias.com\/wp-content\/uploads\/2025\/07\/obras-escuela-51-plan-2.png?resize=300%2C184&amp;ssl=1 300w, https:\/\/i0.wp.com\/cdnoticias.com\/wp-content\/uploads\/2025\/07\/obras-escuela-51-plan-2.png?resize=768%2C471&amp;ssl=1 768w\" sizes=\"auto, (max-width: 800px) 100vw, 800px\" \/><\/figure>\n\n\n\n<p><\/p>\n\n\n\n<p>Lo mismo suceder\u00e1 con una <strong>parte del solado del patio,<\/strong> para la posterior ejecuci\u00f3n de uno <strong>nuevo de hormig\u00f3n alisado<\/strong>. Tambi\u00e9n se deber\u00e1 llevar a cabo el <strong>retiro de un \u00e1rbol para permitir el emparejamiento del solado y la construcci\u00f3n de un nuevo piso, <\/strong>para que no se vena afectados por las ra\u00edces.<\/p>\n\n\n\n<p><\/p>\n\n\n\n<p>Asimismo, <strong>se llevar\u00e1 a cabo la construcci\u00f3n de una nueva aula,<\/strong> que tendr\u00e1 acceso desde la galer\u00eda. Adem\u00e1s, se realizar\u00e1n <strong>ampliaciones sobre el patio y se colocar\u00e1n aberturas de aluminio sobre la calle Azopardo.<\/strong><\/p>\n\n\n\n<p><\/p>\n\n\n\n<p>Por \u00faltimo, en cuanto a las obras nuevas, se realizar\u00e1n cazoletas en los <strong>arboles existentes de las veredas,<\/strong> con bordes de hormig\u00f3n de 10 cm, y se plantar\u00e1n nuevos arboles. En materia de reparaciones, se intervendr\u00e1n solados de las veredas y se incorporar\u00e1 un vado peatonal sobre la calle Rivadavia. Adem\u00e1s, <strong>se pintar\u00e1 el interior del edificio paredes y cielorraso con l\u00e1tex, al igual que el exterior del edificio.<\/strong><\/p>\n\n\n\n<p><\/p>\n\n\n\n<blockquote class=\"wp-block-quote is-layout-flow wp-block-quote-is-layout-flow\">\n<p>\u00a0Tambi\u00e9n se realizar\u00e1n las tareas de instalaci\u00f3n de gas, sanitaria y el\u00e9ctrica para los nuevos ambientes, que se conectar\u00e1n a las ya existentes.<\/p>\n<\/blockquote>\n\n\n\n<p><\/p>\n\n\n\n<p>Por \u00faltimo, vale destacar que se trata del mismo establecimiento educativo que semanas atr\u00e1s recibi\u00f3 la primera jornada del programa municipal Se VOS, <strong>Vecinos Olavarrienses Solidarios<\/strong>, en la cual integrantes de toda la comunidad local, entre ellos funcionarios, trabajadores\/as municipales y vecinos y vecinas de manera desinteresada llevaron a cabo trabajos de pintura y limpieza.<\/p>\n\n\n\n<p><\/p>\n","protected":false},"excerpt":{"rendered":"<p>Contempla tanto la ampliaci\u00f3n como la refacci\u00f3n de numerosos espacios de la instituci\u00f3n ubicada en pleno coraz\u00f3n del barrio San<\/p>\n","protected":false},"author":6,"featured_media":177199,"comment_status":"closed","ping_status":"closed","sticky":false,"template":"","format":"standard","meta":{"_jetpack_memberships_contains_paid_content":false,"footnotes":""},"categories":[5,1],"tags":[],"class_list":["post-177195","post","type-post","status-publish","format-standard","has-post-thumbnail","hentry","category-informacion-general","category-portada"],"jetpack_featured_media_url":"https:\/\/i0.wp.com\/cdnoticias.com\/wp-content\/uploads\/2025\/07\/obras-escuela-51-plan-1.png?fit=875%2C582&ssl=1","jetpack_sharing_enabled":true,"_links":{"self":[{"href":"https:\/\/cdnoticias.com\/index.php\/wp-json\/wp\/v2\/posts\/177195","targetHints":{"allow":["GET"]}}],"collection":[{"href":"https:\/\/cdnoticias.com\/index.php\/wp-json\/wp\/v2\/posts"}],"about":[{"href":"https:\/\/cdnoticias.com\/index.php\/wp-json\/wp\/v2\/types\/post"}],"author":[{"embeddable":true,"href":"https:\/\/cdnoticias.com\/index.php\/wp-json\/wp\/v2\/users\/6"}],"replies":[{"embeddable":true,"href":"https:\/\/cdnoticias.com\/index.php\/wp-json\/wp\/v2\/comments?post=177195"}],"version-history":[{"count":0,"href":"https:\/\/cdnoticias.com\/index.php\/wp-json\/wp\/v2\/posts\/177195\/revisions"}],"wp:featuredmedia":[{"embeddable":true,"href":"https:\/\/cdnoticias.com\/index.php\/wp-json\/wp\/v2\/media\/177199"}],"wp:attachment":[{"href":"https:\/\/cdnoticias.com\/index.php\/wp-json\/wp\/v2\/media?parent=177195"}],"wp:term":[{"taxonomy":"category","embeddable":true,"href":"https:\/\/cdnoticias.com\/index.php\/wp-json\/wp\/v2\/categories?post=177195"},{"taxonomy":"post_tag","embeddable":true,"href":"https:\/\/cdnoticias.com\/index.php\/wp-json\/wp\/v2\/tags?post=177195"}],"curies":[{"name":"wp","href":"https:\/\/api.w.org\/{rel}","templated":true}]}}