{"id":177192,"date":"2025-07-18T18:35:38","date_gmt":"2025-07-18T21:35:38","guid":{"rendered":"https:\/\/cdnoticias.com\/?p=177192"},"modified":"2025-07-18T18:35:40","modified_gmt":"2025-07-18T21:35:40","slug":"el-gobierno-apelara-el-fallo-que-suspende-la-disolucion-de-vialidad-nacional","status":"publish","type":"post","link":"https:\/\/cdnoticias.com\/index.php\/2025\/07\/18\/el-gobierno-apelara-el-fallo-que-suspende-la-disolucion-de-vialidad-nacional\/","title":{"rendered":"El Gobierno apelar\u00e1 el fallo que suspende la disoluci\u00f3n de Vialidad Nacional"},"content":{"rendered":"\n<p>Lo inform\u00f3 el vocero presidencial, Manuel Adorni. Las declaraciones surgen luego de que la jueza Martina Forns suspendi\u00f3 por seis meses cualquier acto administrativo que derive del decreto.&nbsp;<\/p>\n\n\n\n<hr class=\"wp-block-separator aligncenter has-alpha-channel-opacity\"\/>\n\n\n\n<p>El <strong>Gobierno nacional<\/strong> inform\u00f3 que <strong>apelar\u00e1 el fallo judicial que suspende la disoluci\u00f3n de Vialidad Nacional,<\/strong> anuncio que se hizo en los \u00faltimos d\u00edas.<\/p>\n\n\n\n<p><\/p>\n\n\n\n<p>Lo inform\u00f3 el vocero presidencial, Manuel Adorni. <strong><em>\u201cEl Gobierno apelar\u00e1 la suspensi\u00f3n del decreto que determina la disoluci\u00f3n de Vialidad Nacional. Fin\u201d,<\/em><\/strong> poste\u00f3 el funcionario en su cuenta de X.<\/p>\n\n\n\n<p><\/p>\n\n\n\n<p>Las declaraciones de Adorni surgen luego de que<a href=\"https:\/\/cdnoticias.com\/index.php\/2025\/07\/17\/la-justicia-suspendio-el-decreto-de-milei-que-disuelve-vialidad-nacional\/\" target=\"_blank\" rel=\"noreferrer noopener\"> la jueza en lo Civil y Comercial y Contencioso Administrativo de San Mart\u00edn, Martina Forns, suspendi\u00f3 por seis meses cualquier acto administrativo que derive del Decreto que resolvi\u00f3 disolver Vialidad Nacional<\/a>, al hacer lugar a una medida cautelar del gremio Sevina.<\/p>\n\n\n\n<p><\/p>\n\n\n\n<p>La magistrada hizo lugar parcialmente a la cautelar de no innovar y orden\u00f3 al Estado Nacional y al Poder Ejecutivo que se<strong> abstenga de \u201cejecutar cualquier acto administrativo, que derive\u201d<\/strong> <strong>del decreto 461\/2025 <\/strong>del 8 de julio pasado, que dispuso la disoluci\u00f3n de la Direcci\u00f3n Nacional de Vialidad.<\/p>\n\n\n\n<p><\/p>\n\n\n\n<blockquote class=\"wp-block-quote is-layout-flow wp-block-quote-is-layout-flow\">\n<p>El gobierno de Javier Milei no podr\u00e1 disponer \u201creubicaciones, traslados, cesant\u00edas, suspensiones, pases a disponibilidad de personal o supresi\u00f3n de estructuras vinculadas a la Direcci\u00f3n Nacional de Vialidad\u201d.<\/p>\n<\/blockquote>\n\n\n\n<p><\/p>\n\n\n\n<p><em>\u201cTeniendo en cuenta que en esta etapa preliminar del proceso, donde se verifican circunstancias graves y objetivas, permiten justificar el dictado de una medida cautelar de no innovar, a fin de evitar perjuicios irreparables y preservar el statu quo hasta tanto se resuelva la cuesti\u00f3n de fondo\u201d<\/em>, afirm\u00f3 la sentencia.<\/p>\n\n\n\n<p><\/p>\n\n\n\n<p>La magistrada argument\u00f3 que tanto la Constituci\u00f3n Nacional como los convenios de la Organizaci\u00f3n Internacional del Trabajo (OIT) \u201ccon jerarqu\u00eda constitucional -en particular los Convenios N.\u00ba 87, 98 y 151- impiden al Estado, en su rol concurrente de empleador y regulador, alterar de manera unilateral condiciones de trabajo que han sido establecidas por norma colectiva con plena vigencia\u201d.<\/p>\n\n\n\n<p><\/p>\n\n\n\n<p><em>Fuente: DIB<\/em><\/p>\n\n\n\n<p><\/p>\n","protected":false},"excerpt":{"rendered":"<p>Lo inform\u00f3 el vocero presidencial, Manuel Adorni. Las declaraciones surgen luego de que la jueza Martina Forns suspendi\u00f3 por seis<\/p>\n","protected":false},"author":6,"featured_media":177193,"comment_status":"closed","ping_status":"closed","sticky":false,"template":"","format":"standard","meta":{"_jetpack_memberships_contains_paid_content":false,"footnotes":""},"categories":[6,1],"tags":[],"class_list":["post-177192","post","type-post","status-publish","format-standard","has-post-thumbnail","hentry","category-nacionales","category-portada"],"jetpack_featured_media_url":"https:\/\/i0.wp.com\/cdnoticias.com\/wp-content\/uploads\/2025\/07\/ruta-cereal.jpg?fit=650%2C424&ssl=1","jetpack_sharing_enabled":true,"_links":{"self":[{"href":"https:\/\/cdnoticias.com\/index.php\/wp-json\/wp\/v2\/posts\/177192","targetHints":{"allow":["GET"]}}],"collection":[{"href":"https:\/\/cdnoticias.com\/index.php\/wp-json\/wp\/v2\/posts"}],"about":[{"href":"https:\/\/cdnoticias.com\/index.php\/wp-json\/wp\/v2\/types\/post"}],"author":[{"embeddable":true,"href":"https:\/\/cdnoticias.com\/index.php\/wp-json\/wp\/v2\/users\/6"}],"replies":[{"embeddable":true,"href":"https:\/\/cdnoticias.com\/index.php\/wp-json\/wp\/v2\/comments?post=177192"}],"version-history":[{"count":0,"href":"https:\/\/cdnoticias.com\/index.php\/wp-json\/wp\/v2\/posts\/177192\/revisions"}],"wp:featuredmedia":[{"embeddable":true,"href":"https:\/\/cdnoticias.com\/index.php\/wp-json\/wp\/v2\/media\/177193"}],"wp:attachment":[{"href":"https:\/\/cdnoticias.com\/index.php\/wp-json\/wp\/v2\/media?parent=177192"}],"wp:term":[{"taxonomy":"category","embeddable":true,"href":"https:\/\/cdnoticias.com\/index.php\/wp-json\/wp\/v2\/categories?post=177192"},{"taxonomy":"post_tag","embeddable":true,"href":"https:\/\/cdnoticias.com\/index.php\/wp-json\/wp\/v2\/tags?post=177192"}],"curies":[{"name":"wp","href":"https:\/\/api.w.org\/{rel}","templated":true}]}}