{"id":177181,"date":"2025-07-18T17:35:00","date_gmt":"2025-07-18T20:35:00","guid":{"rendered":"https:\/\/cdnoticias.com\/?p=177181"},"modified":"2025-07-18T17:35:13","modified_gmt":"2025-07-18T20:35:13","slug":"leticia-ester-rodriguez-viuda-de-rodriguez-q-e-p-d","status":"publish","type":"post","link":"https:\/\/cdnoticias.com\/index.php\/2025\/07\/18\/leticia-ester-rodriguez-viuda-de-rodriguez-q-e-p-d\/","title":{"rendered":"Leticia Ester Rodr\u00edguez viuda de Rodr\u00edguez (Q.E.P.D.)"},"content":{"rendered":"\n<p>Falleci\u00f3 en Olavarr\u00eda el 18 de julio de 2025 a los 84 a\u00f1os.<\/p>\n\n\n\n<p>Sus hijos: Gustavo y Ver\u00f3nica Rodr\u00edguez. Sus hijos pol\u00edticos: Rosi y Carlitos. Sus nietos, bisnietos y dem\u00e1s deudos participan su fallecimiento.<\/p>\n\n\n\n<p>Velatorio:Espa\u00f1a 2942, Departamento &#8221; D &#8220;. Comienza a las 19 horas y cierra a las 22 horas. Reabre 8:00 horas. No se realiza responso. Inhumaci\u00f3n: Cementerio Loma de Paz, s\u00e1bado 19 de julio a las 10:30. Servicio adherido a Coopelectric.&nbsp;<\/p>\n\n\n\n<p>Barrio en el que viv\u00eda: Sarmiento.<\/p>\n\n\n\n<p>Lugar de nacimiento: Olavarr\u00eda.<\/p>\n\n\n\n<p>Actividad que desarrollaba: Jubilada y Pensionada.<\/p>\n\n\n\n<p><\/p>\n","protected":false},"excerpt":{"rendered":"<p>Falleci\u00f3 en Olavarr\u00eda el 18 de julio de 2025 a los 84 a\u00f1os. Sus hijos: Gustavo y Ver\u00f3nica Rodr\u00edguez. Sus<\/p>\n","protected":false},"author":6,"featured_media":100390,"comment_status":"closed","ping_status":"closed","sticky":false,"template":"","format":"standard","meta":{"_jetpack_memberships_contains_paid_content":false,"footnotes":""},"categories":[10],"tags":[],"class_list":["post-177181","post","type-post","status-publish","format-standard","has-post-thumbnail","hentry","category-necrologicas"],"jetpack_featured_media_url":"https:\/\/i0.wp.com\/cdnoticias.com\/wp-content\/uploads\/2023\/10\/necrologicas-390-x-240.jpg?fit=390%2C240&ssl=1","jetpack_sharing_enabled":true,"_links":{"self":[{"href":"https:\/\/cdnoticias.com\/index.php\/wp-json\/wp\/v2\/posts\/177181","targetHints":{"allow":["GET"]}}],"collection":[{"href":"https:\/\/cdnoticias.com\/index.php\/wp-json\/wp\/v2\/posts"}],"about":[{"href":"https:\/\/cdnoticias.com\/index.php\/wp-json\/wp\/v2\/types\/post"}],"author":[{"embeddable":true,"href":"https:\/\/cdnoticias.com\/index.php\/wp-json\/wp\/v2\/users\/6"}],"replies":[{"embeddable":true,"href":"https:\/\/cdnoticias.com\/index.php\/wp-json\/wp\/v2\/comments?post=177181"}],"version-history":[{"count":0,"href":"https:\/\/cdnoticias.com\/index.php\/wp-json\/wp\/v2\/posts\/177181\/revisions"}],"wp:featuredmedia":[{"embeddable":true,"href":"https:\/\/cdnoticias.com\/index.php\/wp-json\/wp\/v2\/media\/100390"}],"wp:attachment":[{"href":"https:\/\/cdnoticias.com\/index.php\/wp-json\/wp\/v2\/media?parent=177181"}],"wp:term":[{"taxonomy":"category","embeddable":true,"href":"https:\/\/cdnoticias.com\/index.php\/wp-json\/wp\/v2\/categories?post=177181"},{"taxonomy":"post_tag","embeddable":true,"href":"https:\/\/cdnoticias.com\/index.php\/wp-json\/wp\/v2\/tags?post=177181"}],"curies":[{"name":"wp","href":"https:\/\/api.w.org\/{rel}","templated":true}]}}