{"id":17718,"date":"2021-04-01T15:45:34","date_gmt":"2021-04-01T18:45:34","guid":{"rendered":"http:\/\/www.centraldenoticias.com.ar\/?p=17718"},"modified":"2021-04-01T15:45:34","modified_gmt":"2021-04-01T18:45:34","slug":"radicales-en-juntos-por-el-cambio-afirman-que-fue-deficitaria-la-rendicion-de-cuentas-firmada-por-galli","status":"publish","type":"post","link":"https:\/\/cdnoticias.com\/index.php\/2021\/04\/01\/radicales-en-juntos-por-el-cambio-afirman-que-fue-deficitaria-la-rendicion-de-cuentas-firmada-por-galli\/","title":{"rendered":"Radicales en Juntos por el Cambio afirman que fue deficitaria la Rendici\u00f3n de Cuentas firmada por Galli"},"content":{"rendered":"<p>Plantearon datos \u201csesgados\u201d y que el ejercicio 2020, en cambio, habr\u00eda sido negativo en m\u00e1s de 38 millones de pesos.<!--more--><\/p>\n<hr \/>\n<p>D\u00edas atr\u00e1s se comunic\u00f3 desde el Municipio que <a href=\"https:\/\/cdnoticias.com\/index.php\/2021\/03\/30\/galli-firmo-la-rendicion-de-cuentas-afirman-un-superavit-de-mas-de-132-millones-de-pesos\/\" target=\"_blank\" rel=\"noopener\">el intendente Ezequiel Galli hab\u00eda firmado la rendici\u00f3n de cuentas del per\u00edodo 2020<\/a>, que horas m\u00e1s tarde iba a ser presentada ante el Concejo Deliberante. <strong>El dato sobresaliente fue que se afirm\u00f3 un super\u00e1vit de m\u00e1s de 132 millones de pesos.<\/strong><\/p>\n<p>&nbsp;<\/p>\n<p>La novedad ahora est\u00e1 dada en el contrapunto manifestado desde Radicales en Juntos por el Cambio, m\u00e1s precisamente por Celeste Arouxet y Guillermo Lascano, quienes <strong>difundieron un comunicado en el que contradicen al jefe comunal, al punto de afirmar que el ejercicio termin\u00f3 con saldo \u201cnegativo\u201d.<\/strong><\/p>\n<p>&nbsp;<\/p>\n<p><img data-recalc-dims=\"1\" loading=\"lazy\" decoding=\"async\" class=\"alignnone size-full wp-image-17719\" src=\"https:\/\/i0.wp.com\/cdnoticias.com\/wp-content\/uploads\/2021\/04\/grafico-jxc1.jpg?resize=480%2C123&#038;ssl=1\" alt=\"\" width=\"480\" height=\"123\" srcset=\"https:\/\/i0.wp.com\/cdnoticias.com\/wp-content\/uploads\/2021\/04\/grafico-jxc1.jpg?w=480&amp;ssl=1 480w, https:\/\/i0.wp.com\/cdnoticias.com\/wp-content\/uploads\/2021\/04\/grafico-jxc1.jpg?resize=300%2C77&amp;ssl=1 300w\" sizes=\"auto, (max-width: 480px) 100vw, 480px\" \/><\/p>\n<p>&nbsp;<\/p>\n<p>\u201cA ese resultado si le descontamos la ayuda financiera que recibi\u00f3 de provincia, el saldo inicial de caja y Bancos y el Servicio de la Deuda (el pago de la deuda), <strong>se transforma en negativo por $38.700.545,83<\/strong>\u201d, se enfatiz\u00f3. \u201cSi bien reconocemos que la performance fue mejor que la del ejercicio 2019 donde el d\u00e9ficit fue de $ 354.650.773,27 y con el agregado del servicio de la deuda ascendi\u00f3 a los $523.479.954,46, <strong>a\u00fan estamos muy lejos de lo que deseamos para el futuro de los olavarrienses<\/strong>\u201d, agregaron.<\/p>\n<p>&nbsp;<\/p>\n<p>\u201cVolviendo al anuncio del intendente, debemos recordar que <strong>el municipio obtuvo un ahorro en inversi\u00f3n en obras p\u00fablicas que no se llev\u00f3 a cabo, por $415.609.500<\/strong>. Es decir, que desde este espacio esper\u00e1bamos una verdadero super\u00e1vit cercano a los 400 millones de pesos\u201d, continua el escrito que cuenta con detalles y cifras acerca de cada uno de estos apartados.<\/p>\n<p>&nbsp;<\/p>\n<p><img data-recalc-dims=\"1\" loading=\"lazy\" decoding=\"async\" class=\"alignnone size-full wp-image-17720\" src=\"https:\/\/i0.wp.com\/cdnoticias.com\/wp-content\/uploads\/2021\/04\/grafico-jxc2.jpg?resize=488%2C123&#038;ssl=1\" alt=\"\" width=\"488\" height=\"123\" srcset=\"https:\/\/i0.wp.com\/cdnoticias.com\/wp-content\/uploads\/2021\/04\/grafico-jxc2.jpg?w=488&amp;ssl=1 488w, https:\/\/i0.wp.com\/cdnoticias.com\/wp-content\/uploads\/2021\/04\/grafico-jxc2.jpg?resize=300%2C76&amp;ssl=1 300w\" sizes=\"auto, (max-width: 488px) 100vw, 488px\" \/><\/p>\n<p>&nbsp;<\/p>\n<p>La pandemia tambi\u00e9n es abordada en el escrito enviado a los medios locales. \u201cLa pandemia fue un cisne negro que nadie pudo prever y sabemos del esfuerzo que llevan adelante el intendente y todo su gabinete, sobre todo, el \u00e1rea de salud. Pero lo que s\u00ed se podr\u00eda haber hecho,<strong> si hubiese una gesti\u00f3n ordenada pre &#8211; pandemia, es haber asignado esa partida presupuestaria de 415.609.500 a ampliar la cantidad de camas en terapia y esperar la segunda ola sin tanta improvisaci\u00f3n en cuanto a infraestructura hospitalaria, en vez de utilizar ese ahorro en obras p\u00fablicas para cubrir parte del gran d\u00e9ficit del ejercicio anterior<\/strong>\u201d.<\/p>\n<p>&nbsp;<\/p>\n<p>En la continuidad del documento tambi\u00e9n se emiten planteos o cuestionamientos hacia el gobierno tanto provincial como Nacional. <strong>\u201cEl programa RTA es una decisi\u00f3n importante y una herramienta incre\u00edble que lleva adelante el intendente y que valoramos porque es la \u00fanica esperanza de la que disponemos para mitigar el impacto pand\u00e9mico, ya que a\u00fan no se cuenta, por impericias del gobierno nacional y provincial, con las vacunas suficientes para haber logrado, a estas instancias, la inmunidad del reba\u00f1o\u201d<\/strong>.<\/p>\n<p>&nbsp;<\/p>\n<blockquote><p>Tambi\u00e9n estos hechos sirven de aprendizaje a toda la dirigencia pol\u00edtica local y dimensionar el grado de importancia que tiene llevar adelante una gesti\u00f3n ordenada.<\/p><\/blockquote>\n<p>&nbsp;<\/p>\n<p>Tambi\u00e9n merece su menci\u00f3n el apartado con respecto a la proyecci\u00f3n que realizan desde el espacio tanto sobre el avance del virus como sus consecuencias inmediatas. <strong>\u201cLamentablemente, con estos niveles de contagios, es esperar que el sistema de salud local alcance niveles de ocupaci\u00f3n nunca vistos y se deber\u00e1 recurrir previamente a decisiones de restricci\u00f3n mucho m\u00e1s importantes que nuestro sistema productivo y comercial no soportaran en el corto plazo, con todas las consecuencias que ello acarrea\u201d<\/strong>.<\/p>\n<p>&nbsp;<\/p>\n<p><strong>\u201cEn estos d\u00edas se prendieron todas las alarmas y debemos tomar decisiones responsables. En lo personal sugerimos no delegar en el otro nuestro cuidado y focalizar todas nuestras energ\u00edas en cuidarse y cuidar a nuestro entorno\u201d<\/strong>, concluyeron.<\/p>\n","protected":false},"excerpt":{"rendered":"<p>Plantearon datos \u201csesgados\u201d y que el ejercicio 2020, en cambio, habr\u00eda sido negativo en m\u00e1s de 38 millones de pesos.<\/p>\n","protected":false},"author":3,"featured_media":8629,"comment_status":"closed","ping_status":"closed","sticky":false,"template":"","format":"standard","meta":{"_jetpack_memberships_contains_paid_content":false,"footnotes":""},"categories":[4,1],"tags":[],"class_list":["post-17718","post","type-post","status-publish","format-standard","has-post-thumbnail","hentry","category-politica","category-portada"],"jetpack_featured_media_url":"https:\/\/i0.wp.com\/cdnoticias.com\/wp-content\/uploads\/2020\/12\/WhatsApp-Image-2020-12-10-at-10.29.07.jpeg?fit=1040%2C780&ssl=1","jetpack_sharing_enabled":true,"_links":{"self":[{"href":"https:\/\/cdnoticias.com\/index.php\/wp-json\/wp\/v2\/posts\/17718","targetHints":{"allow":["GET"]}}],"collection":[{"href":"https:\/\/cdnoticias.com\/index.php\/wp-json\/wp\/v2\/posts"}],"about":[{"href":"https:\/\/cdnoticias.com\/index.php\/wp-json\/wp\/v2\/types\/post"}],"author":[{"embeddable":true,"href":"https:\/\/cdnoticias.com\/index.php\/wp-json\/wp\/v2\/users\/3"}],"replies":[{"embeddable":true,"href":"https:\/\/cdnoticias.com\/index.php\/wp-json\/wp\/v2\/comments?post=17718"}],"version-history":[{"count":0,"href":"https:\/\/cdnoticias.com\/index.php\/wp-json\/wp\/v2\/posts\/17718\/revisions"}],"wp:featuredmedia":[{"embeddable":true,"href":"https:\/\/cdnoticias.com\/index.php\/wp-json\/wp\/v2\/media\/8629"}],"wp:attachment":[{"href":"https:\/\/cdnoticias.com\/index.php\/wp-json\/wp\/v2\/media?parent=17718"}],"wp:term":[{"taxonomy":"category","embeddable":true,"href":"https:\/\/cdnoticias.com\/index.php\/wp-json\/wp\/v2\/categories?post=17718"},{"taxonomy":"post_tag","embeddable":true,"href":"https:\/\/cdnoticias.com\/index.php\/wp-json\/wp\/v2\/tags?post=17718"}],"curies":[{"name":"wp","href":"https:\/\/api.w.org\/{rel}","templated":true}]}}