{"id":177176,"date":"2025-07-18T20:23:24","date_gmt":"2025-07-18T23:23:24","guid":{"rendered":"https:\/\/cdnoticias.com\/?p=177176"},"modified":"2025-07-19T18:12:53","modified_gmt":"2025-07-19T21:12:53","slug":"olavarria-en-vacaciones-de-invierno-la-cultura-es-un-derecho-al-disfrute","status":"publish","type":"post","link":"https:\/\/cdnoticias.com\/index.php\/2025\/07\/18\/olavarria-en-vacaciones-de-invierno-la-cultura-es-un-derecho-al-disfrute\/","title":{"rendered":"Olavarr\u00eda en Vacaciones de Invierno: \u201cLa cultura es un derecho al disfrute\u201d\u00a0"},"content":{"rendered":"\n<p> La subsecretaria de Cultura del Municipio, Sof\u00eda Ar\u00e9valo dialog\u00f3 con este medio para contar m\u00e1s detalles del cronograma de actividades destinadas para toda la familia con especial \u00e9nfasis en ni\u00f1eces y adultos mayores.&nbsp;<\/p>\n\n\n\n<p><\/p>\n\n\n\n<p>Comenzaron las<strong> vacaciones de invierno en todo el pa\u00eds<\/strong> y en nuestra ciudad se comparti\u00f3 un<strong> cronograma de actividades para toda la familia con m\u00e1s de 130 propuestas que durar\u00e1n todo el receso invernal.\u00a0<\/strong><\/p>\n\n\n\n<p><\/p>\n\n\n\n<p>El cronograma <strong>se inici\u00f3 este viernes 18 de julio y se extender\u00e1 hasta el domingo 3 de agosto,<\/strong> con variadas opciones en los distintos espacios municipales de la ciudad y localidades del Partido de Olavarr\u00eda.<\/p>\n\n\n\n<p><\/p>\n\n\n\n<blockquote class=\"wp-block-quote is-layout-flow wp-block-quote-is-layout-flow\">\n<p>Las actividades se desarrollar\u00e1n en el Polo Educativo y Recreativo \u201cLa M\u00e1xima\u201d, Museo de las Ciencias, Centro Cultural \u201cSan Jos\u00e9\u201d, Museo Emiliozzi, Museo D\u00e1maso Arce, Museos Municipales de los Pueblos, Teatro Municipal, Casa del Bicentenario, Parques, Sociedades de Fomento y Centros de Atenci\u00f3n Primaria de la Salud.<\/p>\n<\/blockquote>\n\n\n\n<p><\/p>\n\n\n\n<p><strong><em>Central de Noticias <\/em><\/strong>dialog\u00f3 con la <strong>subsecretaria de Cultura del Municipio, Sof\u00eda Ar\u00e9val<\/strong>o quien cont\u00f3 m\u00e1s detalles del cronograma de actividades destinadas para toda la familia con <strong>especial \u00e9nfasis en ni\u00f1eces y adultos mayores.<\/strong><\/p>\n\n\n\n<p><\/p>\n\n\n\n<p>\u201cEste a\u00f1o estamos igualando un poco lo que realizamos el a\u00f1o pasado, pero<strong> sumando m\u00e1s \u00e1reas y armamos un cronograma en conjunto<\/strong>. Por eso se llama \u201cOlavarr\u00eda en Vacaciones\u201d, no lo enmarcamos solo en cultura\u201d expres\u00f3 Ar\u00e9valo.\u00a0Asimismo, detall\u00f3 que las \u00e1reas de este a\u00f1o son <strong>Deportes, Discapacidad, Cultura, Adultos Mayores y Desarrollo Econ\u00f3mico con el \u00e1rea de Turismo.\u00a0<\/strong><\/p>\n\n\n\n<p><\/p>\n\n\n\n<p><em>\u201cLo pensamos en conjunto y no en trabajar por separado, sino de crear una agenda. La idea es poder trabajar en conjunto y que no se genere una agenda donde hay cosas en todos lados y al final nos terminamos pisando entre todos, as\u00ed todos tenemos una misma l\u00ednea. La idea es que estamos unificando alg\u00fan criterio para que no sea una agenda individual de cada \u00e1rea, sino que haya una organizaci\u00f3n desde el principio\u201d <\/em>cont\u00f3 sobre la decisi\u00f3n de unificar las \u00e1reas.\u00a0<\/p>\n\n\n\n<p><\/p>\n\n\n\n<blockquote class=\"wp-block-quote is-layout-flow wp-block-quote-is-layout-flow\">\n<p>A horas del fin de semana \u201cla verdad que las expectativas son muchas. Nos han estado consultando esta semana donde pod\u00edan encontrar el cronograma. Vemos que la expectativa de la gente est\u00e1 porque el a\u00f1o pasado tuvimos una linda agenda y este a\u00f1o se vuelve a repetir\u201d destac\u00f3 la subsecretaria de Cultura.\u00a0<\/p>\n<\/blockquote>\n\n\n\n<p><\/p>\n\n\n\n<p>\u201cLas <strong>actividades son todas gratuitas <\/strong>para que<strong> todos tengan acceso<\/strong>. Esto es bien recibido porque<strong> la cultura es un derecho al disfrute<\/strong>, a que cada persona pueda tener ese ratito para llevar a sus hijos o ir a una familia y que sea gratis en el contexto en el que estamos en el pa\u00eds\u201d remarc\u00f3.\u00a0<\/p>\n\n\n\n<p><\/p>\n\n\n\n<p>La <strong>inauguraci\u00f3n oficial <\/strong>del cronograma de vacaciones de invierno <strong>se realiz\u00f3 este viernes 18 de julio<\/strong> con la apertura de la <a href=\"https:\/\/cdnoticias.com\/index.php\/2025\/07\/17\/inaugura-la-muestra-mundos-para-mirar-de-cerca-en-el-museo-damaso-arce\/\" target=\"_blank\" rel=\"noreferrer noopener\">inauguraci\u00f3n de la muestra que en el D\u00e1maso Arce,<\/a> mientras que el cierre ser\u00e1 en la <strong>Casa del Bicentenario el 3 de agosto.\u00a0<\/strong><\/p>\n\n\n\n<p><\/p>\n\n\n\n<blockquote class=\"wp-block-quote is-layout-flow wp-block-quote-is-layout-flow\">\n<p>En la misma l\u00ednea, Ar\u00e9valo destac\u00f3 que \u201cen el receso invernal pensamos en todos pero sobre todo en las infancias y en los adultos mayores por esto de que tal vez el receso invernal es m\u00e1s para las escuelas. Con las infancias que van a hacer actividades muchas veces nos encontramos que son los abuelos o otros familiares que los que llevan\u201d.\u00a0<\/p>\n<\/blockquote>\n\n\n\n<p><\/p>\n\n\n\n<p>\u201cAlgunos padres tal vez paran a descansar y otros no, porque<strong> es un receso invernal de clase. <\/strong>Entonces pensamos m\u00e1s en las infancias para que tengan algo que hacer y que tal vez no tengan que quedarse en la casa encerrados con una computadora o un celular, sino que<strong> tratar de volcarlos a distintas actividades<\/strong>\u201d agreg\u00f3.\u00a0<\/p>\n\n\n\n<p><\/p>\n\n\n\n<p>Por \u00faltimo cerr\u00f3: \u201c<strong><em>Aportar ese derecho al juego, ese derecho al disfrute de la actividad es importante. Con la cultura hacemos eso y lo vemos tambi\u00e9n como un trabajo porque est\u00e1 toda esta gente con artistas locales, que es su trabajo y que est\u00e1n ah\u00ed bancando\u201d.\u00a0\u00a0<\/em><\/strong><\/p>\n\n\n\n<p><\/p>\n\n\n\n<p class=\"has-medium-font-size\"><strong>Cronograma de este fin de semana <\/strong><\/p>\n\n\n\n<p><strong>Viernes 18 de julio<\/strong><\/p>\n\n\n\n<ul class=\"wp-block-list\">\n<li>17:00 horas. Inauguraci\u00f3n muestra \u201cMundos para mirar de cerca\u201d. Museo D\u00e1maso Arce (San Mart\u00edn 2862).<\/li>\n\n\n\n<li>20:30 horas. Ciclo de Cine de terror argentino: \u201cAbrakadabra\u201d (+18 a\u00f1os). Centro Cultural \u201cSan Jos\u00e9\u201d (Riobamba 2949).<\/li>\n<\/ul>\n\n\n\n<p><strong>S\u00e1bado 19 de julio<\/strong><\/p>\n\n\n\n<ul class=\"wp-block-list\">\n<li>15:00 horas. Taller de fanzines para toda la familia. Cupos limitados. <a href=\"https:\/\/pem.olavarria.gov.ar\/sistema-formularios\/#\/form\/7rKE3PBaB4\/1vyEw5Llex\" target=\"_blank\" rel=\"noreferrer noopener\">Inscripci\u00f3n previa ac\u00e1.<\/a> Centro Cultural \u201cSan Jos\u00e9\u201d (Riobamba 2949).<\/li>\n\n\n\n<li>14 a 17 horas. Caminata guiada por Sierras Bayas. \u201cAventura con historia\u201d. Cupos limitados. <a href=\"https:\/\/docs.google.com\/forms\/d\/e\/1FAIpQLSeX39o8Lww9J-hysM3QswB0NKhR_65h1avt4QDL46B8jI7drw\/viewform\" target=\"_blank\" rel=\"noreferrer noopener\">Inscripci\u00f3n previa ac\u00e1.<\/a> Oficina de Turismo de Sierras Bayas.<\/li>\n\n\n\n<li>14:30 a 17:00 horas. Recital de ensambles de estudiantes y docentes de la Escuela Municipal de M\u00fasica \u201cHnos. Rossi\u201d. Museo de las Ciencias \u2013 Polo Educativo y Recreativo \u201cLa M\u00e1xima\u201d (Pellegrini 4200).<\/li>\n<\/ul>\n\n\n\n<p><strong>Domingo 20 de julio<\/strong><\/p>\n\n\n\n<ul class=\"wp-block-list\">\n<li>15:00 a 17:00 horas. Taller de Dibujo Infantil. De 6 a 11 a\u00f1os. Centro Cultural San Jos\u00e9 Riobamba 2949.<\/li>\n\n\n\n<li>15:00 a 17:00 horas. Taller Literario Infantil. Cupos limitados. Por orden de llegada. Museo de las Ciencias \u2013 Polo Educativo y Recreativo \u201cLa M\u00e1xima\u201d \u2013 Pellegrini 4200.<\/li>\n\n\n\n<li>15:00 a 17:00 horas. Teatro: Tem\u00e1tica Bullying. Escenas representadas por estudiantes de la Escuela Municipal de Teatro. Polo Educativo y Recreativo \u201cLa M\u00e1xima\u201d (avenida Pellegrini 4200).<\/li>\n<\/ul>\n\n\n\n<p><strong>Lunes 21 de julio<\/strong><\/p>\n\n\n\n<ul class=\"wp-block-list\">\n<li>14:00 a 15:00 y 15:30 a 16:30 horas. Taller sobre ADN en el Laboratorio. \u201cDescubre tu c\u00f3digo Secreto\u201d. Cupos limitados. <a href=\"https:\/\/pem.olavarria.gov.ar\/sistema-formularios\/#\/form\/K0QlXJ2Ew7\" target=\"_blank\" rel=\"noreferrer noopener\">Inscripci\u00f3n previa ac\u00e1.<\/a> Museo de las Ciencias \u2013 Polo Educativo y Recreativo \u201cLa M\u00e1xima\u201d (avenida Pellegrini 4200).<\/li>\n\n\n\n<li>14:00 a 17:00 horas. Taller \u201cLaboratorio creativo para aprender jugando\u201d (para todas las edades). Centro Interdisciplinario de Innovaci\u00f3n Tecnol\u00f3gica \u2013 Polo Educativo y Recreativo \u201cLa M\u00e1xima\u201d \u2013 Pellegrini 4200.<\/li>\n\n\n\n<li>15:00 a 17:00 horas. Taller de Dibujo Infantil (de 6 a 11 a\u00f1os). Centro Cultural San Jos\u00e9 (Riobamba 2949).<\/li>\n<\/ul>\n\n\n\n<p><\/p>\n","protected":false},"excerpt":{"rendered":"<p>La subsecretaria de Cultura del Municipio, Sof\u00eda Ar\u00e9valo dialog\u00f3 con este medio para contar m\u00e1s detalles del cronograma de actividades<\/p>\n","protected":false},"author":6,"featured_media":177179,"comment_status":"closed","ping_status":"closed","sticky":false,"template":"","format":"standard","meta":{"_jetpack_memberships_contains_paid_content":false,"footnotes":""},"categories":[9,1],"tags":[],"class_list":["post-177176","post","type-post","status-publish","format-standard","has-post-thumbnail","hentry","category-cultura","category-portada"],"jetpack_featured_media_url":"https:\/\/i0.wp.com\/cdnoticias.com\/wp-content\/uploads\/2025\/07\/vacaciones-de-invierno-nota.webp?fit=1000%2C556&ssl=1","jetpack_sharing_enabled":true,"_links":{"self":[{"href":"https:\/\/cdnoticias.com\/index.php\/wp-json\/wp\/v2\/posts\/177176","targetHints":{"allow":["GET"]}}],"collection":[{"href":"https:\/\/cdnoticias.com\/index.php\/wp-json\/wp\/v2\/posts"}],"about":[{"href":"https:\/\/cdnoticias.com\/index.php\/wp-json\/wp\/v2\/types\/post"}],"author":[{"embeddable":true,"href":"https:\/\/cdnoticias.com\/index.php\/wp-json\/wp\/v2\/users\/6"}],"replies":[{"embeddable":true,"href":"https:\/\/cdnoticias.com\/index.php\/wp-json\/wp\/v2\/comments?post=177176"}],"version-history":[{"count":0,"href":"https:\/\/cdnoticias.com\/index.php\/wp-json\/wp\/v2\/posts\/177176\/revisions"}],"wp:featuredmedia":[{"embeddable":true,"href":"https:\/\/cdnoticias.com\/index.php\/wp-json\/wp\/v2\/media\/177179"}],"wp:attachment":[{"href":"https:\/\/cdnoticias.com\/index.php\/wp-json\/wp\/v2\/media?parent=177176"}],"wp:term":[{"taxonomy":"category","embeddable":true,"href":"https:\/\/cdnoticias.com\/index.php\/wp-json\/wp\/v2\/categories?post=177176"},{"taxonomy":"post_tag","embeddable":true,"href":"https:\/\/cdnoticias.com\/index.php\/wp-json\/wp\/v2\/tags?post=177176"}],"curies":[{"name":"wp","href":"https:\/\/api.w.org\/{rel}","templated":true}]}}