{"id":177167,"date":"2025-07-18T17:07:08","date_gmt":"2025-07-18T20:07:08","guid":{"rendered":"https:\/\/cdnoticias.com\/?p=177167"},"modified":"2025-07-19T10:23:53","modified_gmt":"2025-07-19T13:23:53","slug":"inauguracion-de-las-nuevas-obras-de-ampliacion-de-la-escuela-secundaria-n-o-18","status":"publish","type":"post","link":"https:\/\/cdnoticias.com\/index.php\/2025\/07\/18\/inauguracion-de-las-nuevas-obras-de-ampliacion-de-la-escuela-secundaria-n-o-18\/","title":{"rendered":"Inauguraci\u00f3n de las nuevas obras de ampliaci\u00f3n de la Escuela Secundaria N.\u00ba 18"},"content":{"rendered":"\n<p>\u201cCreemos en el rol del Estado, en la pol\u00edtica como herramienta de transformaci\u00f3n y creemos en la educaci\u00f3n p\u00fablica\u201d, expres\u00f3 visiblemente emocionado el intendente Wesner.<\/p>\n\n\n\n<hr class=\"wp-block-separator aligncenter has-alpha-channel-opacity\"\/>\n\n\n\n<p>En la ma\u00f1ana de este viernes, el <strong>intendente Maximiliano Wesner<\/strong>, acompa\u00f1ado por docentes, estudiantes y familias, <strong>dej\u00f3 inaugurada la obra de reforma y ampliaci\u00f3n de la Escuela Secundaria N\u00b0 18,<\/strong> ubicada en el barrio Lourdes.<\/p>\n\n\n\n<p><\/p>\n\n\n\n<p><em>\u201cEsta obra tiene otro sentido que va m\u00e1s all\u00e1 de lo estrictamente material. Esta obra se sintetiza en las palabras de Kiara donde la organizaci\u00f3n estudiantil a trav\u00e9s del centro de estudiantes pudieron redactar una carta, los recib\u00ed, hicimos una reuni\u00f3n, vinimos a recorrer la escuela, vinimos con todo el equipo municipal y por eso me emociono y mucho porque creo en la articulaci\u00f3n permanente\u201d <\/em>remarc\u00f3 el Intendente.\u00a0<\/p>\n\n\n\n<p><\/p>\n\n\n\n<blockquote class=\"wp-block-quote is-layout-flow wp-block-quote-is-layout-flow\">\n<p>\u201cCreemos en el rol del Estado, en la pol\u00edtica como herramienta de transformaci\u00f3n y creemos en la educaci\u00f3n p\u00fablica\u201d, expres\u00f3 visiblemente emocionado Wesner.\u00a0<\/p>\n<\/blockquote>\n\n\n\n<p><\/p>\n\n\n\n<p>\u201cEsta obra sinceramente va a cobijarlos con una gran comodidad,<strong> va a mejorar la calidad educativa<\/strong>. Tuvimos la <strong>decisi\u00f3n de destinar los fondos <\/strong>para que as\u00ed sea. Esta obra tiene su historia y arrancar la gesti\u00f3n recibiendo a los pibes y a las pibas, a m\u00ed realmente me emociona, a m\u00ed, me reconforta por el sentido que le doy a la gesti\u00f3n. Sinceramente, venimos para hacer esto.<strong> Creemos en esto y por eso me levanto y nos levantamos todos los d\u00edas\u201d<\/strong>, afirm\u00f3 el jefe comunal.\u00a0<\/p>\n\n\n\n<p><\/p>\n\n\n\n<figure class=\"wp-block-image aligncenter size-full\"><img data-recalc-dims=\"1\" loading=\"lazy\" decoding=\"async\" width=\"800\" height=\"532\" src=\"https:\/\/i0.wp.com\/cdnoticias.com\/wp-content\/uploads\/2025\/07\/obras-escuela-18-pic2.jpg?resize=800%2C532&#038;ssl=1\" alt=\"\" class=\"wp-image-177172\" srcset=\"https:\/\/i0.wp.com\/cdnoticias.com\/wp-content\/uploads\/2025\/07\/obras-escuela-18-pic2.jpg?w=900&amp;ssl=1 900w, https:\/\/i0.wp.com\/cdnoticias.com\/wp-content\/uploads\/2025\/07\/obras-escuela-18-pic2.jpg?resize=300%2C199&amp;ssl=1 300w, https:\/\/i0.wp.com\/cdnoticias.com\/wp-content\/uploads\/2025\/07\/obras-escuela-18-pic2.jpg?resize=768%2C510&amp;ssl=1 768w, https:\/\/i0.wp.com\/cdnoticias.com\/wp-content\/uploads\/2025\/07\/obras-escuela-18-pic2.jpg?resize=272%2C182&amp;ssl=1 272w\" sizes=\"auto, (max-width: 800px) 100vw, 800px\" \/><\/figure>\n\n\n\n<p><\/p>\n\n\n\n<p>Adem\u00e1s, agreg\u00f3:\u00a0<em> \u201cEste corte de cinta tiene el sentido de poder articular la pol\u00edtica p\u00fablica educativa con el Consejo Escolar, con la comunidad misma, con los pibes, hay que escuchar a los pibes y pibas\u201d.\u00a0<\/em><\/p>\n\n\n\n<p><\/p>\n\n\n\n<p>Al final de su discurso, Maximiliano Wesner dijo que \u201c la Escuela 18 cobija a los<strong> barrios Trabajadores, Lourdes, Alberdi,<\/strong> tantas familias que hacen de esta comunidad, no solamente una comunidad educativa, es una comunidad que est\u00e1 anclada en este lugar de la ciudad, como lo dijo Lorena, como lo dije en el 2023, <strong>abrazar a Olavarr\u00eda de afuera para dentro. <\/strong>Eso es lo que estamos haciendo y eso es lo que vamos a continuar haciendo. <strong>Hoy es un d\u00eda de mucha alegr\u00eda\u201d.<\/strong><\/p>\n\n\n\n<p><\/p>\n\n\n\n<p>Antes de las palabras del intendente Wesner, <strong>Kiara Maica <\/strong>de cuarto a\u00f1o y la directora del establecimiento <strong>Lorena Peralta<\/strong>, brindaron unas palabras alusivas a esta fecha tan significativa para la Escuela Secundaria N\u00ba 18.<\/p>\n\n\n\n<p><\/p>\n\n\n\n<figure class=\"wp-block-image aligncenter size-full\"><img data-recalc-dims=\"1\" loading=\"lazy\" decoding=\"async\" width=\"800\" height=\"532\" src=\"https:\/\/i0.wp.com\/cdnoticias.com\/wp-content\/uploads\/2025\/07\/obras-escuela-18-pic4.jpg?resize=800%2C532&#038;ssl=1\" alt=\"\" class=\"wp-image-177170\" srcset=\"https:\/\/i0.wp.com\/cdnoticias.com\/wp-content\/uploads\/2025\/07\/obras-escuela-18-pic4.jpg?w=900&amp;ssl=1 900w, https:\/\/i0.wp.com\/cdnoticias.com\/wp-content\/uploads\/2025\/07\/obras-escuela-18-pic4.jpg?resize=300%2C199&amp;ssl=1 300w, https:\/\/i0.wp.com\/cdnoticias.com\/wp-content\/uploads\/2025\/07\/obras-escuela-18-pic4.jpg?resize=768%2C510&amp;ssl=1 768w, https:\/\/i0.wp.com\/cdnoticias.com\/wp-content\/uploads\/2025\/07\/obras-escuela-18-pic4.jpg?resize=272%2C182&amp;ssl=1 272w\" sizes=\"auto, (max-width: 800px) 100vw, 800px\" \/><\/figure>\n\n\n\n<p><\/p>\n\n\n\n<blockquote class=\"wp-block-quote is-layout-flow wp-block-quote-is-layout-flow\">\n<p>Tras los discursos, se procedi\u00f3 al descubrimiento de la placa conmemorativa de la inauguraci\u00f3n y el corte de cinta para dejar formalmente inaugurada la obra, y pasar a recorrer las nuevas instalaciones.<\/p>\n<\/blockquote>\n\n\n\n<p><\/p>\n\n\n\n<p>La obra consisti\u00f3 principalmente en la <strong>ampliaci\u00f3n del establecimiento en planta alta, la construcci\u00f3n de dos aulas, oficina, un \u00e1rea de circulaci\u00f3n redise\u00f1ada y la terminaci\u00f3n de dos sanitarios en planta baja<\/strong>. Los trabajos abarcaron una superficie total de 142,55 m2.<\/p>\n\n\n\n<p><\/p>\n\n\n\n<figure class=\"wp-block-image aligncenter size-full\"><img data-recalc-dims=\"1\" loading=\"lazy\" decoding=\"async\" width=\"800\" height=\"532\" src=\"https:\/\/i0.wp.com\/cdnoticias.com\/wp-content\/uploads\/2025\/07\/obras-escuela-18-pic1.jpg?resize=800%2C532&#038;ssl=1\" alt=\"\" class=\"wp-image-177173\" srcset=\"https:\/\/i0.wp.com\/cdnoticias.com\/wp-content\/uploads\/2025\/07\/obras-escuela-18-pic1.jpg?w=900&amp;ssl=1 900w, https:\/\/i0.wp.com\/cdnoticias.com\/wp-content\/uploads\/2025\/07\/obras-escuela-18-pic1.jpg?resize=300%2C199&amp;ssl=1 300w, https:\/\/i0.wp.com\/cdnoticias.com\/wp-content\/uploads\/2025\/07\/obras-escuela-18-pic1.jpg?resize=768%2C510&amp;ssl=1 768w, https:\/\/i0.wp.com\/cdnoticias.com\/wp-content\/uploads\/2025\/07\/obras-escuela-18-pic1.jpg?resize=272%2C182&amp;ssl=1 272w\" sizes=\"auto, (max-width: 800px) 100vw, 800px\" \/><\/figure>\n\n\n\n<p><\/p>\n\n\n\n<p>Dicha ampliaci\u00f3n se encuentra enmarcada en el plan de Infraestructura Educativa. Los trabajos comprenden desde reformas integrales, importantes remodelaciones, construcciones totalmente nuevas hasta tareas de mantenimiento de instalaciones, pinturas, arreglos de veredas y trabajos de impermeabilizaci\u00f3n.<\/p>\n\n\n\n<p><\/p>\n\n\n\n<figure class=\"wp-block-image aligncenter size-full\"><img data-recalc-dims=\"1\" loading=\"lazy\" decoding=\"async\" width=\"800\" height=\"532\" src=\"https:\/\/i0.wp.com\/cdnoticias.com\/wp-content\/uploads\/2025\/07\/obras-escuela-18-pic3.jpg?resize=800%2C532&#038;ssl=1\" alt=\"\" class=\"wp-image-177171\" srcset=\"https:\/\/i0.wp.com\/cdnoticias.com\/wp-content\/uploads\/2025\/07\/obras-escuela-18-pic3.jpg?w=900&amp;ssl=1 900w, https:\/\/i0.wp.com\/cdnoticias.com\/wp-content\/uploads\/2025\/07\/obras-escuela-18-pic3.jpg?resize=300%2C199&amp;ssl=1 300w, https:\/\/i0.wp.com\/cdnoticias.com\/wp-content\/uploads\/2025\/07\/obras-escuela-18-pic3.jpg?resize=768%2C510&amp;ssl=1 768w, https:\/\/i0.wp.com\/cdnoticias.com\/wp-content\/uploads\/2025\/07\/obras-escuela-18-pic3.jpg?resize=272%2C182&amp;ssl=1 272w\" sizes=\"auto, (max-width: 800px) 100vw, 800px\" \/><\/figure>\n\n\n\n<p><\/p>\n\n\n\n<p>La puesta en marcha de cada una de estas labores surge de un trabajo conjunto entre el Municipio y el Consejo Escolar, que permite definir prioridades y un abordaje acorde a cada una de las necesidades de cada comunidad educativa.<\/p>\n\n\n\n<p><\/p>\n\n\n\n<p>Durante el acto, el Intendente estuvo acompa\u00f1ado por la Jefa de Gabinete Mercedes Land\u00edvar, el secretario de Obras, Infraestructura y Servicios P\u00fablicos Orfel Fari\u00f1a, el presidente de Concejo Escolar Ariel Rodr\u00edguez, la inspectora Jefe Regional de Gesti\u00f3n Estatal Marta Casanella, el inspector Jefe Distrital Julio Ben\u00edtez, la directora del establecimiento Lorena Peralta, y delegaciones con representaci\u00f3n de docentes y estudiantes de la Escuela Primaria N\u00ba 6, Escuela Primaria N\u00ba 53 y Jard\u00edn N\u00ba 930.<\/p>\n\n\n\n<p><\/p>\n\n\n\n<figure class=\"wp-block-image aligncenter size-full\"><img data-recalc-dims=\"1\" loading=\"lazy\" decoding=\"async\" width=\"800\" height=\"483\" src=\"https:\/\/i0.wp.com\/cdnoticias.com\/wp-content\/uploads\/2025\/07\/obras-escuela-18.png?resize=800%2C483&#038;ssl=1\" alt=\"\" class=\"wp-image-177174\" srcset=\"https:\/\/i0.wp.com\/cdnoticias.com\/wp-content\/uploads\/2025\/07\/obras-escuela-18.png?w=887&amp;ssl=1 887w, https:\/\/i0.wp.com\/cdnoticias.com\/wp-content\/uploads\/2025\/07\/obras-escuela-18.png?resize=300%2C181&amp;ssl=1 300w, https:\/\/i0.wp.com\/cdnoticias.com\/wp-content\/uploads\/2025\/07\/obras-escuela-18.png?resize=768%2C464&amp;ssl=1 768w\" sizes=\"auto, (max-width: 800px) 100vw, 800px\" \/><\/figure>\n\n\n\n<p><\/p>\n\n\n\n<p><\/p>\n","protected":false},"excerpt":{"rendered":"<p>\u201cCreemos en el rol del Estado, en la pol\u00edtica como herramienta de transformaci\u00f3n y creemos en la educaci\u00f3n p\u00fablica\u201d, expres\u00f3<\/p>\n","protected":false},"author":6,"featured_media":177169,"comment_status":"closed","ping_status":"closed","sticky":false,"template":"","format":"standard","meta":{"_jetpack_memberships_contains_paid_content":false,"footnotes":""},"categories":[5,1],"tags":[],"class_list":["post-177167","post","type-post","status-publish","format-standard","has-post-thumbnail","hentry","category-informacion-general","category-portada"],"jetpack_featured_media_url":"https:\/\/i0.wp.com\/cdnoticias.com\/wp-content\/uploads\/2025\/07\/obras-escuela-18-pic5.jpg?fit=900%2C598&ssl=1","jetpack_sharing_enabled":true,"_links":{"self":[{"href":"https:\/\/cdnoticias.com\/index.php\/wp-json\/wp\/v2\/posts\/177167","targetHints":{"allow":["GET"]}}],"collection":[{"href":"https:\/\/cdnoticias.com\/index.php\/wp-json\/wp\/v2\/posts"}],"about":[{"href":"https:\/\/cdnoticias.com\/index.php\/wp-json\/wp\/v2\/types\/post"}],"author":[{"embeddable":true,"href":"https:\/\/cdnoticias.com\/index.php\/wp-json\/wp\/v2\/users\/6"}],"replies":[{"embeddable":true,"href":"https:\/\/cdnoticias.com\/index.php\/wp-json\/wp\/v2\/comments?post=177167"}],"version-history":[{"count":0,"href":"https:\/\/cdnoticias.com\/index.php\/wp-json\/wp\/v2\/posts\/177167\/revisions"}],"wp:featuredmedia":[{"embeddable":true,"href":"https:\/\/cdnoticias.com\/index.php\/wp-json\/wp\/v2\/media\/177169"}],"wp:attachment":[{"href":"https:\/\/cdnoticias.com\/index.php\/wp-json\/wp\/v2\/media?parent=177167"}],"wp:term":[{"taxonomy":"category","embeddable":true,"href":"https:\/\/cdnoticias.com\/index.php\/wp-json\/wp\/v2\/categories?post=177167"},{"taxonomy":"post_tag","embeddable":true,"href":"https:\/\/cdnoticias.com\/index.php\/wp-json\/wp\/v2\/tags?post=177167"}],"curies":[{"name":"wp","href":"https:\/\/api.w.org\/{rel}","templated":true}]}}