{"id":177155,"date":"2025-07-18T19:03:00","date_gmt":"2025-07-18T22:03:00","guid":{"rendered":"https:\/\/cdnoticias.com\/?p=177155"},"modified":"2025-07-18T20:16:51","modified_gmt":"2025-07-18T23:16:51","slug":"el-abogado-nicolas-zampini-seria-primer-candidato-al-hcd-del-frente-la-libertad-avanza","status":"publish","type":"post","link":"https:\/\/cdnoticias.com\/index.php\/2025\/07\/18\/el-abogado-nicolas-zampini-seria-primer-candidato-al-hcd-del-frente-la-libertad-avanza\/","title":{"rendered":"El abogado Nicol\u00e1s Zampini ser\u00eda primer candidato al HCD del Frente La Libertad Avanza"},"content":{"rendered":"<p>Si bien se inform\u00f3 que la lista est\u00e1 pr\u00e1cticamente cerrada, los nombres a\u00fan no trascendieron oficialmente. Hubo acuerdo con el gallismo que tendr\u00e1n el lugar 3 y 5 de candidatos. C\u00f3mo se preparan el resto de los espacios. La S\u00e9ptima: muchos datos, pocas certezas.<!--more--><\/p>\n<hr \/>\n<p>Tras varias versiones y rumores que surgieron en las \u00faltimas horas, <strong>el abogado Nicol\u00e1s Zampini ser\u00eda el primer candidato a concejal del Frente La Libertad Avanza<\/strong> en Olavarr\u00eda, con un<strong> perfil de renovaci\u00f3n de nombres y tambi\u00e9n generaciona<\/strong>l, ya que es integrada por varios j\u00f3venes.<\/p>\n<p>En el segundo lugar, la n\u00f3mina continuar\u00eda con <strong>Eugenia Dumerauf<\/strong>, una mujer oriunda de Sierras Bayas.<\/p>\n<p>En el tercer y quinto lugar, vale decir, prevalecieron los<strong> candidatos del gallismo<\/strong>, que forman parte de un acuerdo con el movimiento libertario. Esto surgi\u00f3 tras la <a href=\"https:\/\/cdnoticias.com\/index.php\/2025\/07\/10\/legislativas-bonaerenses-se-anotaron-nueve-alianzas-para-las-elecciones-de-septiembre\/\" target=\"_blank\" rel=\"noopener\">alianza entre el PRO y LLA<\/a> pero tambi\u00e9n de varias<em> reuniones entre los referentes libertarios Celeste Arouxet y Guillermo Lascano y el ex intendente Galli con integrantes de su fuerza pol\u00edtica<\/em>, como el diputado provincial Mart\u00edn Endere, los concejales Guillermina Amespil e Hilario Galli, entre otros.<\/p>\n<p>Es por ello que <strong>Marcelino Quinteros Videla<\/strong>\u00a0ocupar\u00eda el lugar 3 (es presidente de la Juventud PRO adem\u00e1s de haber ocupado el cargo de secretario de bloque en el HCD) y <strong>Federico Alem<\/strong> en el lugar 5 (es abogado y ex funcionario del HCD).<\/p>\n<p>En el cuarto lugar, entre los lugares que trascendieron hasta ahora, se encuentra la profesora de Educaci\u00f3n F\u00edsica<strong> Luciana Islas<\/strong>, del sector libertario de Olavarr\u00eda.<\/p>\n<h3>El resto de los espacios<\/h3>\n<p>Mientras tanto, el resto de los espacios a\u00fan puntea los lugares y acuerda con otros sectores. <strong>Somos Buenos Aires<\/strong>, que en Olavarr\u00eda tiene relevancia en la UCR, todav\u00eda faltan realizar algunos detalles para confirmar los anuncios. <strong>\u201cSe busca un acuerdo integral con todos los espacios para que se sientan representados en una lista importante para la ciudad\u201d<\/strong> indic\u00f3 una fuente del espacio a <strong>Central de Noticias<\/strong>.<\/p>\n<p>\u00bfNombres? Podr\u00edan encabezar <strong>Sebasti\u00e1n Matrella o Bel\u00e9n Vergel<\/strong>, uno actual concejal y la presidenta del Comit\u00e9 local. Pero adem\u00e1s, formar\u00e1n parte diversos actores de la sociedad y del acuerdo que integra al GEN, a la Coalici\u00f3n C\u00edvica, entre otros partidos.<\/p>\n<p>El<strong> Frente de Izquierda (FIT)<\/strong> a\u00fan no termin\u00f3 de establecer el orden de la lista con los partidos del frente que tienen representaci\u00f3n local, PO y PTS. En lo seccional, los cuatro partidos del frente tienen representaci\u00f3n as\u00ed que van a disputar el armado.<\/p>\n<p>Lo confirmado: <strong>Agust\u00edn Mestralet<\/strong> ser\u00e1 cabeza de lista al HCD y Olavarr\u00eda no va a encabezar la lista seccional. El resto se confirmar\u00e1 en las pr\u00f3ximas horas.<\/p>\n<p>Por el espacio vecinal <strong>Integrar \u2013 Fuerzas del Sur<\/strong>, se confirm\u00f3 hace varios d\u00edas que<strong> Alexander Aquila<\/strong> ser\u00e1 el <a href=\"https:\/\/cdnoticias.com\/index.php\/2025\/07\/13\/alexander-aquila-oficializo-su-candidatura-al-hcd-con-la-apertura-del-local-de-integrar\/\" target=\"_blank\" rel=\"noopener\">candidato principal<\/a>. Si bien resta conocer el resto de la n\u00f3mina, ya se pudo observar panfleteadas y recorridas por algunos barrios como Pueblo Nuevo dando a conocer al candidato de este espacio.<\/p>\n<p>Finalmente, cabe recordar que este jueves el <strong>oficialismo municipal<\/strong> <a href=\"https:\/\/cdnoticias.com\/index.php\/2025\/07\/17\/leonardo-yunger-sera-el-primer-candidato-a-concejal-de-la-lista-fuerza-patria\/\" target=\"_blank\" rel=\"noopener\">anunci\u00f3 que la lista de candidatos al HCD<\/a> ser\u00e1 encabezada por <strong>Leonardo Yunger<\/strong>. No se dieron detalles del resto del armado.<\/p>\n<h3>En lo seccional todo es discusi\u00f3n<\/h3>\n<p>En cuanto a la definici\u00f3n de la S\u00e9ptima secci\u00f3n <strong>ninguno de los frentes m\u00e1s importantes tiene cerrada las listas<\/strong> este viernes. La discusi\u00f3n incluye a numerosos actores que presentan muchos m\u00e1s postulantes que las \u00fanicas <strong>tres bancas al Senado<\/strong> bonaerense que se ponen en juego.<\/p>\n<p>El desconcierto respecto de lo que efectivamente suceder\u00e1 es tal que la <em>consulta con los referentes<\/em> y el<em>\u00a0repaso por las versiones<\/em> que publicaron entre este jueves y viernes medios de alcance nacional y provincial <em>no deja nada en claro<\/em>. Cabe se\u00f1alar adem\u00e1s que, <em>en general, los armados definitivos de la S\u00e9ptima se conocen sobre el cierre de la jornada de plazo l\u00edmite<\/em> para las inscripciones ya que suele respetarse el orden num\u00e9rico de las secciones para ir definiendo las listas, al menos en los principales espacios.<\/p>\n<p>En <strong>Fuerza Patria<\/strong>, se plantean como opciones el bolivarense Eduardo Bali Bucca, quien quiere la reelecci\u00f3n, y el ex intendente<strong> Jos\u00e9 Eseverri<\/strong> a propuesta del sector del kicilofismo. Tambi\u00e9n fueron mencionados <strong>Liliana Schwindt<\/strong> y el intendente de Tapalqu\u00e9<strong> Gustavo Cocconi<\/strong>, quien contar\u00eda con apoyo del camporismo. M\u00e1s atr\u00e1s entre los mencionados est\u00e1 el ex intendente de 25 de Mayo, <strong>Hern\u00e1n Ralinqueo<\/strong>, el alvearense <strong>Bernab\u00e9 Leinenn<\/strong> y<strong> Diego Si Salvo<\/strong>, cada uno impulsado por un sector distinto del frente oficialista provincial.<\/p>\n<p>Por el lado de <strong>La Libertad Avanza<\/strong>, quien suena con m\u00e1s fuerza para encabezar es <strong>Alejandro Speroni<\/strong> de Tapalqu\u00e9. No obstante, el ex intendente de Olavarr\u00eda, <strong>Ezequiel Galli<\/strong>, busca tambi\u00e9n un lugar \u00b7entrable&#8221; en esa lista. <strong>Celeste Arouxet<\/strong> y el azule\u00f1o <strong>Pablo Disalvo<\/strong> tambi\u00e9n quedaron nombrados en la disputa para el armado. A ellos se sumar\u00eda <strong>otro nombre m\u00e1s, propuesto por el intendente de 25 de Mayo Ramiro Eg\u00fcen<\/strong>, el \u00fanico intendente libertario de la S\u00e9ptima.<\/p>\n<p>En el frente del centro no hay datos serios tampoco. En principio, desde<strong> la UCR de Olavarr\u00eda no salieron a disputar directamente lugares en el armado seccional<\/strong>. La actual senadora <strong>Lorena Mandagar\u00e1n<\/strong> buscar\u00eda la reelecci\u00f3n mientras que tambi\u00e9n se menciona a <strong>una persona propuesta por el intendente de Saladillo, Jos\u00e9 Luis Salom\u00f3n<\/strong>. Adem\u00e1s, la <strong>actual diputada Alejandra Lorden tambi\u00e9n puja con un candidato<\/strong> propio en ese armado. En este caso, las definiciones podr\u00edan conocerse a \u00faltima hora de este viernes o en la ma\u00f1ana del s\u00e1bado.<\/p>\n","protected":false},"excerpt":{"rendered":"<p>Si bien se inform\u00f3 que la lista est\u00e1 pr\u00e1cticamente cerrada, los nombres a\u00fan no trascendieron oficialmente. Hubo acuerdo con el<\/p>\n","protected":false},"author":4,"featured_media":177156,"comment_status":"closed","ping_status":"closed","sticky":false,"template":"","format":"standard","meta":{"_jetpack_memberships_contains_paid_content":false,"footnotes":""},"categories":[4,1],"tags":[],"class_list":["post-177155","post","type-post","status-publish","format-standard","has-post-thumbnail","hentry","category-politica","category-portada"],"jetpack_featured_media_url":"https:\/\/i0.wp.com\/cdnoticias.com\/wp-content\/uploads\/2025\/07\/la-libertad-avanza.jpg?fit=1000%2C557&ssl=1","jetpack_sharing_enabled":true,"_links":{"self":[{"href":"https:\/\/cdnoticias.com\/index.php\/wp-json\/wp\/v2\/posts\/177155","targetHints":{"allow":["GET"]}}],"collection":[{"href":"https:\/\/cdnoticias.com\/index.php\/wp-json\/wp\/v2\/posts"}],"about":[{"href":"https:\/\/cdnoticias.com\/index.php\/wp-json\/wp\/v2\/types\/post"}],"author":[{"embeddable":true,"href":"https:\/\/cdnoticias.com\/index.php\/wp-json\/wp\/v2\/users\/4"}],"replies":[{"embeddable":true,"href":"https:\/\/cdnoticias.com\/index.php\/wp-json\/wp\/v2\/comments?post=177155"}],"version-history":[{"count":0,"href":"https:\/\/cdnoticias.com\/index.php\/wp-json\/wp\/v2\/posts\/177155\/revisions"}],"wp:featuredmedia":[{"embeddable":true,"href":"https:\/\/cdnoticias.com\/index.php\/wp-json\/wp\/v2\/media\/177156"}],"wp:attachment":[{"href":"https:\/\/cdnoticias.com\/index.php\/wp-json\/wp\/v2\/media?parent=177155"}],"wp:term":[{"taxonomy":"category","embeddable":true,"href":"https:\/\/cdnoticias.com\/index.php\/wp-json\/wp\/v2\/categories?post=177155"},{"taxonomy":"post_tag","embeddable":true,"href":"https:\/\/cdnoticias.com\/index.php\/wp-json\/wp\/v2\/tags?post=177155"}],"curies":[{"name":"wp","href":"https:\/\/api.w.org\/{rel}","templated":true}]}}