{"id":177152,"date":"2025-07-18T12:11:03","date_gmt":"2025-07-18T15:11:03","guid":{"rendered":"https:\/\/cdnoticias.com\/?p=177152"},"modified":"2025-07-18T13:39:29","modified_gmt":"2025-07-18T16:39:29","slug":"unos-40-millones-de-pesos-para-reformar-un-quirofano-en-el-hospital-municipal","status":"publish","type":"post","link":"https:\/\/cdnoticias.com\/index.php\/2025\/07\/18\/unos-40-millones-de-pesos-para-reformar-un-quirofano-en-el-hospital-municipal\/","title":{"rendered":"Unos 40 millones de pesos para reformar un quir\u00f3fano en el Hospital Municipal"},"content":{"rendered":"<p>Se presentaron cuatro oferentes para arreglos de pisos, techos, aberturas y amoblamientos.<!--more--><\/p>\n<hr \/>\n<p>Una<strong> licitaci\u00f3n municipal<\/strong> para realizar <strong>mejoras en uno de los quir\u00f3fanos del Hospital \u201cH\u00e9ctor M. Cura\u201d<\/strong> recibi\u00f3 <strong>cuatro oferentes<\/strong>.<\/p>\n<p><strong>\u201cEl Municipio invierte en obras de mejoramiento para el sector de quir\u00f3fanos\u201d<\/strong> inform\u00f3 el Ejecutivo local al recordar que <strong>\u201cen el marco del Plan Trienal impulsado por la gesti\u00f3n del intendente Wesner\u201d<\/strong> se desarrollan obras para <strong>\u201cmejorar la infraestructura y equipamiento m\u00e9dico\u201d<\/strong> con el fin de \u201cbrindar una mejor calidad de atenci\u00f3n sanitaria para toda la comunidad\u201d. As\u00ed se enmarcaron los trabajos de mejoramiento en el sector de quir\u00f3fanos.<\/p>\n<p>En la ma\u00f1ana de este jueves, en el Sal\u00f3n Blanco del Palacio San Mart\u00edn, se realiz\u00f3 la <strong>apertura de sobres de la Licitaci\u00f3n Privada N\u00ba 46\/25<\/strong> para la ejecuci\u00f3n de <strong>reformas en el Quir\u00f3fano 6<\/strong>.<\/p>\n<blockquote><p>Los trabajos a realizar comprenden nivelaci\u00f3n de piso, colocaci\u00f3n de piso vin\u00edlico de grado m\u00e9dico, construcci\u00f3n de cielorrasos, reemplazo de puertas de acceso a quir\u00f3fano y pasillo y colocaci\u00f3n de amoblamiento (mesada y bajomesada) para uso m\u00e9dico.<\/p><\/blockquote>\n<p>\u201cEstas tareas apuntan a brindar<strong> mejores condiciones de infraestructura y equipamiento para el personal m\u00e9dico<\/strong> que se desempe\u00f1a en el sector, que se traduce en una mejor calidad de atenci\u00f3n sanitaria para toda la poblaci\u00f3n que asiste al nosocomio, que es uno de los principales efectores de salud de la regi\u00f3n\u201d se detall\u00f3.<\/p>\n<p>Las <strong>ofertas econ\u00f3micas<\/strong> presentadas fueron:<\/p>\n<ul>\n<li>Proponente N\u00ba 1: Bonsignore Mariano Salvador cotiza la suma de $68.500.000.<\/li>\n<li>Proponente N\u00ba 2: Castelli Jonatan cotiza la suma de $39.720.000.<\/li>\n<li>Proponente N\u00ba 3: Goycoa Daniela cotiza la suma de $39.686.000.<\/li>\n<li>Proponente N\u00ba 4: Larrosa Mart\u00edn Eduardo cotiza la suma de $46.300.600.<\/li>\n<\/ul>\n<p>Por \u00faltimo, cabe informar que el <strong>presupuesto oficial<\/strong> asciende a la suma total de <strong>$ 41.375.000<\/strong>.<\/p>\n<p>Participaron del acto administrativo el director de Licitaciones Ezequiel Lorenzo, el director de Desarrollo y Proyectos de la Secretar\u00eda de Obras, Infraestructura y Servicios P\u00fablicos Fabi\u00e1n Rubare y representantes de las empresas oferentes.<\/p>\n","protected":false},"excerpt":{"rendered":"<p>Se presentaron cuatro oferentes para arreglos de pisos, techos, aberturas y amoblamientos.<\/p>\n","protected":false},"author":4,"featured_media":177153,"comment_status":"closed","ping_status":"closed","sticky":false,"template":"","format":"standard","meta":{"_jetpack_memberships_contains_paid_content":false,"footnotes":""},"categories":[5,1],"tags":[],"class_list":["post-177152","post","type-post","status-publish","format-standard","has-post-thumbnail","hentry","category-informacion-general","category-portada"],"jetpack_featured_media_url":"https:\/\/i0.wp.com\/cdnoticias.com\/wp-content\/uploads\/2025\/07\/Hospital-wesner-quirofano.jpg?fit=800%2C445&ssl=1","jetpack_sharing_enabled":true,"_links":{"self":[{"href":"https:\/\/cdnoticias.com\/index.php\/wp-json\/wp\/v2\/posts\/177152","targetHints":{"allow":["GET"]}}],"collection":[{"href":"https:\/\/cdnoticias.com\/index.php\/wp-json\/wp\/v2\/posts"}],"about":[{"href":"https:\/\/cdnoticias.com\/index.php\/wp-json\/wp\/v2\/types\/post"}],"author":[{"embeddable":true,"href":"https:\/\/cdnoticias.com\/index.php\/wp-json\/wp\/v2\/users\/4"}],"replies":[{"embeddable":true,"href":"https:\/\/cdnoticias.com\/index.php\/wp-json\/wp\/v2\/comments?post=177152"}],"version-history":[{"count":0,"href":"https:\/\/cdnoticias.com\/index.php\/wp-json\/wp\/v2\/posts\/177152\/revisions"}],"wp:featuredmedia":[{"embeddable":true,"href":"https:\/\/cdnoticias.com\/index.php\/wp-json\/wp\/v2\/media\/177153"}],"wp:attachment":[{"href":"https:\/\/cdnoticias.com\/index.php\/wp-json\/wp\/v2\/media?parent=177152"}],"wp:term":[{"taxonomy":"category","embeddable":true,"href":"https:\/\/cdnoticias.com\/index.php\/wp-json\/wp\/v2\/categories?post=177152"},{"taxonomy":"post_tag","embeddable":true,"href":"https:\/\/cdnoticias.com\/index.php\/wp-json\/wp\/v2\/tags?post=177152"}],"curies":[{"name":"wp","href":"https:\/\/api.w.org\/{rel}","templated":true}]}}