{"id":177149,"date":"2025-07-18T10:50:50","date_gmt":"2025-07-18T13:50:50","guid":{"rendered":"https:\/\/cdnoticias.com\/?p=177149"},"modified":"2025-07-18T10:50:52","modified_gmt":"2025-07-18T13:50:52","slug":"alberto-miotti-participo-de-la-asamblea-general-ordinaria-de-cooperar","status":"publish","type":"post","link":"https:\/\/cdnoticias.com\/index.php\/2025\/07\/18\/alberto-miotti-participo-de-la-asamblea-general-ordinaria-de-cooperar\/","title":{"rendered":"Alberto Miotti particip\u00f3 de la asamblea general ordinaria de Cooperar"},"content":{"rendered":"<p>El presidente de Coopelectric asisti\u00f3 en representaci\u00f3n de APEBA.<!--more--><\/p>\n<hr \/>\n<p>En <strong>representaci\u00f3n de la Federaci\u00f3n de Cooperativas de Prestadores El\u00e9ctricos de la Provincia de Buenos Aires (APEBA)<\/strong>, el <strong>presidente del Consejo de Administraci\u00f3n de Coopelectric Alberto Miotti<\/strong> (tesorero de APEBA) particip\u00f3 junto a Roberto Zucarelli (vicepresidente de APEBA), Oscar Trotta (secretario de APEBA) y Eduardo Selvino; participaron de la <strong>Asamblea General Ordinaria de la Confederaci\u00f3n Cooperativa de la Rep\u00fablica Argentina (Cooperar)<\/strong>.<\/p>\n<p>Se desarroll\u00f3 este jueves <em>en la sede de Cooperar ubicada en la Ciudad Aut\u00f3noma de Buenos Aires<\/em>.<\/p>\n<p>La Asamblea fue<strong> encabezada por Ariel Guarco, presidente de la confederaci\u00f3n<\/strong> y de la Alianza Cooperativa Internacional (ACI), para tratar el 61\u00b0 Ejercicio de la Confederaci\u00f3n.<\/p>\n<p>Se detall\u00f3 que \u201cde acuerdo al Orden del D\u00eda, <strong>se analizaron y resultaron aprobados la Memoria<\/strong> que da cuenta de la actividad de la Confederaci\u00f3n en el \u00e1mbito nacional e internacional, el<strong> Balance Econ\u00f3mico <\/strong>de la entidad y el<strong> Balance Social Cooperativo<\/strong> que refleja el impacto en relaci\u00f3n con los<strong> principios cooperativos y los objetivos del desarrollo sostenible<\/strong>\u201d.<\/p>\n<p>Adem\u00e1s se eligieron delegados para integrar los diferentes Comit\u00e9s de la entidad y se abordaron tem\u00e1ticas referidas a la actualidad de la Confederaci\u00f3n.<\/p>\n<p>Foto: <em>Fedecoba<\/em><\/p>\n","protected":false},"excerpt":{"rendered":"<p>El presidente de Coopelectric asisti\u00f3 en representaci\u00f3n de APEBA.<\/p>\n","protected":false},"author":4,"featured_media":177150,"comment_status":"closed","ping_status":"closed","sticky":false,"template":"","format":"standard","meta":{"_jetpack_memberships_contains_paid_content":false,"footnotes":""},"categories":[5,1],"tags":[],"class_list":["post-177149","post","type-post","status-publish","format-standard","has-post-thumbnail","hentry","category-informacion-general","category-portada"],"jetpack_featured_media_url":"https:\/\/i0.wp.com\/cdnoticias.com\/wp-content\/uploads\/2025\/07\/fedecoba-asamblea-cooperar.jpg?fit=1000%2C556&ssl=1","jetpack_sharing_enabled":true,"_links":{"self":[{"href":"https:\/\/cdnoticias.com\/index.php\/wp-json\/wp\/v2\/posts\/177149","targetHints":{"allow":["GET"]}}],"collection":[{"href":"https:\/\/cdnoticias.com\/index.php\/wp-json\/wp\/v2\/posts"}],"about":[{"href":"https:\/\/cdnoticias.com\/index.php\/wp-json\/wp\/v2\/types\/post"}],"author":[{"embeddable":true,"href":"https:\/\/cdnoticias.com\/index.php\/wp-json\/wp\/v2\/users\/4"}],"replies":[{"embeddable":true,"href":"https:\/\/cdnoticias.com\/index.php\/wp-json\/wp\/v2\/comments?post=177149"}],"version-history":[{"count":0,"href":"https:\/\/cdnoticias.com\/index.php\/wp-json\/wp\/v2\/posts\/177149\/revisions"}],"wp:featuredmedia":[{"embeddable":true,"href":"https:\/\/cdnoticias.com\/index.php\/wp-json\/wp\/v2\/media\/177150"}],"wp:attachment":[{"href":"https:\/\/cdnoticias.com\/index.php\/wp-json\/wp\/v2\/media?parent=177149"}],"wp:term":[{"taxonomy":"category","embeddable":true,"href":"https:\/\/cdnoticias.com\/index.php\/wp-json\/wp\/v2\/categories?post=177149"},{"taxonomy":"post_tag","embeddable":true,"href":"https:\/\/cdnoticias.com\/index.php\/wp-json\/wp\/v2\/tags?post=177149"}],"curies":[{"name":"wp","href":"https:\/\/api.w.org\/{rel}","templated":true}]}}