{"id":177146,"date":"2025-07-18T09:48:29","date_gmt":"2025-07-18T12:48:29","guid":{"rendered":"https:\/\/cdnoticias.com\/?p=177146"},"modified":"2025-07-18T09:48:30","modified_gmt":"2025-07-18T12:48:30","slug":"identificaron-al-ladron-de-una-bicicleta-y-recuperaron-el-rodado","status":"publish","type":"post","link":"https:\/\/cdnoticias.com\/index.php\/2025\/07\/18\/identificaron-al-ladron-de-una-bicicleta-y-recuperaron-el-rodado\/","title":{"rendered":"Identificaron al ladr\u00f3n de una bicicleta y recuperaron el rodado"},"content":{"rendered":"<p>Es una bicicleta de alta gama que fue robada de Pellegrini al 3600. Fue hallada en una vivienda del barrio Carlos Pellegrini.<!--more--><\/p>\n<hr \/>\n<p><strong>Una bicicleta de alta gama fue recuperada<\/strong> en las \u00faltimas horas en Olavarr\u00eda tras <strong>una investigaci\u00f3n llevada adelante por personal de la Comisar\u00eda Segunda<\/strong> en el marco de una causa po<strong>r hurto<\/strong>.<\/p>\n<p>Seg\u00fan se inform\u00f3, el hecho se origin\u00f3 a partir de <strong>una denuncia radicada el pasado 14 de julio<\/strong> por una mujer de 49 a\u00f1os, quien manifest\u00f3 que de <strong>Pellegrini al 3600<\/strong> le hab\u00edan <strong>sustra\u00eddo una bicicleta de carrera marca Orbea, con cuadro de fibra de carbono<\/strong>.<\/p>\n<p>A partir de esa presentaci\u00f3n, efectivos del Gabinete T\u00e9cnico Operativo realizaron un amplio<strong> relevamiento de c\u00e1maras de seguridad<\/strong>, lo que permiti\u00f3 <strong>identificar al presunto autor del hecho<\/strong>. Con esa informaci\u00f3n, se llev\u00f3 adelante<strong> este jueves un operativo en una vivienda ubicada en la zona de Fortabat y Lisandro de la Torre<\/strong>, en el barrio Carlos Pellegrini.<\/p>\n<blockquote><p>Con anuencia del morador, se efectu\u00f3 un allanamiento de urgencia que permiti\u00f3 hallar la bicicleta denunciada, la cual fue posteriormente entregada a su propietaria.<\/p><\/blockquote>\n<p>Se inici\u00f3 una causa penal por<strong> \u201churto\u201d<\/strong> con la<strong> imputaci\u00f3n de un hombre de 26 a\u00f1os<\/strong>. Se dio intervenci\u00f3n a la <strong>UFI N\u00ba 10<\/strong>.<\/p>\n","protected":false},"excerpt":{"rendered":"<p>Es una bicicleta de alta gama que fue robada de Pellegrini al 3600. Fue hallada en una vivienda del barrio<\/p>\n","protected":false},"author":4,"featured_media":177147,"comment_status":"closed","ping_status":"closed","sticky":false,"template":"","format":"standard","meta":{"_jetpack_memberships_contains_paid_content":false,"footnotes":""},"categories":[14,1],"tags":[],"class_list":["post-177146","post","type-post","status-publish","format-standard","has-post-thumbnail","hentry","category-policiales","category-portada"],"jetpack_featured_media_url":"https:\/\/i0.wp.com\/cdnoticias.com\/wp-content\/uploads\/2025\/07\/pellegrini-3600-robo-de-bici.jpg?fit=1000%2C562&ssl=1","jetpack_sharing_enabled":true,"_links":{"self":[{"href":"https:\/\/cdnoticias.com\/index.php\/wp-json\/wp\/v2\/posts\/177146","targetHints":{"allow":["GET"]}}],"collection":[{"href":"https:\/\/cdnoticias.com\/index.php\/wp-json\/wp\/v2\/posts"}],"about":[{"href":"https:\/\/cdnoticias.com\/index.php\/wp-json\/wp\/v2\/types\/post"}],"author":[{"embeddable":true,"href":"https:\/\/cdnoticias.com\/index.php\/wp-json\/wp\/v2\/users\/4"}],"replies":[{"embeddable":true,"href":"https:\/\/cdnoticias.com\/index.php\/wp-json\/wp\/v2\/comments?post=177146"}],"version-history":[{"count":0,"href":"https:\/\/cdnoticias.com\/index.php\/wp-json\/wp\/v2\/posts\/177146\/revisions"}],"wp:featuredmedia":[{"embeddable":true,"href":"https:\/\/cdnoticias.com\/index.php\/wp-json\/wp\/v2\/media\/177147"}],"wp:attachment":[{"href":"https:\/\/cdnoticias.com\/index.php\/wp-json\/wp\/v2\/media?parent=177146"}],"wp:term":[{"taxonomy":"category","embeddable":true,"href":"https:\/\/cdnoticias.com\/index.php\/wp-json\/wp\/v2\/categories?post=177146"},{"taxonomy":"post_tag","embeddable":true,"href":"https:\/\/cdnoticias.com\/index.php\/wp-json\/wp\/v2\/tags?post=177146"}],"curies":[{"name":"wp","href":"https:\/\/api.w.org\/{rel}","templated":true}]}}