{"id":177140,"date":"2025-07-18T09:10:28","date_gmt":"2025-07-18T12:10:28","guid":{"rendered":"https:\/\/cdnoticias.com\/?p=177140"},"modified":"2025-07-18T13:04:27","modified_gmt":"2025-07-18T16:04:27","slug":"le-robo-la-moto-a-una-vecina-y-quedo-filmado","status":"publish","type":"post","link":"https:\/\/cdnoticias.com\/index.php\/2025\/07\/18\/le-robo-la-moto-a-una-vecina-y-quedo-filmado\/","title":{"rendered":"Le rob\u00f3 la moto a una vecina y qued\u00f3 filmado"},"content":{"rendered":"<p>El caso se resolvi\u00f3 en pocos minutos. Un hombre sustrajo el rodado de un edificio y se lo llev\u00f3 a su casa, a una cuadra. La v\u00edctima pudo recuperar la moto.<!--more--><\/p>\n<hr \/>\n<p><strong>Una motocicleta fue recuperada este viernes<\/strong> en el marco de una <strong>causa por hurto<\/strong> que se investiga en Olavarr\u00eda.<\/p>\n<p><strong>El robo ocurri\u00f3 en un edificio<\/strong> de departamentos ubicado sobre calle <strong>Lavalle al 4500<\/strong>, donde un hombre sustrajo una moto del interior del complejo.<\/p>\n<blockquote><p>Seg\u00fan se detall\u00f3, una mujer denunci\u00f3 en sede de la Comisar\u00eda Primera que, alrededor de las 8:10, al revisar las c\u00e1maras de seguridad del lugar donde reside, advirti\u00f3 que un hombre hab\u00eda ingresado sin ejercer violencia al patio del inmueble y se llev\u00f3 una motocicleta Corven blanca con negro.<\/p><\/blockquote>\n<p>A partir del an\u00e1lisis de las<strong> filmaciones aportadas por la damnificada<\/strong>, el <strong>Gabinete T\u00e9cnico Operativo<\/strong> de esa dependencia<strong> identific\u00f3 al presunto autor<\/strong> del hecho.<\/p>\n<p>Con esa informaci\u00f3n se llev\u00f3 adelante un <strong>procedimiento en una vivienda ubicada a una cuadra: en Lavalle al 4400<\/strong>.<\/p>\n<blockquote><p>En pocos minutos qued\u00f3 resuelto el caso ya que con anuencia del morador, los efectivos policiales pudieron entrar a este domicilio y recuperar el rodado sustra\u00eddo.<\/p><\/blockquote>\n<p>Por disposici\u00f3n de la fiscal\u00eda interviniente, <strong>la motocicleta fue restituida<\/strong> a su propietaria. En tanto, <strong>el joven de 21 a\u00f1os fue notificado<\/strong> de la formaci\u00f3n de la causa en su contra por el delito de<strong> \u201churto\u201d<\/strong>. Se destac\u00f3 que el acusado <strong>cuenta con antecedentes penales<\/strong>.\u00a0Interviene la <strong>UFI N.\u00ba 10<\/strong> a cargo del Ayudante Fiscal Dr. Jos\u00e9 Pedro Iturralde.<\/p>\n","protected":false},"excerpt":{"rendered":"<p>El caso se resolvi\u00f3 en pocos minutos. Un hombre sustrajo el rodado de un edificio y se lo llev\u00f3 a<\/p>\n","protected":false},"author":4,"featured_media":177141,"comment_status":"closed","ping_status":"closed","sticky":false,"template":"","format":"standard","meta":{"_jetpack_memberships_contains_paid_content":false,"footnotes":""},"categories":[14,1],"tags":[],"class_list":["post-177140","post","type-post","status-publish","format-standard","has-post-thumbnail","hentry","category-policiales","category-portada"],"jetpack_featured_media_url":"https:\/\/i0.wp.com\/cdnoticias.com\/wp-content\/uploads\/2025\/07\/lavalle-4500-moto-robada.jpg?fit=800%2C445&ssl=1","jetpack_sharing_enabled":true,"_links":{"self":[{"href":"https:\/\/cdnoticias.com\/index.php\/wp-json\/wp\/v2\/posts\/177140","targetHints":{"allow":["GET"]}}],"collection":[{"href":"https:\/\/cdnoticias.com\/index.php\/wp-json\/wp\/v2\/posts"}],"about":[{"href":"https:\/\/cdnoticias.com\/index.php\/wp-json\/wp\/v2\/types\/post"}],"author":[{"embeddable":true,"href":"https:\/\/cdnoticias.com\/index.php\/wp-json\/wp\/v2\/users\/4"}],"replies":[{"embeddable":true,"href":"https:\/\/cdnoticias.com\/index.php\/wp-json\/wp\/v2\/comments?post=177140"}],"version-history":[{"count":0,"href":"https:\/\/cdnoticias.com\/index.php\/wp-json\/wp\/v2\/posts\/177140\/revisions"}],"wp:featuredmedia":[{"embeddable":true,"href":"https:\/\/cdnoticias.com\/index.php\/wp-json\/wp\/v2\/media\/177141"}],"wp:attachment":[{"href":"https:\/\/cdnoticias.com\/index.php\/wp-json\/wp\/v2\/media?parent=177140"}],"wp:term":[{"taxonomy":"category","embeddable":true,"href":"https:\/\/cdnoticias.com\/index.php\/wp-json\/wp\/v2\/categories?post=177140"},{"taxonomy":"post_tag","embeddable":true,"href":"https:\/\/cdnoticias.com\/index.php\/wp-json\/wp\/v2\/tags?post=177140"}],"curies":[{"name":"wp","href":"https:\/\/api.w.org\/{rel}","templated":true}]}}