{"id":177122,"date":"2025-07-18T07:56:40","date_gmt":"2025-07-18T10:56:40","guid":{"rendered":"https:\/\/cdnoticias.com\/?p=177122"},"modified":"2025-07-18T07:56:42","modified_gmt":"2025-07-18T10:56:42","slug":"sergio-raul-olivera-q-e-p-d","status":"publish","type":"post","link":"https:\/\/cdnoticias.com\/index.php\/2025\/07\/18\/sergio-raul-olivera-q-e-p-d\/","title":{"rendered":"Sergio Ra\u00fal Olivera (Q.E.P.D.)"},"content":{"rendered":"<p>Falleci\u00f3 en Olavarr\u00eda el 18 de julio de 2025 a los 64 a\u00f1os.<\/p>\n<p>Su esposa Silvia Mangifesta. Sus hijas Estefan\u00eda, Eliana y Antonella Olivera. Sus hijos pol\u00edticos Miguel Balbiani, Leo Pedruelo y Julio S\u00e1nchez. Sus nietas Serena, Abril, Uma y Lina. Su hermano Gustavo. Su hermana pol\u00edtica Nidia Anzuino. Su sobrino Miqueas Olivera. Sus t\u00edos, primos, amigos y dem\u00e1s deudos participan su fallecimiento.<\/p>\n<p>Sus restos ser\u00e1n velados desde las 7 horas en la Sala de Espa\u00f1a 2942 departamento \u201cC\u201d e inhumados en el Cementerio Loma de Paz este viernes 18 de julio a las 13:30 horas, previo responso en la Capilla Ardiente. Servicio adherido a Coopelectric.<\/p>\n<p>Nacido en Olavarr\u00eda, vecino de barrio Mariano Moreno, enfermero jubilado del Servicio Penitenciario.<\/p>\n","protected":false},"excerpt":{"rendered":"<p>Falleci\u00f3 en Olavarr\u00eda el 18 de julio de 2025 a los 64 a\u00f1os. Su esposa Silvia Mangifesta. Sus hijas Estefan\u00eda,<\/p>\n","protected":false},"author":4,"featured_media":51544,"comment_status":"closed","ping_status":"closed","sticky":false,"template":"","format":"standard","meta":{"_jetpack_memberships_contains_paid_content":false,"footnotes":""},"categories":[10],"tags":[],"class_list":["post-177122","post","type-post","status-publish","format-standard","has-post-thumbnail","hentry","category-necrologicas"],"jetpack_featured_media_url":"https:\/\/i0.wp.com\/cdnoticias.com\/wp-content\/uploads\/2022\/04\/necrologicas-390-x-240.jpg?fit=390%2C240&ssl=1","jetpack_sharing_enabled":true,"_links":{"self":[{"href":"https:\/\/cdnoticias.com\/index.php\/wp-json\/wp\/v2\/posts\/177122","targetHints":{"allow":["GET"]}}],"collection":[{"href":"https:\/\/cdnoticias.com\/index.php\/wp-json\/wp\/v2\/posts"}],"about":[{"href":"https:\/\/cdnoticias.com\/index.php\/wp-json\/wp\/v2\/types\/post"}],"author":[{"embeddable":true,"href":"https:\/\/cdnoticias.com\/index.php\/wp-json\/wp\/v2\/users\/4"}],"replies":[{"embeddable":true,"href":"https:\/\/cdnoticias.com\/index.php\/wp-json\/wp\/v2\/comments?post=177122"}],"version-history":[{"count":0,"href":"https:\/\/cdnoticias.com\/index.php\/wp-json\/wp\/v2\/posts\/177122\/revisions"}],"wp:featuredmedia":[{"embeddable":true,"href":"https:\/\/cdnoticias.com\/index.php\/wp-json\/wp\/v2\/media\/51544"}],"wp:attachment":[{"href":"https:\/\/cdnoticias.com\/index.php\/wp-json\/wp\/v2\/media?parent=177122"}],"wp:term":[{"taxonomy":"category","embeddable":true,"href":"https:\/\/cdnoticias.com\/index.php\/wp-json\/wp\/v2\/categories?post=177122"},{"taxonomy":"post_tag","embeddable":true,"href":"https:\/\/cdnoticias.com\/index.php\/wp-json\/wp\/v2\/tags?post=177122"}],"curies":[{"name":"wp","href":"https:\/\/api.w.org\/{rel}","templated":true}]}}