{"id":177107,"date":"2025-07-18T07:58:09","date_gmt":"2025-07-18T10:58:09","guid":{"rendered":"https:\/\/cdnoticias.com\/?p=177107"},"modified":"2025-07-18T07:58:11","modified_gmt":"2025-07-18T10:58:11","slug":"los-precios-mayoristas-volvieron-a-subir-en-junio-un-16","status":"publish","type":"post","link":"https:\/\/cdnoticias.com\/index.php\/2025\/07\/18\/los-precios-mayoristas-volvieron-a-subir-en-junio-un-16\/","title":{"rendered":"Los precios mayoristas volvieron a subir en junio un 1,6%"},"content":{"rendered":"\n<p>Dentro de los productos nacionales, las divisiones con mayor incidencia fueron Tabaco (0,21%), petr\u00f3leo crudo y gas (0,20%), alimentos y bebidas (0,18%), productos refinados del petr\u00f3leo (0,17%) y veh\u00edculos automotores, carrocer\u00edas y repuestos (0,16%).<\/p>\n\n\n\n<hr class=\"wp-block-separator aligncenter has-alpha-channel-opacity\"\/>\n\n\n\n<p>Luego de haber ilusionado con una deflaci\u00f3n en mayo (-0,3%), <strong>los precios mayoristas de junio aumentaron 1,6%, <\/strong>id\u00e9ntica variaci\u00f3n que la que arroj\u00f3 este lunes el \u00edndice de precios al consumidor (IPC) para igual mes. Esta cifra se explica por la <strong>suba de 1,7% en los productos nacionales y de 1,3% en los productos importados.<\/strong><\/p>\n\n\n\n<p><\/p>\n\n\n\n<p>En el acumulado del a\u00f1o, <strong>los precios mayoristas tuvieron un aumento de 9,2%<\/strong> \u2013menor al 15,1% del IPC en igual per\u00edodo\u2013, mientras que en la comparaci\u00f3n interanual mostraron un <strong>incremento de 21,2%.<\/strong><\/p>\n\n\n\n<p><\/p>\n\n\n\n<blockquote class=\"wp-block-quote is-layout-flow wp-block-quote-is-layout-flow\">\n<p>Los datos sobre el nivel general del \u00edndice de precios internos al por mayor (IPIM) fueron publicados por el Indec, en su informe Sistema de \u00edndices de precios al por mayor (SIPM). Adem\u00e1s, inform\u00f3 que, dentro de los productos nacionales, las divisiones con mayor incidencia en el IPIM fueron Tabaco (0,21%), petr\u00f3leo crudo y gas (0,20%), alimentos y bebidas (0,18%), productos refinados del petr\u00f3leo (0,17%) y veh\u00edculos automotores, carrocer\u00edas y repuestos (0,16%).<\/p>\n<\/blockquote>\n\n\n\n<p><\/p>\n\n\n\n<p>La economista de la consultora LCG Florencia Iragui coment\u00f3 que esta aceleraci\u00f3n de junio se explic\u00f3 por<strong> subas en todos los rubros.<\/strong> <em>\u201cImportados pasaron de caer un 4,1% mensual en mayo a aumentar un 1,3% en junio, posiblemente afectados por una mayor volatilidad en el tipo de cambio hacia finales de junio\u201d<\/em>, destac\u00f3.<\/p>\n\n\n\n<p><\/p>\n\n\n\n<p>Iragui agreg\u00f3 que los productos nacionales aumentaron 1,7% mensual, con mayores alzas en energ\u00eda el\u00e9ctrica (+2,4% mensual) y petr\u00f3leo crudo y gas (+2,5% mensual). \u201cAlimentos y bebidas, dentro de los productos manufacturados, mantuvo su variaci\u00f3n y en junio aument\u00f3 un 1,5% mensual (versus 1,6% en mayo)\u201d, se\u00f1al\u00f3.<\/p>\n\n\n\n<p><\/p>\n\n\n\n<p>La economista tambi\u00e9n dijo que, pese a esta aceleraci\u00f3n mensual, hay que destacar que, en seis meses,<strong> la inflaci\u00f3n mayorista alcanza una variaci\u00f3n del 9,1%, mientras que la inflaci\u00f3n minorista acumul\u00f3 un 15,1% <\/strong>en el mismo per\u00edodo.<\/p>\n\n\n\n<p><\/p>\n\n\n\n<p>\u201cEsto puede deberse a la mayor incidencia de bienes en la estructura del \u00edndice mayorista, mientras que los servicios son los que muestran mayores porcentajes de inflaci\u00f3n en los \u00faltimos meses\u201d, cerr\u00f3. <\/p>\n\n\n\n<p><\/p>\n\n\n\n<p><em>Fuente: DIB\u00a0<\/em><\/p>\n\n\n\n<p><\/p>\n","protected":false},"excerpt":{"rendered":"<p>Dentro de los productos nacionales, las divisiones con mayor incidencia fueron Tabaco (0,21%), petr\u00f3leo crudo y gas (0,20%), alimentos y<\/p>\n","protected":false},"author":6,"featured_media":127207,"comment_status":"closed","ping_status":"closed","sticky":false,"template":"","format":"standard","meta":{"_jetpack_memberships_contains_paid_content":false,"footnotes":""},"categories":[6,1],"tags":[],"class_list":["post-177107","post","type-post","status-publish","format-standard","has-post-thumbnail","hentry","category-nacionales","category-portada"],"jetpack_featured_media_url":"https:\/\/i0.wp.com\/cdnoticias.com\/wp-content\/uploads\/2024\/10\/mayoristas-imagen.jpg?fit=900%2C530&ssl=1","jetpack_sharing_enabled":true,"_links":{"self":[{"href":"https:\/\/cdnoticias.com\/index.php\/wp-json\/wp\/v2\/posts\/177107","targetHints":{"allow":["GET"]}}],"collection":[{"href":"https:\/\/cdnoticias.com\/index.php\/wp-json\/wp\/v2\/posts"}],"about":[{"href":"https:\/\/cdnoticias.com\/index.php\/wp-json\/wp\/v2\/types\/post"}],"author":[{"embeddable":true,"href":"https:\/\/cdnoticias.com\/index.php\/wp-json\/wp\/v2\/users\/6"}],"replies":[{"embeddable":true,"href":"https:\/\/cdnoticias.com\/index.php\/wp-json\/wp\/v2\/comments?post=177107"}],"version-history":[{"count":0,"href":"https:\/\/cdnoticias.com\/index.php\/wp-json\/wp\/v2\/posts\/177107\/revisions"}],"wp:featuredmedia":[{"embeddable":true,"href":"https:\/\/cdnoticias.com\/index.php\/wp-json\/wp\/v2\/media\/127207"}],"wp:attachment":[{"href":"https:\/\/cdnoticias.com\/index.php\/wp-json\/wp\/v2\/media?parent=177107"}],"wp:term":[{"taxonomy":"category","embeddable":true,"href":"https:\/\/cdnoticias.com\/index.php\/wp-json\/wp\/v2\/categories?post=177107"},{"taxonomy":"post_tag","embeddable":true,"href":"https:\/\/cdnoticias.com\/index.php\/wp-json\/wp\/v2\/tags?post=177107"}],"curies":[{"name":"wp","href":"https:\/\/api.w.org\/{rel}","templated":true}]}}