{"id":177101,"date":"2025-07-17T18:30:39","date_gmt":"2025-07-17T21:30:39","guid":{"rendered":"https:\/\/cdnoticias.com\/?p=177101"},"modified":"2025-07-17T18:30:41","modified_gmt":"2025-07-17T21:30:41","slug":"vacaciones-de-invierno-pocas-reservas-y-la-apuesta-al-viajero-de-ultimo-momento","status":"publish","type":"post","link":"https:\/\/cdnoticias.com\/index.php\/2025\/07\/17\/vacaciones-de-invierno-pocas-reservas-y-la-apuesta-al-viajero-de-ultimo-momento\/","title":{"rendered":"Vacaciones de invierno: pocas reservas y la apuesta al \u201cviajero de \u00faltimo momento\u201d"},"content":{"rendered":"\n<p>Las reservas en la provincia de Buenos Aires van del 20% al 40%. Sin embargo, los operadores esperan que la situaci\u00f3n se revierta ya sobre el receso.<\/p>\n\n\n\n<hr class=\"wp-block-separator aligncenter has-alpha-channel-opacity\"\/>\n\n\n\n<p>En un contexto de retracci\u00f3n del consumo, <strong>el turismo local parece enfrentar unas vacaciones de invierno inciertas.<\/strong> Con el d\u00f3lar \u201cbarato\u201d que afianza el boom de viajes al exterior, los operadores tur\u00edsticos reconocen que a pocos d\u00edas del inicio del receso en la provincia de Buenos Aires y Capital Federal, <strong>el nivel de reservas es bajo, aunque apuestan al turista \u201cde \u00faltimo momento\u201d<\/strong>, ese viajero que llega al destino sin hospedaje confirmado.<\/p>\n\n\n\n<p><\/p>\n\n\n\n<p>Las reservas para visitar Mar del Plata, por ejemplo,<strong> rondan el 25%, por lo que las expectativas son moderadas<\/strong> entre los operadores tur\u00edsticos. Sin embargo, se espera que este porcentaje aumente a medida que se acerque el fin de semana, ya iniciado el receso.<\/p>\n\n\n\n<p><\/p>\n\n\n\n<p><strong><em>\u201cHist\u00f3ricamente las vacaciones de invierno no son la cumbre del turismo. En funci\u00f3n de c\u00f3mo vienen las reservas, proyectamos que tendremos m\u00e1s o menos una ocupaci\u00f3n como la de los fines de semana anteriores, que no han sido como en 2023, el \u00faltimo a\u00f1o con un promedio de visitantes m\u00e1s parejo\u201d<\/em><\/strong>, analiz\u00f3 Hern\u00e1n Szkrohal, vicepresidente de la Asociaci\u00f3n Empresaria Hotelera Gastron\u00f3mica (AEHG).<\/p>\n\n\n\n<p><\/p>\n\n\n\n<blockquote class=\"wp-block-quote is-layout-flow wp-block-quote-is-layout-flow\">\n<p>M\u00e1s optimista, Bernardo Mart\u00edn, presidente del Ente Municipal de Turismo y Cultura (Emturyc), confi\u00f3 en que la ocupaci\u00f3n superar\u00e1 el 60% en el receso invernal, en los mismos registros que el a\u00f1o pasado. \u201cLos n\u00fameros que estamos teniendo son muy parecidos. Vamos a estar en lo mismo. Este a\u00f1o viene dando esa secuencia: se repiten los valores del 2024\u201d, se\u00f1al\u00f3.<\/p>\n<\/blockquote>\n\n\n\n<p><\/p>\n\n\n\n<p>El a\u00f1o pasado, el <strong>movimiento tur\u00edstico durante las vacaciones de invierno cay\u00f3 11,9% respecto de 2023<\/strong>, y el<strong> impacto econ\u00f3mico se redujo en un 22,2%<\/strong>, seg\u00fan datos de la Confederaci\u00f3n Argentina de la Mediana Empresa (CAME). En este contexto, el panorama para este a\u00f1o no es m\u00e1s alentador, pero los destinos locales esperan decisiones de \u00faltimo momento.<\/p>\n\n\n\n<p><\/p>\n\n\n\n<p>En el partido de <strong>La Costa, Pinamar y Villa Gesell las reservas rondan el 20% <\/strong>y estiman ese n\u00famero ser\u00e1 muy dif\u00edcil de revertir. \u201cPara las vacaciones el escenario no es muy bueno\u201d, reconoci\u00f3 Carlos Roux, presidente de la C\u00e1mara Hotelera de La Costa, aunque dijo que las reservas alcanzan niveles similares a los registrados hist\u00f3ricamente para esta \u00e9poca del a\u00f1o.<\/p>\n\n\n\n<p><\/p>\n\n\n\n<blockquote class=\"wp-block-quote is-layout-flow wp-block-quote-is-layout-flow\">\n<p>Un poco m\u00e1s de optimismo hay en la parte serrana de la provincia de Buenos Aires, pero con porcentajes por debajo a las temporadas anteriores. <\/p>\n<\/blockquote>\n\n\n\n<p><\/p>\n\n\n\n<p><strong><em>\u201cHoy tenemos algo m\u00e1s de un 40% de reservas. Lo que hay que tener en cuenta es que los h\u00e1bitos de los turistas han ido cambiando en los \u00faltimos a\u00f1os, y uno de esos cambios es que reservan muy cerca del momento de viajar\u201d<\/em><\/strong>, indic\u00f3 Carlos Lamas, secretario de Turismo del municipio de Tornquist, que tiene como epicentro de los viajeros a <strong>Sierra de la Ventana.\u00a0<\/strong><\/p>\n\n\n\n<p><\/p>\n\n\n\n<p><em>Fuente: DIB\u00a0<\/em><\/p>\n\n\n\n<p><\/p>\n","protected":false},"excerpt":{"rendered":"<p>Las reservas en la provincia de Buenos Aires van del 20% al 40%. Sin embargo, los operadores esperan que la<\/p>\n","protected":false},"author":6,"featured_media":6008,"comment_status":"closed","ping_status":"closed","sticky":false,"template":"","format":"standard","meta":{"_jetpack_memberships_contains_paid_content":false,"footnotes":""},"categories":[6,1],"tags":[],"class_list":["post-177101","post","type-post","status-publish","format-standard","has-post-thumbnail","hentry","category-nacionales","category-portada"],"jetpack_featured_media_url":"https:\/\/i0.wp.com\/cdnoticias.com\/wp-content\/uploads\/2020\/11\/playa-sombrilla-scaled.jpeg?fit=2560%2C1707&ssl=1","jetpack_sharing_enabled":true,"_links":{"self":[{"href":"https:\/\/cdnoticias.com\/index.php\/wp-json\/wp\/v2\/posts\/177101","targetHints":{"allow":["GET"]}}],"collection":[{"href":"https:\/\/cdnoticias.com\/index.php\/wp-json\/wp\/v2\/posts"}],"about":[{"href":"https:\/\/cdnoticias.com\/index.php\/wp-json\/wp\/v2\/types\/post"}],"author":[{"embeddable":true,"href":"https:\/\/cdnoticias.com\/index.php\/wp-json\/wp\/v2\/users\/6"}],"replies":[{"embeddable":true,"href":"https:\/\/cdnoticias.com\/index.php\/wp-json\/wp\/v2\/comments?post=177101"}],"version-history":[{"count":0,"href":"https:\/\/cdnoticias.com\/index.php\/wp-json\/wp\/v2\/posts\/177101\/revisions"}],"wp:featuredmedia":[{"embeddable":true,"href":"https:\/\/cdnoticias.com\/index.php\/wp-json\/wp\/v2\/media\/6008"}],"wp:attachment":[{"href":"https:\/\/cdnoticias.com\/index.php\/wp-json\/wp\/v2\/media?parent=177101"}],"wp:term":[{"taxonomy":"category","embeddable":true,"href":"https:\/\/cdnoticias.com\/index.php\/wp-json\/wp\/v2\/categories?post=177101"},{"taxonomy":"post_tag","embeddable":true,"href":"https:\/\/cdnoticias.com\/index.php\/wp-json\/wp\/v2\/tags?post=177101"}],"curies":[{"name":"wp","href":"https:\/\/api.w.org\/{rel}","templated":true}]}}