{"id":177092,"date":"2025-07-18T08:55:50","date_gmt":"2025-07-18T11:55:50","guid":{"rendered":"https:\/\/cdnoticias.com\/?p=177092"},"modified":"2025-07-18T08:55:51","modified_gmt":"2025-07-18T11:55:51","slug":"la-muestra-3j-10-anos-de-ni-una-menos-se-expone-en-el-museo-municipal-de-loma-negra","status":"publish","type":"post","link":"https:\/\/cdnoticias.com\/index.php\/2025\/07\/18\/la-muestra-3j-10-anos-de-ni-una-menos-se-expone-en-el-museo-municipal-de-loma-negra\/","title":{"rendered":"La muestra \u201c3J \u2013 10 a\u00f1os de Ni Una Menos\u201d se expone en el Museo Municipal de Loma Negra"},"content":{"rendered":"\n<p>Ser\u00e1 a partir de este s\u00e1bado y durante todo el mes. Entrada es libre y gratuita.\u00a0<\/p>\n\n\n\n<hr class=\"wp-block-separator aligncenter has-alpha-channel-opacity\"\/>\n\n\n\n<p>Desde este <strong>s\u00e1bado 19 de julio, y durante un mes, <\/strong>la\u00a0 muestra <strong>\u201c3J &#8211; 10 a\u00f1os de Ni Una Menos&#8221;<\/strong> se exhibir\u00e1 en el <strong>Museo Hogar Municipal de Loma Negra. <\/strong>El horario de apertura del espacio es <strong>desde las 15 horas y la entrada es libre y gratuita.<\/strong>\u00a0<\/p>\n\n\n\n<p><\/p>\n\n\n\n<p>La muestra documental \u201c<strong>3J \u2013 10 a\u00f1os de Ni Una Menos\u201d<\/strong> recopila <strong>im\u00e1genes tomadas por profesionales de la fotograf\u00eda y aficionados y aficionadas<\/strong>, que participaron de la convocatoria realizada desde la Direcci\u00f3n de Mujeres, G\u00e9neros y Diversidad, junto a la Subsecretar\u00eda de Cultura y la Subsecretar\u00eda de Comunicaci\u00f3n del Municipio de Olavarr\u00eda.<\/p>\n\n\n\n<p><\/p>\n\n\n\n<blockquote class=\"wp-block-quote is-layout-flow wp-block-quote-is-layout-flow\">\n<p>La primera presentaci\u00f3n se realiz\u00f3 el pasado 3 de junio en el Sal\u00f3n Rivadavia, en el marco de la marcha \u201cNi una menos\u201d y tiene como consigna itinerar por los diferentes Museos Municipales de los Pueblos.<\/p>\n<\/blockquote>\n\n\n\n<p><\/p>\n\n\n\n<p>La propuesta se vincula con los <strong>diez a\u00f1os de esa hist\u00f3rica marcha, <\/strong>que impuls\u00f3 el dise\u00f1o y la aplicaci\u00f3n de una serie de acciones institucionales que mejoraron los abordajes de las<strong> violencias por razones de g\u00e9nero <\/strong>en Olavarr\u00eda, y que tuvo como objetivo realizar un ejercicio de activaci\u00f3n de memoria, mediante una muestra de fotos que recorra las<strong> diez marchas \u201cNi Una Menos\u201d que se hicieron en Olavarr\u00eda.<\/strong><\/p>\n\n\n\n<p><\/p>\n\n\n\n<blockquote class=\"wp-block-quote is-layout-flow wp-block-quote-is-layout-flow\">\n<p>Los profesionales que participan con sus fotograf\u00edas son: Ail\u00e9n Su\u00e1rez, Jorge Arabito, Ximena (Pime) Peralta, Tefa Schegtel Torres, Loana Desanto, Carolina Acquarone y Dante Lartirigoyen.<\/p>\n<\/blockquote>\n\n\n\n<p><\/p>\n\n\n\n<p>Las obras presentadas <strong>fueron tomadas en sitios del partido de Olavarr\u00eda, <\/strong>durante las movilizaciones realizadas, <strong>desde hace 10 a\u00f1os, cada 3 de junio<\/strong> en el marco de la conmemoraci\u00f3n del \u201cNi Una Menos\u201d.<\/p>\n\n\n\n<p><\/p>\n","protected":false},"excerpt":{"rendered":"<p>Ser\u00e1 a partir de este s\u00e1bado y durante todo el mes. Entrada es libre y gratuita.\u00a0 Desde este s\u00e1bado 19<\/p>\n","protected":false},"author":6,"featured_media":173164,"comment_status":"closed","ping_status":"closed","sticky":false,"template":"","format":"standard","meta":{"_jetpack_memberships_contains_paid_content":false,"footnotes":""},"categories":[3,1],"tags":[],"class_list":["post-177092","post","type-post","status-publish","format-standard","has-post-thumbnail","hentry","category-genero","category-portada"],"jetpack_featured_media_url":"https:\/\/i0.wp.com\/cdnoticias.com\/wp-content\/uploads\/2025\/06\/ni-una-menos-3-Muestra-Fotografica.jpg?fit=1000%2C556&ssl=1","jetpack_sharing_enabled":true,"_links":{"self":[{"href":"https:\/\/cdnoticias.com\/index.php\/wp-json\/wp\/v2\/posts\/177092","targetHints":{"allow":["GET"]}}],"collection":[{"href":"https:\/\/cdnoticias.com\/index.php\/wp-json\/wp\/v2\/posts"}],"about":[{"href":"https:\/\/cdnoticias.com\/index.php\/wp-json\/wp\/v2\/types\/post"}],"author":[{"embeddable":true,"href":"https:\/\/cdnoticias.com\/index.php\/wp-json\/wp\/v2\/users\/6"}],"replies":[{"embeddable":true,"href":"https:\/\/cdnoticias.com\/index.php\/wp-json\/wp\/v2\/comments?post=177092"}],"version-history":[{"count":0,"href":"https:\/\/cdnoticias.com\/index.php\/wp-json\/wp\/v2\/posts\/177092\/revisions"}],"wp:featuredmedia":[{"embeddable":true,"href":"https:\/\/cdnoticias.com\/index.php\/wp-json\/wp\/v2\/media\/173164"}],"wp:attachment":[{"href":"https:\/\/cdnoticias.com\/index.php\/wp-json\/wp\/v2\/media?parent=177092"}],"wp:term":[{"taxonomy":"category","embeddable":true,"href":"https:\/\/cdnoticias.com\/index.php\/wp-json\/wp\/v2\/categories?post=177092"},{"taxonomy":"post_tag","embeddable":true,"href":"https:\/\/cdnoticias.com\/index.php\/wp-json\/wp\/v2\/tags?post=177092"}],"curies":[{"name":"wp","href":"https:\/\/api.w.org\/{rel}","templated":true}]}}