{"id":177084,"date":"2025-07-19T10:38:49","date_gmt":"2025-07-19T13:38:49","guid":{"rendered":"https:\/\/cdnoticias.com\/?p=177084"},"modified":"2025-07-19T10:38:51","modified_gmt":"2025-07-19T13:38:51","slug":"la-biblioteca-collinet-lanza-nuevos-talleres-para-todas-las-edades","status":"publish","type":"post","link":"https:\/\/cdnoticias.com\/index.php\/2025\/07\/19\/la-biblioteca-collinet-lanza-nuevos-talleres-para-todas-las-edades\/","title":{"rendered":"La Biblioteca Collinet lanza nuevos talleres para todas las edades"},"content":{"rendered":"\n<p>Desde agosto, comienzan propuestas formativas y recreativas con cupos limitados.<\/p>\n\n\n\n<hr class=\"wp-block-separator aligncenter has-alpha-channel-opacity\"\/>\n\n\n\n<p>La <strong>Biblioteca Popular \u201cArmando Collinet\u201d<\/strong> ser\u00e1 sede de<strong> nuevos talleres y cursos<\/strong> que<strong> iniciar\u00e1n a partir del mes de agosto.\u00a0<\/strong>Las propuestas est\u00e1n orientadas <strong>a distintas franjas etarias<\/strong> y coordinadas por profesionales de la ciudad.\u00a0<\/p>\n\n\n\n<p><\/p>\n\n\n\n<p>Entre las opciones para adultos y adultos mayores se encuentran <strong>el taller \u201cUso del celular\u201d<\/strong>, que se desarrollar\u00e1 los d\u00edas<strong> jueves de 15:30 a 16:30 horas, <\/strong>y el<strong><em> <\/em>taller de \u201cOratoria\u201d, los jueves de 16:30 a 17:30,<em> <\/em><\/strong>ambos coordinados por la <strong>Licenciada en Comunicaci\u00f3n Social Agustina Teixeira.<\/strong><\/p>\n\n\n\n<p><\/p>\n\n\n\n<blockquote class=\"wp-block-quote is-layout-flow wp-block-quote-is-layout-flow\">\n<p>En el \u00e1rea infantojuvenil, se ofrecer\u00e1 \u201cArteterapia\u201d para ni\u00f1os y ni\u00f1as, los viernes en el horario de 16 a 17:45. Asimismo, se ofrecer\u00e1 \u201cDiario creativo\u201d para adolescentes, los mi\u00e9rcoles de 14:30 a 16 horas, bajo la coordinaci\u00f3n de la psic\u00f3loga social Sandra Sanabria.<\/p>\n<\/blockquote>\n\n\n\n<p><\/p>\n\n\n\n<p>Adem\u00e1s, se incorpora un espacio dedicado a la <strong>escritura con el taller de \u201cCaligraf\u00eda inglesa\u201d,<\/strong> a cargo de la cal\u00edgrafa p\u00fablica nacional <strong>Anal\u00eda Etcheverry<\/strong>, que se dictar\u00e1 los martes de 17:30 a 19 horas. Por otra parte, en el mes de septiembre, Etcheverry tambi\u00e9n ofrecer\u00e1 el curso \u201c<strong>Canva para principiantes\u201d<\/strong>, los lunes de 16 a 17 horas.\u00a0<\/p>\n\n\n\n<p><\/p>\n\n\n\n<p>Desde la instituci\u00f3n se recuerda que<strong> los cupos son limitados<\/strong>, por lo que se recomienda realizar la inscripci\u00f3n previa. Para m\u00e1s informaci\u00f3n e inscripciones, se pueden contactar mediante WhatsApp 2284-545589 o a trav\u00e9s de las redes sociales: Facebook: Biblioteca Popular Armando Collinet y por Instagram: @biblioarmandocollinet.<\/p>\n\n\n\n<p><\/p>\n","protected":false},"excerpt":{"rendered":"<p>Desde agosto, comienzan propuestas formativas y recreativas con cupos limitados. La Biblioteca Popular \u201cArmando Collinet\u201d ser\u00e1 sede de nuevos talleres<\/p>\n","protected":false},"author":6,"featured_media":113032,"comment_status":"closed","ping_status":"closed","sticky":false,"template":"","format":"standard","meta":{"_jetpack_memberships_contains_paid_content":false,"footnotes":""},"categories":[9,1],"tags":[],"class_list":["post-177084","post","type-post","status-publish","format-standard","has-post-thumbnail","hentry","category-cultura","category-portada"],"jetpack_featured_media_url":"https:\/\/i0.wp.com\/cdnoticias.com\/wp-content\/uploads\/2024\/04\/biblio-armando-collinet.jpg?fit=900%2C506&ssl=1","jetpack_sharing_enabled":true,"_links":{"self":[{"href":"https:\/\/cdnoticias.com\/index.php\/wp-json\/wp\/v2\/posts\/177084","targetHints":{"allow":["GET"]}}],"collection":[{"href":"https:\/\/cdnoticias.com\/index.php\/wp-json\/wp\/v2\/posts"}],"about":[{"href":"https:\/\/cdnoticias.com\/index.php\/wp-json\/wp\/v2\/types\/post"}],"author":[{"embeddable":true,"href":"https:\/\/cdnoticias.com\/index.php\/wp-json\/wp\/v2\/users\/6"}],"replies":[{"embeddable":true,"href":"https:\/\/cdnoticias.com\/index.php\/wp-json\/wp\/v2\/comments?post=177084"}],"version-history":[{"count":0,"href":"https:\/\/cdnoticias.com\/index.php\/wp-json\/wp\/v2\/posts\/177084\/revisions"}],"wp:featuredmedia":[{"embeddable":true,"href":"https:\/\/cdnoticias.com\/index.php\/wp-json\/wp\/v2\/media\/113032"}],"wp:attachment":[{"href":"https:\/\/cdnoticias.com\/index.php\/wp-json\/wp\/v2\/media?parent=177084"}],"wp:term":[{"taxonomy":"category","embeddable":true,"href":"https:\/\/cdnoticias.com\/index.php\/wp-json\/wp\/v2\/categories?post=177084"},{"taxonomy":"post_tag","embeddable":true,"href":"https:\/\/cdnoticias.com\/index.php\/wp-json\/wp\/v2\/tags?post=177084"}],"curies":[{"name":"wp","href":"https:\/\/api.w.org\/{rel}","templated":true}]}}