{"id":177046,"date":"2025-07-17T17:01:05","date_gmt":"2025-07-17T20:01:05","guid":{"rendered":"https:\/\/cdnoticias.com\/?p=177046"},"modified":"2025-07-18T08:41:14","modified_gmt":"2025-07-18T11:41:14","slug":"aprehendido-tras-robar-documentacion-de-un-vehiculo-en-el-barrio-coronel-dorrego","status":"publish","type":"post","link":"https:\/\/cdnoticias.com\/index.php\/2025\/07\/17\/aprehendido-tras-robar-documentacion-de-un-vehiculo-en-el-barrio-coronel-dorrego\/","title":{"rendered":"Aprehendido tras robar documentaci\u00f3n de un veh\u00edculo en el barrio Coronel Dorrego"},"content":{"rendered":"<p>El acusado fue hallado en San Mart\u00edn y Tacuar\u00ed, y en su poder se hallaron los documentos robados. Las actuaciones se caratularon \u201churto\u201d.<!--more--><\/p>\n<hr \/>\n<p>Un <strong>hombre de 29 a\u00f1os<\/strong> fue <strong>aprehendido este mi\u00e9rcoles<\/strong> luego de <strong>sustraer documentaci\u00f3n del interior de un veh\u00edculo<\/strong> estacionado en la zona de <strong>Sargento Cabral y Luciano Pedreira.<\/strong><\/p>\n<p>El hecho fue denunciado a trav\u00e9s de un llamado al <strong>911<\/strong>. Personal del <strong>Comando de Patrullas<\/strong> se present\u00f3 en el lugar donde un hombre de 32 a\u00f1os manifest\u00f3 que momentos antes le hab\u00edan<strong> sustra\u00eddo una cartera del interior de su camioneta Ford F100, la cual pudo recuperar<\/strong>, aunque <strong>sin la documentaci\u00f3n<\/strong> que conten\u00eda.<\/p>\n<blockquote><p>Los efectivos iniciaron una b\u00fasqueda que permiti\u00f3 interceptar a un sospechoso en San Mart\u00edn y Tacuar\u00ed. Al realizarle una requisa, se constat\u00f3 que llevaba en el bolsillo derecho del pantal\u00f3n la documentaci\u00f3n robada, entre ella seis DNI, una licencia de conducir, una tarjeta Alimentar, una tarjeta de d\u00e9bito del Banco Provincia, una credencial de un instituto qu\u00edmico privado y una tarjeta SUBE.<\/p><\/blockquote>\n<p>El hombre fue <strong>aprehendido y trasladado a la Comisar\u00eda Primera<\/strong>, donde quedaron asentadas las actuaciones correspondientes y se remitieron los elementos recogidos. La causa fue caratulada como<strong> \u201churto\u201d e interviene la Unidad Fiscal de Investigaci\u00f3n N.\u00ba 10<\/strong>.<\/p>\n","protected":false},"excerpt":{"rendered":"<p>El acusado fue hallado en San Mart\u00edn y Tacuar\u00ed, y en su poder se hallaron los documentos robados. Las actuaciones<\/p>\n","protected":false},"author":4,"featured_media":177049,"comment_status":"closed","ping_status":"closed","sticky":false,"template":"","format":"standard","meta":{"_jetpack_memberships_contains_paid_content":false,"footnotes":""},"categories":[14,1],"tags":[],"class_list":["post-177046","post","type-post","status-publish","format-standard","has-post-thumbnail","hentry","category-policiales","category-portada"],"jetpack_featured_media_url":"https:\/\/i0.wp.com\/cdnoticias.com\/wp-content\/uploads\/2025\/07\/Sargento-Cabral-y-Luciano-Pedreira-robo-00.jpg?fit=800%2C445&ssl=1","jetpack_sharing_enabled":true,"_links":{"self":[{"href":"https:\/\/cdnoticias.com\/index.php\/wp-json\/wp\/v2\/posts\/177046","targetHints":{"allow":["GET"]}}],"collection":[{"href":"https:\/\/cdnoticias.com\/index.php\/wp-json\/wp\/v2\/posts"}],"about":[{"href":"https:\/\/cdnoticias.com\/index.php\/wp-json\/wp\/v2\/types\/post"}],"author":[{"embeddable":true,"href":"https:\/\/cdnoticias.com\/index.php\/wp-json\/wp\/v2\/users\/4"}],"replies":[{"embeddable":true,"href":"https:\/\/cdnoticias.com\/index.php\/wp-json\/wp\/v2\/comments?post=177046"}],"version-history":[{"count":0,"href":"https:\/\/cdnoticias.com\/index.php\/wp-json\/wp\/v2\/posts\/177046\/revisions"}],"wp:featuredmedia":[{"embeddable":true,"href":"https:\/\/cdnoticias.com\/index.php\/wp-json\/wp\/v2\/media\/177049"}],"wp:attachment":[{"href":"https:\/\/cdnoticias.com\/index.php\/wp-json\/wp\/v2\/media?parent=177046"}],"wp:term":[{"taxonomy":"category","embeddable":true,"href":"https:\/\/cdnoticias.com\/index.php\/wp-json\/wp\/v2\/categories?post=177046"},{"taxonomy":"post_tag","embeddable":true,"href":"https:\/\/cdnoticias.com\/index.php\/wp-json\/wp\/v2\/tags?post=177046"}],"curies":[{"name":"wp","href":"https:\/\/api.w.org\/{rel}","templated":true}]}}