{"id":177045,"date":"2025-07-17T11:01:28","date_gmt":"2025-07-17T14:01:28","guid":{"rendered":"https:\/\/cdnoticias.com\/?p=177045"},"modified":"2025-07-17T14:15:33","modified_gmt":"2025-07-17T17:15:33","slug":"si-la-situacion-no-mejora-los-puestos-de-trabajo-se-van-a-perder","status":"publish","type":"post","link":"https:\/\/cdnoticias.com\/index.php\/2025\/07\/17\/si-la-situacion-no-mejora-los-puestos-de-trabajo-se-van-a-perder\/","title":{"rendered":"\u201cSi la situaci\u00f3n no mejora, los puestos de trabajo se van a perder\u201d"},"content":{"rendered":"\n<p>Lo afirm\u00f3 Ezequiel Collado, secretario gremial del Sindicato del Vidrio. Dijo que si bien no hay despidos en el sector, no se reemplazan los puestos de trabajadores que se jubilan. Adem\u00e1s, habl\u00f3 del cierre de listas y la falta de di\u00e1logo de dirigentes con el sector obrero.<\/p>\n\n\n\n<hr class=\"wp-block-separator has-alpha-channel-opacity\"\/>\n\n\n\n<p>Ezequiel Collado, secretario gremial de la filial local del <strong>Sindicato de la Industria del Vidrio y Afines (SOIVA),<\/strong> habl\u00f3 sobre la realidad del sector y las perspectivas a futuro. \u201cEs un tema complejo\u201d, sintetiz\u00f3 en di\u00e1logo con <strong>Radio Sapiens<\/strong>. Asegur\u00f3 que \u201cla actividad del vidrio es una de las que tiene mayores proyecciones. El vidrio se ha expandido de una manera impresionante\u201d.<\/p>\n\n\n\n<p><\/p>\n\n\n\n<p><strong>\u201cEn lo local vemos que ha bajado la actividad\u201d <\/strong>describi\u00f3 para se\u00f1alar que ante este panorama \u201clos platos rotos los terminamos pagando los trabajadores que somos los que ponemos el hombro\u201d.<\/p>\n\n\n\n<p><\/p>\n\n\n\n<p>\u201cHoy nos encontramos con una realidad que tenemos un mango menos en el bolsillo, que la plata no alcanza. Con la preocupaci\u00f3n obviamente, como tienen todos los trabajadores, de mantener la fuente de trabajo\u201d y reiter\u00f3: \u201cel costo lo terminamos pagando los trabajadores y parece que hoy los empresarios lo \u00fanico que piensan es en bajar costo, porque hay menos producci\u00f3n\u201d.<\/p>\n\n\n\n<p><\/p>\n\n\n\n<blockquote class=\"wp-block-quote is-layout-flow wp-block-quote-is-layout-flow\">\n<p>\u201cSi la situaci\u00f3n no mejora, los puestos de trabajo se van a perder\u201d, afirm\u00f3 Collado al referirse a la situaci\u00f3n de los trabajadores del sector que en Olavarr\u00eda cuenta con alrededor de 200 agremiados. <\/p>\n<\/blockquote>\n\n\n\n<p><\/p>\n\n\n\n<p>Si bien indic\u00f3 que \u201cen lo local despidos no hay, lo que s\u00ed se est\u00e1 viendo es que la gente se ha ido jubilando y ese puesto de trabajo no se reemplaza\u201d y agreg\u00f3: \u201cel trabajo no fluye\u201d.<\/p>\n\n\n\n<p><\/p>\n\n\n\n<p><strong>Sin paritarias en el sector<\/strong><\/p>\n\n\n\n<p><\/p>\n\n\n\n<p>En este contexto de incertidumbre se refiri\u00f3 al <strong>estado de las paritarias y la cuesti\u00f3n salarial. <\/strong>\u201cSomos los m\u00e1s castigados este a\u00f1o en paritarias a nivel nacional, <strong>hace un a\u00f1o y pico que no tenemos aumentos<\/strong>, en realidad el aumento lo da la C\u00e1mara porque hoy no tenemos un di\u00e1logo\u201d, indic\u00f3 Collado.<\/p>\n\n\n\n<p><\/p>\n\n\n\n<p>\u201c<strong>Nos est\u00e1n dando el IPC, no hay discusi\u00f3n. <\/strong>Nos han sacado la posibilidad de discutir el salario. Cuando nosotros salimos a la calle a comprar en el d\u00eda a d\u00eda, no nos alcanza para nada\u201d, asegur\u00f3 el dirigente gremial.<\/p>\n\n\n\n<p><\/p>\n\n\n\n<p>\u201c<strong>Se nos ha pulverizado el salario <\/strong>y bueno, eso te da un desgaste. La gente por ah\u00ed a veces est\u00e1 enojada, est\u00e1 frustrada, la vemos triste y bueno, eso nos pone un poquito, viste, en lo personal, con una tristeza, porque vemos que hoy pr\u00e1cticamente no tenemos ni di\u00e1logo para tratar de mejorar esto\u201d, sostuvo.<\/p>\n\n\n\n<p><\/p>\n\n\n\n<p><strong>Cierre de listas y pr\u00f3ximas elecciones legislativas<\/strong><\/p>\n\n\n\n<p><\/p>\n\n\n\n<p>Por otra parte, Collado en su rol de <strong>delegado de la CGT Olavarr\u00eda, <\/strong>se refiri\u00f3 al <strong>cierre de listas<\/strong> de cara a las pr\u00f3ximas elecciones legislativas. Consider\u00f3 que \u201cen lo local era una oportunidad para que tengan en cuenta a la CGT\u201d.<\/p>\n\n\n\n<p><\/p>\n\n\n\n<blockquote class=\"wp-block-quote is-layout-flow wp-block-quote-is-layout-flow\">\n<p>\u201cEra una buena posibilidad para sentarnos a charlar y era importante que el movimiento obrero estuviera. Nosotros nunca pedimos un lugar ni un puesto, pero por lo menos mantener una charla, un di\u00e1logo, pero no lo tuvimos desde lo local\u201d, afirm\u00f3 Collado.<\/p>\n<\/blockquote>\n\n\n\n<p><\/p>\n\n\n\n<p><strong>\u201cMe parece que el movimiento obrero es un eslab\u00f3n importante al menos para ser escuchado\u201d <\/strong>y asegur\u00f3 que desde la CGT \u201csiempre tuvimos o tenemos la intenci\u00f3n de mantener los puentes de di\u00e1logo\u201d.<\/p>\n\n\n\n<p><\/p>\n\n\n\n<p>\u201cNo tenemos rencor ni nada, pero bueno me parece que era una buena posibilidad al menos sentarnos a charlar. Hoy estamos a jueves y creo que ya debe estar todo m\u00e1s o menos cocinado y <strong>a nosotros del movimiento obrero local, no nos han llamado de ning\u00fan lado<\/strong>\u201d, concluy\u00f3.<\/p>\n","protected":false},"excerpt":{"rendered":"<p>Lo afirm\u00f3 Ezequiel Collado, secretario gremial del Sindicato del Vidrio. Dijo que si bien no hay despidos en el sector,<\/p>\n","protected":false},"author":5,"featured_media":114981,"comment_status":"closed","ping_status":"closed","sticky":false,"template":"","format":"standard","meta":{"_jetpack_memberships_contains_paid_content":false,"footnotes":""},"categories":[5,1],"tags":[],"class_list":["post-177045","post","type-post","status-publish","format-standard","has-post-thumbnail","hentry","category-informacion-general","category-portada"],"jetpack_featured_media_url":"https:\/\/i0.wp.com\/cdnoticias.com\/wp-content\/uploads\/2024\/04\/collado-cgt.jpg?fit=1072%2C597&ssl=1","jetpack_sharing_enabled":true,"_links":{"self":[{"href":"https:\/\/cdnoticias.com\/index.php\/wp-json\/wp\/v2\/posts\/177045","targetHints":{"allow":["GET"]}}],"collection":[{"href":"https:\/\/cdnoticias.com\/index.php\/wp-json\/wp\/v2\/posts"}],"about":[{"href":"https:\/\/cdnoticias.com\/index.php\/wp-json\/wp\/v2\/types\/post"}],"author":[{"embeddable":true,"href":"https:\/\/cdnoticias.com\/index.php\/wp-json\/wp\/v2\/users\/5"}],"replies":[{"embeddable":true,"href":"https:\/\/cdnoticias.com\/index.php\/wp-json\/wp\/v2\/comments?post=177045"}],"version-history":[{"count":0,"href":"https:\/\/cdnoticias.com\/index.php\/wp-json\/wp\/v2\/posts\/177045\/revisions"}],"wp:featuredmedia":[{"embeddable":true,"href":"https:\/\/cdnoticias.com\/index.php\/wp-json\/wp\/v2\/media\/114981"}],"wp:attachment":[{"href":"https:\/\/cdnoticias.com\/index.php\/wp-json\/wp\/v2\/media?parent=177045"}],"wp:term":[{"taxonomy":"category","embeddable":true,"href":"https:\/\/cdnoticias.com\/index.php\/wp-json\/wp\/v2\/categories?post=177045"},{"taxonomy":"post_tag","embeddable":true,"href":"https:\/\/cdnoticias.com\/index.php\/wp-json\/wp\/v2\/tags?post=177045"}],"curies":[{"name":"wp","href":"https:\/\/api.w.org\/{rel}","templated":true}]}}