{"id":177042,"date":"2025-07-17T10:31:40","date_gmt":"2025-07-17T13:31:40","guid":{"rendered":"https:\/\/cdnoticias.com\/?p=177042"},"modified":"2025-07-17T12:20:05","modified_gmt":"2025-07-17T15:20:05","slug":"quiso-forzar-la-entrada-de-una-carniceria-huyo-pero-lo-atraparon","status":"publish","type":"post","link":"https:\/\/cdnoticias.com\/index.php\/2025\/07\/17\/quiso-forzar-la-entrada-de-una-carniceria-huyo-pero-lo-atraparon\/","title":{"rendered":"Quiso forzar la entrada de una carnicer\u00eda, huy\u00f3 pero lo atraparon"},"content":{"rendered":"<p>Fue este jueves en Sarmiento al 3900. El propietario del comercio lo vio y llam\u00f3 a la polic\u00eda. El aprehendido es un hombre de 33 a\u00f1os y se lo investiga por su posible relaci\u00f3n con otros hechos delictivos.\u00a0<!--more--><\/p>\n<hr \/>\n<p>Un<strong> hombre de 33 a\u00f1os fue aprehendido<\/strong> este jueves tras intentar forzar la entrada de una <strong>carnicer\u00eda ubicada en Sarmiento al 3907<\/strong>, local llamado<strong> \u201cCarnicer\u00eda Matute\u201d<\/strong>.<\/p>\n<blockquote><p>El propietario del comercio advirti\u00f3 que una persona estaba en la puerta y que buscaba entrar con lo que llam\u00f3 al 911. En paralelo, el sospechoso huy\u00f3 al advertir que lo hab\u00edan visto. Sali\u00f3 por avenida Sarmiento en direcci\u00f3n a avenida Urquiza.<\/p><\/blockquote>\n<p>En su declaraci\u00f3n a los polic\u00edas, <strong>el due\u00f1o dio una descripci\u00f3n del acusado<\/strong> y afirm\u00f3 que <strong>portaba un elemento similar a un cuchillo<\/strong> con el que hab\u00eda intentado forzar la cerradura.<\/p>\n<p>En la recorrida por la zona, los efectivos lograron localizar a un hombre con las caracter\u00edsticas aportadas. Fue <strong>hallado en Rufino Fal y Mu\u00f1oz<\/strong>. El sospechoso <strong>arroj\u00f3 un objeto al suelo<\/strong> y fue <strong>interceptado inmediatamente<\/strong>. Minutos despu\u00e9s, el denunciante reconoci\u00f3 al aprehendido como el mismo que hab\u00eda intentado ingresar a su comercio.<\/p>\n<p>El elemento que arroj\u00f3 fue secuestrado: <strong>un tenedor plateado de cuatro dientes<\/strong>, considerado de inter\u00e9s para la causa. El hombre fue <strong>trasladado a la Comisar\u00eda Segunda<\/strong>, donde qued\u00f3 alojado y <strong>se investiga su posible vinculaci\u00f3n con otros hechos delictivos ocurridos en la zona<\/strong>.<\/p>\n<p>La causa fue caratulada como<strong> \u201crobo en grado de tentativa\u201d<\/strong> e interviene la <strong>Unidad Fiscal de Investigaci\u00f3n (UFI) N.\u00ba 10<\/strong>.<\/p>\n","protected":false},"excerpt":{"rendered":"<p>Fue este jueves en Sarmiento al 3900. El propietario del comercio lo vio y llam\u00f3 a la polic\u00eda. El aprehendido<\/p>\n","protected":false},"author":4,"featured_media":177043,"comment_status":"closed","ping_status":"closed","sticky":false,"template":"","format":"standard","meta":{"_jetpack_memberships_contains_paid_content":false,"footnotes":""},"categories":[14,1],"tags":[],"class_list":["post-177042","post","type-post","status-publish","format-standard","has-post-thumbnail","hentry","category-policiales","category-portada"],"jetpack_featured_media_url":"https:\/\/i0.wp.com\/cdnoticias.com\/wp-content\/uploads\/2025\/07\/Rufino-Fal-y-Celestino-Munoz-robo-carniceria.jpeg?fit=1000%2C556&ssl=1","jetpack_sharing_enabled":true,"_links":{"self":[{"href":"https:\/\/cdnoticias.com\/index.php\/wp-json\/wp\/v2\/posts\/177042","targetHints":{"allow":["GET"]}}],"collection":[{"href":"https:\/\/cdnoticias.com\/index.php\/wp-json\/wp\/v2\/posts"}],"about":[{"href":"https:\/\/cdnoticias.com\/index.php\/wp-json\/wp\/v2\/types\/post"}],"author":[{"embeddable":true,"href":"https:\/\/cdnoticias.com\/index.php\/wp-json\/wp\/v2\/users\/4"}],"replies":[{"embeddable":true,"href":"https:\/\/cdnoticias.com\/index.php\/wp-json\/wp\/v2\/comments?post=177042"}],"version-history":[{"count":0,"href":"https:\/\/cdnoticias.com\/index.php\/wp-json\/wp\/v2\/posts\/177042\/revisions"}],"wp:featuredmedia":[{"embeddable":true,"href":"https:\/\/cdnoticias.com\/index.php\/wp-json\/wp\/v2\/media\/177043"}],"wp:attachment":[{"href":"https:\/\/cdnoticias.com\/index.php\/wp-json\/wp\/v2\/media?parent=177042"}],"wp:term":[{"taxonomy":"category","embeddable":true,"href":"https:\/\/cdnoticias.com\/index.php\/wp-json\/wp\/v2\/categories?post=177042"},{"taxonomy":"post_tag","embeddable":true,"href":"https:\/\/cdnoticias.com\/index.php\/wp-json\/wp\/v2\/tags?post=177042"}],"curies":[{"name":"wp","href":"https:\/\/api.w.org\/{rel}","templated":true}]}}