{"id":177021,"date":"2025-07-16T20:32:26","date_gmt":"2025-07-16T23:32:26","guid":{"rendered":"https:\/\/cdnoticias.com\/?p=177021"},"modified":"2025-07-17T09:23:11","modified_gmt":"2025-07-17T12:23:11","slug":"dia-del-agente-penitenciario-wesner-y-mena-encabezaron-el-acto-en-sierra-chica","status":"publish","type":"post","link":"https:\/\/cdnoticias.com\/index.php\/2025\/07\/16\/dia-del-agente-penitenciario-wesner-y-mena-encabezaron-el-acto-en-sierra-chica\/","title":{"rendered":"D\u00eda del Agente Penitenciario: Wesner y Mena encabezaron el acto en Sierra Chica"},"content":{"rendered":"\n<p>Particip\u00f3 el Jefe del Servicio Penitenciario, el arzobispo de la Di\u00f3cesis de Azul Hugo Salaberry, entre otros importantes funcionarios. Se repas\u00f3 el trabajo en conjunto de las instituciones.<\/p>\n\n\n\n<hr class=\"wp-block-separator aligncenter has-alpha-channel-opacity\"\/>\n\n\n\n<p>Este mi\u00e9rcoles al mediod\u00eda se realiz\u00f3 en el<strong> Club Social y Deportivo de Sierra Chica el acto oficial por el D\u00eda del Agente Penitenciario, con la presencia del intendente municipal Maximiliano Wesner y el ministro de Justicia y Derechos Humanos de la provincia de Buenos Aires, Juan Mart\u00edn Mena.<\/strong> Tambi\u00e9n participaron la jefa de Gabinete Mercedes Land\u00edvar, el jefe del Servicio Penitenciario Bonaerense Xavier Areses, el subjefe Javier C\u00e1ceres y el arzobispo de la Di\u00f3cesis de Azul, monse\u00f1or Hugo Salaberry.<\/p>\n\n\n\n<figure class=\"wp-block-image size-large\"><img data-recalc-dims=\"1\" loading=\"lazy\" decoding=\"async\" width=\"800\" height=\"499\" src=\"https:\/\/i0.wp.com\/cdnoticias.com\/wp-content\/uploads\/2025\/07\/Acto-Dia-del-Agente-Penitenciario-8.jpeg?resize=800%2C499&#038;ssl=1\" alt=\"\" class=\"wp-image-177025\" srcset=\"https:\/\/i0.wp.com\/cdnoticias.com\/wp-content\/uploads\/2025\/07\/Acto-Dia-del-Agente-Penitenciario-8.jpeg?resize=1024%2C639&amp;ssl=1 1024w, https:\/\/i0.wp.com\/cdnoticias.com\/wp-content\/uploads\/2025\/07\/Acto-Dia-del-Agente-Penitenciario-8.jpeg?resize=300%2C187&amp;ssl=1 300w, https:\/\/i0.wp.com\/cdnoticias.com\/wp-content\/uploads\/2025\/07\/Acto-Dia-del-Agente-Penitenciario-8.jpeg?resize=768%2C480&amp;ssl=1 768w, https:\/\/i0.wp.com\/cdnoticias.com\/wp-content\/uploads\/2025\/07\/Acto-Dia-del-Agente-Penitenciario-8.jpeg?resize=1536%2C959&amp;ssl=1 1536w, https:\/\/i0.wp.com\/cdnoticias.com\/wp-content\/uploads\/2025\/07\/Acto-Dia-del-Agente-Penitenciario-8.jpeg?w=1600&amp;ssl=1 1600w\" sizes=\"auto, (max-width: 800px) 100vw, 800px\" \/><\/figure>\n\n\n\n<figure class=\"wp-block-image size-large\"><img data-recalc-dims=\"1\" loading=\"lazy\" decoding=\"async\" width=\"800\" height=\"533\" src=\"https:\/\/i0.wp.com\/cdnoticias.com\/wp-content\/uploads\/2025\/07\/Acto-Dia-del-Agente-Penitenciario-7.jpeg?resize=800%2C533&#038;ssl=1\" alt=\"\" class=\"wp-image-177026\" srcset=\"https:\/\/i0.wp.com\/cdnoticias.com\/wp-content\/uploads\/2025\/07\/Acto-Dia-del-Agente-Penitenciario-7.jpeg?resize=1024%2C682&amp;ssl=1 1024w, https:\/\/i0.wp.com\/cdnoticias.com\/wp-content\/uploads\/2025\/07\/Acto-Dia-del-Agente-Penitenciario-7.jpeg?resize=300%2C200&amp;ssl=1 300w, https:\/\/i0.wp.com\/cdnoticias.com\/wp-content\/uploads\/2025\/07\/Acto-Dia-del-Agente-Penitenciario-7.jpeg?resize=768%2C512&amp;ssl=1 768w, https:\/\/i0.wp.com\/cdnoticias.com\/wp-content\/uploads\/2025\/07\/Acto-Dia-del-Agente-Penitenciario-7.jpeg?resize=1536%2C1023&amp;ssl=1 1536w, https:\/\/i0.wp.com\/cdnoticias.com\/wp-content\/uploads\/2025\/07\/Acto-Dia-del-Agente-Penitenciario-7.jpeg?resize=272%2C182&amp;ssl=1 272w, https:\/\/i0.wp.com\/cdnoticias.com\/wp-content\/uploads\/2025\/07\/Acto-Dia-del-Agente-Penitenciario-7.jpeg?w=1600&amp;ssl=1 1600w\" sizes=\"auto, (max-width: 800px) 100vw, 800px\" \/><\/figure>\n\n\n\n<p>La ceremonia reuni\u00f3 a una amplia convocatoria que incluy\u00f3 a directores generales y subdirectores, jefes y secretarios de complejos, directores de l\u00ednea y unidades penitenciarias, autoridades judiciales y representantes de fuerzas armadas y de seguridad de Olavarr\u00eda, adem\u00e1s de familiares y vecinos.<\/p>\n\n\n\n<p>En su discurso<strong>, el intendente Wesner agradeci\u00f3 la articulaci\u00f3n institucional con el Ministerio y con las unidades penitenciarias 38, 2 y 27. Destac\u00f3 el sentido de pertenencia del personal y el compromiso diario con el servicio, la comunidad y el municipio. <\/strong>Se\u00f1al\u00f3 adem\u00e1s que a partir del convenio firmado en septiembre del a\u00f1o pasado con el Ministerio, se impulsaron acciones centradas en la inclusi\u00f3n, el trabajo y la recuperaci\u00f3n de v\u00ednculos a trav\u00e9s de distintas iniciativas conjuntas.<\/p>\n\n\n\n<figure class=\"wp-block-image size-large\"><img data-recalc-dims=\"1\" loading=\"lazy\" decoding=\"async\" width=\"800\" height=\"525\" src=\"https:\/\/i0.wp.com\/cdnoticias.com\/wp-content\/uploads\/2025\/07\/Acto-Dia-del-Agente-Penitenciario-1.jpeg?resize=800%2C525&#038;ssl=1\" alt=\"\" class=\"wp-image-177022\" srcset=\"https:\/\/i0.wp.com\/cdnoticias.com\/wp-content\/uploads\/2025\/07\/Acto-Dia-del-Agente-Penitenciario-1.jpeg?resize=1024%2C672&amp;ssl=1 1024w, https:\/\/i0.wp.com\/cdnoticias.com\/wp-content\/uploads\/2025\/07\/Acto-Dia-del-Agente-Penitenciario-1.jpeg?resize=300%2C197&amp;ssl=1 300w, https:\/\/i0.wp.com\/cdnoticias.com\/wp-content\/uploads\/2025\/07\/Acto-Dia-del-Agente-Penitenciario-1.jpeg?resize=768%2C504&amp;ssl=1 768w, https:\/\/i0.wp.com\/cdnoticias.com\/wp-content\/uploads\/2025\/07\/Acto-Dia-del-Agente-Penitenciario-1.jpeg?resize=1536%2C1008&amp;ssl=1 1536w, https:\/\/i0.wp.com\/cdnoticias.com\/wp-content\/uploads\/2025\/07\/Acto-Dia-del-Agente-Penitenciario-1.jpeg?w=1600&amp;ssl=1 1600w\" sizes=\"auto, (max-width: 800px) 100vw, 800px\" \/><\/figure>\n\n\n\n<blockquote class=\"wp-block-quote is-layout-flow wp-block-quote-is-layout-flow\">\n<p>Wesner tambi\u00e9n mencion\u00f3 experiencias concretas de articulaci\u00f3n con talleres de las unidades penitenciarias y la Secretar\u00eda de Desarrollo Econ\u00f3mico y Productivo municipal, como la reparaci\u00f3n de m\u00f3viles de patrullaje y de camas ortop\u00e9dicas, en beneficio de toda la comunidad.<\/p>\n<\/blockquote>\n\n\n\n<figure class=\"wp-block-image size-large\"><img data-recalc-dims=\"1\" loading=\"lazy\" decoding=\"async\" width=\"800\" height=\"533\" src=\"https:\/\/i0.wp.com\/cdnoticias.com\/wp-content\/uploads\/2025\/07\/Acto-Dia-del-Agente-Penitenciario-3.jpeg?resize=800%2C533&#038;ssl=1\" alt=\"\" class=\"wp-image-177023\" srcset=\"https:\/\/i0.wp.com\/cdnoticias.com\/wp-content\/uploads\/2025\/07\/Acto-Dia-del-Agente-Penitenciario-3.jpeg?resize=1024%2C682&amp;ssl=1 1024w, https:\/\/i0.wp.com\/cdnoticias.com\/wp-content\/uploads\/2025\/07\/Acto-Dia-del-Agente-Penitenciario-3.jpeg?resize=300%2C200&amp;ssl=1 300w, https:\/\/i0.wp.com\/cdnoticias.com\/wp-content\/uploads\/2025\/07\/Acto-Dia-del-Agente-Penitenciario-3.jpeg?resize=768%2C512&amp;ssl=1 768w, https:\/\/i0.wp.com\/cdnoticias.com\/wp-content\/uploads\/2025\/07\/Acto-Dia-del-Agente-Penitenciario-3.jpeg?resize=1536%2C1023&amp;ssl=1 1536w, https:\/\/i0.wp.com\/cdnoticias.com\/wp-content\/uploads\/2025\/07\/Acto-Dia-del-Agente-Penitenciario-3.jpeg?resize=272%2C182&amp;ssl=1 272w, https:\/\/i0.wp.com\/cdnoticias.com\/wp-content\/uploads\/2025\/07\/Acto-Dia-del-Agente-Penitenciario-3.jpeg?w=1600&amp;ssl=1 1600w\" sizes=\"auto, (max-width: 800px) 100vw, 800px\" \/><\/figure>\n\n\n\n<p>El acto incluy\u00f3 <strong>la participaci\u00f3n de la banda de m\u00fasica del Servicio Penitenciario Bonaerense, dirigida por el profesor Diego Pisano, que interpret\u00f3 el Himno Nacional. <\/strong>Se realiz\u00f3 un minuto de silencio en homenaje al personal penitenciario fallecido y el capell\u00e1n general, presb\u00edtero Carlos Pont Gasques, ofreci\u00f3 una oraci\u00f3n de acci\u00f3n de gracias antes de <strong>bendecir las medallas y reconocimientos entregados a agentes destacados por su trayectoria y desempe\u00f1o.<\/strong><\/p>\n","protected":false},"excerpt":{"rendered":"<p>Particip\u00f3 el Jefe del Servicio Penitenciario, el arzobispo de la Di\u00f3cesis de Azul Hugo Salaberry, entre otros importantes funcionarios. Se<\/p>\n","protected":false},"author":2,"featured_media":177024,"comment_status":"closed","ping_status":"closed","sticky":false,"template":"","format":"standard","meta":{"_jetpack_memberships_contains_paid_content":false,"footnotes":""},"categories":[5,1],"tags":[],"class_list":["post-177021","post","type-post","status-publish","format-standard","has-post-thumbnail","hentry","category-informacion-general","category-portada"],"jetpack_featured_media_url":"https:\/\/i0.wp.com\/cdnoticias.com\/wp-content\/uploads\/2025\/07\/Acto-Dia-del-Agente-Penitenciario-6.jpeg?fit=1600%2C1066&ssl=1","jetpack_sharing_enabled":true,"_links":{"self":[{"href":"https:\/\/cdnoticias.com\/index.php\/wp-json\/wp\/v2\/posts\/177021","targetHints":{"allow":["GET"]}}],"collection":[{"href":"https:\/\/cdnoticias.com\/index.php\/wp-json\/wp\/v2\/posts"}],"about":[{"href":"https:\/\/cdnoticias.com\/index.php\/wp-json\/wp\/v2\/types\/post"}],"author":[{"embeddable":true,"href":"https:\/\/cdnoticias.com\/index.php\/wp-json\/wp\/v2\/users\/2"}],"replies":[{"embeddable":true,"href":"https:\/\/cdnoticias.com\/index.php\/wp-json\/wp\/v2\/comments?post=177021"}],"version-history":[{"count":0,"href":"https:\/\/cdnoticias.com\/index.php\/wp-json\/wp\/v2\/posts\/177021\/revisions"}],"wp:featuredmedia":[{"embeddable":true,"href":"https:\/\/cdnoticias.com\/index.php\/wp-json\/wp\/v2\/media\/177024"}],"wp:attachment":[{"href":"https:\/\/cdnoticias.com\/index.php\/wp-json\/wp\/v2\/media?parent=177021"}],"wp:term":[{"taxonomy":"category","embeddable":true,"href":"https:\/\/cdnoticias.com\/index.php\/wp-json\/wp\/v2\/categories?post=177021"},{"taxonomy":"post_tag","embeddable":true,"href":"https:\/\/cdnoticias.com\/index.php\/wp-json\/wp\/v2\/tags?post=177021"}],"curies":[{"name":"wp","href":"https:\/\/api.w.org\/{rel}","templated":true}]}}