{"id":177010,"date":"2025-07-16T19:31:04","date_gmt":"2025-07-16T22:31:04","guid":{"rendered":"https:\/\/cdnoticias.com\/?p=177010"},"modified":"2025-07-16T19:31:06","modified_gmt":"2025-07-16T22:31:06","slug":"gran-lanzamiento-de-la-segunda-edicion-expo-olavarria-estudia-con-mas-de-20-stands","status":"publish","type":"post","link":"https:\/\/cdnoticias.com\/index.php\/2025\/07\/16\/gran-lanzamiento-de-la-segunda-edicion-expo-olavarria-estudia-con-mas-de-20-stands\/","title":{"rendered":"Gran lanzamiento de la segunda edici\u00f3n \u201cExpo Olavarr\u00eda Estudia\u201d con m\u00e1s de 20 stands"},"content":{"rendered":"\n<p>La propuesta se extender\u00e1 hasta la tarde de este jueves y se podr\u00e1 conocer toda la oferta educativa superior para el ciclo 2026.&nbsp;<\/p>\n\n\n\n<hr class=\"wp-block-separator aligncenter has-alpha-channel-opacity\"\/>\n\n\n\n<p>En la ma\u00f1ana de este mi\u00e9rcoles qued\u00f3 formalmente <strong>inaugurada la segunda edici\u00f3n de la Expo Olavarr\u00eda Estudia<\/strong>, que se desarrolla <strong>en el Sal\u00f3n Rivadavia<\/strong> con la organizaci\u00f3n del Municipio de Olavarr\u00eda, en articulaci\u00f3n con la Jefatura Regional de Educaci\u00f3n N\u00b0 25.&nbsp;<\/p>\n\n\n\n<p><\/p>\n\n\n\n<p>La propuesta<strong> se extender\u00e1 hasta la tarde de este jueves<\/strong> y <strong>se podr\u00e1 conocer toda la oferta educativa superior para el ciclo 2026<\/strong>, a partir de la presencia de<strong> m\u00e1s de 20 stands <\/strong>con toda la informaci\u00f3n de las distintas casas de altos estudios que se encuentran en el Partido de Olavarr\u00eda, tanto de formaci\u00f3n terciaria como universitaria.<\/p>\n\n\n\n<p><\/p>\n\n\n\n<p>El intendente Wesner particip\u00f3 de la jornada inicial y fue el encargado de dar las palabras de bienvenida: <strong>\u201cQu\u00e9 lindo es ver colmado de estudiantes nuestro hermoso sal\u00f3n Rivadavia<\/strong>\u201d, enfatiz\u00f3 el jefe comunal. <\/p>\n\n\n\n<p><\/p>\n\n\n\n<p>El intendente estuvo acompa\u00f1ado por la Jefa Regional de Educaci\u00f3n Marta Casanella, Jefa Regional DIEGEP Romina Altafini, el inspector en Jefe Distrital Julio Ben\u00edtez y el subsecretario de Empresas e Inversiones Bernardo Baldino. Adem\u00e1s, para la ocasi\u00f3n se cont\u00f3 con la presencia del Secretario Ejecutivo del Copret, el Consejo Provincial de Educaci\u00f3n y Trabajo, Adri\u00e1n Pagani.<\/p>\n\n\n\n<p><\/p>\n\n\n\n<figure class=\"wp-block-image aligncenter size-full\"><img data-recalc-dims=\"1\" loading=\"lazy\" decoding=\"async\" width=\"800\" height=\"532\" src=\"https:\/\/i0.wp.com\/cdnoticias.com\/wp-content\/uploads\/2025\/07\/expo-olavarria-estudia-segunda-edicion2.jpg?resize=800%2C532&#038;ssl=1\" alt=\"\" class=\"wp-image-177013\" srcset=\"https:\/\/i0.wp.com\/cdnoticias.com\/wp-content\/uploads\/2025\/07\/expo-olavarria-estudia-segunda-edicion2.jpg?w=900&amp;ssl=1 900w, https:\/\/i0.wp.com\/cdnoticias.com\/wp-content\/uploads\/2025\/07\/expo-olavarria-estudia-segunda-edicion2.jpg?resize=300%2C199&amp;ssl=1 300w, https:\/\/i0.wp.com\/cdnoticias.com\/wp-content\/uploads\/2025\/07\/expo-olavarria-estudia-segunda-edicion2.jpg?resize=768%2C510&amp;ssl=1 768w, https:\/\/i0.wp.com\/cdnoticias.com\/wp-content\/uploads\/2025\/07\/expo-olavarria-estudia-segunda-edicion2.jpg?resize=272%2C182&amp;ssl=1 272w\" sizes=\"auto, (max-width: 800px) 100vw, 800px\" \/><\/figure>\n\n\n\n<p><\/p>\n\n\n\n<blockquote class=\"wp-block-quote is-layout-flow wp-block-quote-is-layout-flow\">\n<p>\u201cTodo este entramado educativo que tenemos en el Partido de Olavarr\u00eda, es digno de visitar, de mostrar, de verlo, de recorrerlo, de poder empaparnos y estar en el detalle de la oferta educativa. Qu\u00e9 mejor que conocer lo nuestro, que mostrar lo nuestro y que los pibes puedan visibilizar y empezar a recorrer la orientaci\u00f3n vocacional, algo tan importante para decidir el futuro. Pero para poder mirar hacia el futuro tenemos que tener un presente. Y este es el presente que tiene la educaci\u00f3n de Olavarr\u00eda hoy\u201d remarc\u00f3 Wesner. <\/p>\n<\/blockquote>\n\n\n\n<p><\/p>\n\n\n\n<p>Por \u00faltimo, Wesner agreg\u00f3 que \u201cnosotros desde Olavarr\u00eda <strong>apuntalamos, apoyamos, acompa\u00f1amos y desarrollamos cada vez m\u00e1s oferta educativa.<\/strong> Venimos haciendo un trabajo incansable desde la gesti\u00f3n municipal, en coordinaci\u00f3n con jefatura regional, con jefatura distrital, con nuestro consejo escolar, con todo el \u00e1mbito y con toda la comunidad educativa&#8221;. <\/p>\n\n\n\n<p><\/p>\n\n\n\n<p>&#8220;Felicito a los equipos de gesti\u00f3n que acompa\u00f1an, que traen a los pibes, que se preocupan, que se ocupan y que seguramente nuestros pibes en el almuerzo familiar, en la merienda familiar, van a contar que estuvieron frente a un stand y que ma\u00f1ana quieren ser tal o cual cosa. Para eso tienen que tener este presente esta carta de oferta que tenemos en la educaci\u00f3n de Olavarr\u00eda. Felicito a todos quienes lo hicieron posible esto. Pregunten, aprov\u00e9chenlo chicos, es de ustedes, es para ustedes\u201d cerr\u00f3 el Intendente. <\/p>\n\n\n\n<p><\/p>\n\n\n\n<figure class=\"wp-block-image aligncenter size-full\"><img data-recalc-dims=\"1\" loading=\"lazy\" decoding=\"async\" width=\"800\" height=\"532\" src=\"https:\/\/i0.wp.com\/cdnoticias.com\/wp-content\/uploads\/2025\/07\/expo-olavarria-estudia-segunda-edicion3.jpg?resize=800%2C532&#038;ssl=1\" alt=\"\" class=\"wp-image-177012\" srcset=\"https:\/\/i0.wp.com\/cdnoticias.com\/wp-content\/uploads\/2025\/07\/expo-olavarria-estudia-segunda-edicion3.jpg?w=900&amp;ssl=1 900w, https:\/\/i0.wp.com\/cdnoticias.com\/wp-content\/uploads\/2025\/07\/expo-olavarria-estudia-segunda-edicion3.jpg?resize=300%2C199&amp;ssl=1 300w, https:\/\/i0.wp.com\/cdnoticias.com\/wp-content\/uploads\/2025\/07\/expo-olavarria-estudia-segunda-edicion3.jpg?resize=768%2C510&amp;ssl=1 768w, https:\/\/i0.wp.com\/cdnoticias.com\/wp-content\/uploads\/2025\/07\/expo-olavarria-estudia-segunda-edicion3.jpg?resize=272%2C182&amp;ssl=1 272w\" sizes=\"auto, (max-width: 800px) 100vw, 800px\" \/><\/figure>\n\n\n\n<p><\/p>\n\n\n\n<blockquote class=\"wp-block-quote is-layout-flow wp-block-quote-is-layout-flow\">\n<p>La jornada se retomar\u00e1 en la ma\u00f1ana del jueves, con un primer turno a partir de las 9 horas y hasta las 12. El segundo y \u00faltimo turno ser\u00e1 de 13 a 16:30 horas.<\/p>\n<\/blockquote>\n\n\n\n<p><\/p>\n\n\n\n<p><strong>En esta segunda edici\u00f3n de \u201cOlavarr\u00eda Estudia 2025\u201d est\u00e1n presentes las siguientes instituciones educativas:<\/strong><\/p>\n\n\n\n<ul class=\"wp-block-list\">\n<li>Centro de Formaci\u00f3n Profesional N.\u00ba 401.<\/li>\n<\/ul>\n\n\n\n<ul class=\"wp-block-list\">\n<li>Centro de Formaci\u00f3n Profesional N.\u00ba 403.<\/li>\n<\/ul>\n\n\n\n<ul class=\"wp-block-list\">\n<li>Centro De Educaci\u00f3n Agraria N\u00b07.<\/li>\n<\/ul>\n\n\n\n<ul class=\"wp-block-list\">\n<li>Centro de Formaci\u00f3n Profesional Instituto Gastron\u00f3mico Olavarr\u00eda.<\/li>\n<\/ul>\n\n\n\n<ul class=\"wp-block-list\">\n<li>UNICEN \u2013 Facultades de Ingenier\u00eda, Ciencias Sociales y Ciencias de la Salud.<\/li>\n<\/ul>\n\n\n\n<ul class=\"wp-block-list\">\n<li>Instituto Superior de Formaci\u00f3n T\u00e9cnica N.\u00ba 130.<\/li>\n<\/ul>\n\n\n\n<ul class=\"wp-block-list\">\n<li>Instituto Superior de Formaci\u00f3n Docente N \u00ba 22.<\/li>\n<\/ul>\n\n\n\n<ul class=\"wp-block-list\">\n<li>Instituto Superior de Formaci\u00f3n Docente N \u00ba 47.<\/li>\n<\/ul>\n\n\n\n<ul class=\"wp-block-list\">\n<li>Escuela de Artes Visuales \u201cMiguel \u00c1ngel Galgano\u201d.<\/li>\n<\/ul>\n\n\n\n<ul class=\"wp-block-list\">\n<li>Conservatorio de M\u00fasica \u201cErnesto Mog\u00e1vero\u201d.<\/li>\n<\/ul>\n\n\n\n<ul class=\"wp-block-list\">\n<li>Centro Educativo de Producci\u00f3n Audiovisual Comunitaria CEPEAC.<\/li>\n<\/ul>\n\n\n\n<ul class=\"wp-block-list\">\n<li>Instituto Nuestra Se\u00f1ora del Rosario.<\/li>\n<\/ul>\n\n\n\n<ul class=\"wp-block-list\">\n<li>Instituto Tecnol\u00f3gico Olavarr\u00eda ITECO.<\/li>\n<\/ul>\n\n\n\n<ul class=\"wp-block-list\">\n<li>Instituto Santo Tom\u00e1s de Aquino.<\/li>\n<\/ul>\n\n\n\n<ul class=\"wp-block-list\">\n<li>Instituto Universitario Juan Vucetich sede Olavarr\u00eda.<\/li>\n<\/ul>\n\n\n\n<ul class=\"wp-block-list\">\n<li>Centro de Estudios Universitarios \u2013 Universidad de Belgrano, Universidad Fasta, Instituto de Estudios Superiores de Buenos Aires, ISIV Educaci\u00f3n a Distancia, Aldea Educativa.<\/li>\n<\/ul>\n\n\n\n<ul class=\"wp-block-list\">\n<li>Oficina Municipal de Empleo.<\/li>\n<\/ul>\n\n\n\n<ul class=\"wp-block-list\">\n<li>Escuelas Municipales.<\/li>\n<\/ul>\n\n\n\n<p><\/p>\n","protected":false},"excerpt":{"rendered":"<p>La propuesta se extender\u00e1 hasta la tarde de este jueves y se podr\u00e1 conocer toda la oferta educativa superior para<\/p>\n","protected":false},"author":6,"featured_media":177014,"comment_status":"closed","ping_status":"closed","sticky":false,"template":"","format":"standard","meta":{"_jetpack_memberships_contains_paid_content":false,"footnotes":""},"categories":[5,1],"tags":[],"class_list":["post-177010","post","type-post","status-publish","format-standard","has-post-thumbnail","hentry","category-informacion-general","category-portada"],"jetpack_featured_media_url":"https:\/\/i0.wp.com\/cdnoticias.com\/wp-content\/uploads\/2025\/07\/expo-olavarria-estudia-segunda-edicion1.jpg?fit=900%2C598&ssl=1","jetpack_sharing_enabled":true,"_links":{"self":[{"href":"https:\/\/cdnoticias.com\/index.php\/wp-json\/wp\/v2\/posts\/177010","targetHints":{"allow":["GET"]}}],"collection":[{"href":"https:\/\/cdnoticias.com\/index.php\/wp-json\/wp\/v2\/posts"}],"about":[{"href":"https:\/\/cdnoticias.com\/index.php\/wp-json\/wp\/v2\/types\/post"}],"author":[{"embeddable":true,"href":"https:\/\/cdnoticias.com\/index.php\/wp-json\/wp\/v2\/users\/6"}],"replies":[{"embeddable":true,"href":"https:\/\/cdnoticias.com\/index.php\/wp-json\/wp\/v2\/comments?post=177010"}],"version-history":[{"count":0,"href":"https:\/\/cdnoticias.com\/index.php\/wp-json\/wp\/v2\/posts\/177010\/revisions"}],"wp:featuredmedia":[{"embeddable":true,"href":"https:\/\/cdnoticias.com\/index.php\/wp-json\/wp\/v2\/media\/177014"}],"wp:attachment":[{"href":"https:\/\/cdnoticias.com\/index.php\/wp-json\/wp\/v2\/media?parent=177010"}],"wp:term":[{"taxonomy":"category","embeddable":true,"href":"https:\/\/cdnoticias.com\/index.php\/wp-json\/wp\/v2\/categories?post=177010"},{"taxonomy":"post_tag","embeddable":true,"href":"https:\/\/cdnoticias.com\/index.php\/wp-json\/wp\/v2\/tags?post=177010"}],"curies":[{"name":"wp","href":"https:\/\/api.w.org\/{rel}","templated":true}]}}