{"id":177008,"date":"2025-07-16T18:30:30","date_gmt":"2025-07-16T21:30:30","guid":{"rendered":"https:\/\/cdnoticias.com\/?p=177008"},"modified":"2025-07-16T18:30:31","modified_gmt":"2025-07-16T21:30:31","slug":"desde-este-jueves-feria-de-artesanos-en-la-plaza-central","status":"publish","type":"post","link":"https:\/\/cdnoticias.com\/index.php\/2025\/07\/16\/desde-este-jueves-feria-de-artesanos-en-la-plaza-central\/","title":{"rendered":"Desde este jueves, Feria de Artesanos en la Plaza Central"},"content":{"rendered":"\n<p>Se realizar\u00e1 en el marco del D\u00eda de la Amistad y continuar\u00e1 hasta el domingo 20.&nbsp;<\/p>\n\n\n\n<hr class=\"wp-block-separator aligncenter has-alpha-channel-opacity\"\/>\n\n\n\n<p>Desde el<strong> jueves 17 al domingo 20 de julio<\/strong> se realizar\u00e1 una <strong>Feria de Artesanos en la Plaza Central, <\/strong>sobre calle Rivadavia y San Mart\u00edn, en el marco del <strong>D\u00eda de la Amistad.<\/strong><\/p>\n\n\n\n<p><\/p>\n\n\n\n<blockquote class=\"wp-block-quote is-layout-flow wp-block-quote-is-layout-flow\">\n<p>La feria ser\u00e1 a partir de las 10 horas y estar\u00e1n participando artesanos locales fiscalizados que utilizan diferentes t\u00e9cnicas tales como vitrofusi\u00f3n, madera, bijouterie en alpaca con engarces de piedras semipreciosas y calados, macram\u00e9, artesan\u00edas en calabazas, pintura sobre diferentes superficies, atrapa sue\u00f1os, textiles, resina, juegos infantiles en madera, encuadernaci\u00f3n artesanal, cosm\u00e9tica natural, sahumerios, marroquiner\u00eda, tejidos, cuchiller\u00eda y herrero forjador.<\/p>\n<\/blockquote>\n\n\n\n<p><\/p>\n\n\n\n<p>El objetivo de esta propuesta es<strong> impulsar y reconocer la actividad artesanal en Olavarr\u00eda<\/strong>, y que a trav\u00e9s de este tipo de eventos se permita dar un espacio de encuentro y sociabilizaci\u00f3n, generando v\u00ednculos y colaborando a la econom\u00eda social.<\/p>\n\n\n\n<p><\/p>\n","protected":false},"excerpt":{"rendered":"<p>Se realizar\u00e1 en el marco del D\u00eda de la Amistad y continuar\u00e1 hasta el domingo 20.&nbsp; Desde el jueves 17<\/p>\n","protected":false},"author":6,"featured_media":80635,"comment_status":"closed","ping_status":"closed","sticky":false,"template":"","format":"standard","meta":{"_jetpack_memberships_contains_paid_content":false,"footnotes":""},"categories":[9,1],"tags":[],"class_list":["post-177008","post","type-post","status-publish","format-standard","has-post-thumbnail","hentry","category-cultura","category-portada"],"jetpack_featured_media_url":"https:\/\/i0.wp.com\/cdnoticias.com\/wp-content\/uploads\/2023\/03\/feria-de-artesanos-02.jpg?fit=800%2C445&ssl=1","jetpack_sharing_enabled":true,"_links":{"self":[{"href":"https:\/\/cdnoticias.com\/index.php\/wp-json\/wp\/v2\/posts\/177008","targetHints":{"allow":["GET"]}}],"collection":[{"href":"https:\/\/cdnoticias.com\/index.php\/wp-json\/wp\/v2\/posts"}],"about":[{"href":"https:\/\/cdnoticias.com\/index.php\/wp-json\/wp\/v2\/types\/post"}],"author":[{"embeddable":true,"href":"https:\/\/cdnoticias.com\/index.php\/wp-json\/wp\/v2\/users\/6"}],"replies":[{"embeddable":true,"href":"https:\/\/cdnoticias.com\/index.php\/wp-json\/wp\/v2\/comments?post=177008"}],"version-history":[{"count":0,"href":"https:\/\/cdnoticias.com\/index.php\/wp-json\/wp\/v2\/posts\/177008\/revisions"}],"wp:featuredmedia":[{"embeddable":true,"href":"https:\/\/cdnoticias.com\/index.php\/wp-json\/wp\/v2\/media\/80635"}],"wp:attachment":[{"href":"https:\/\/cdnoticias.com\/index.php\/wp-json\/wp\/v2\/media?parent=177008"}],"wp:term":[{"taxonomy":"category","embeddable":true,"href":"https:\/\/cdnoticias.com\/index.php\/wp-json\/wp\/v2\/categories?post=177008"},{"taxonomy":"post_tag","embeddable":true,"href":"https:\/\/cdnoticias.com\/index.php\/wp-json\/wp\/v2\/tags?post=177008"}],"curies":[{"name":"wp","href":"https:\/\/api.w.org\/{rel}","templated":true}]}}