{"id":17697,"date":"2021-04-01T09:14:29","date_gmt":"2021-04-01T12:14:29","guid":{"rendered":"http:\/\/www.centraldenoticias.com.ar\/?p=17697"},"modified":"2021-04-01T10:40:44","modified_gmt":"2021-04-01T13:40:44","slug":"la-provincia-prepara-tecnicamente-una-fase-3-para-algunos-municipios","status":"publish","type":"post","link":"https:\/\/cdnoticias.com\/index.php\/2021\/04\/01\/la-provincia-prepara-tecnicamente-una-fase-3-para-algunos-municipios\/","title":{"rendered":"La Provincia prepara \u201ct\u00e9cnicamente una fase 3\u201d para algunos municipios"},"content":{"rendered":"<p>El jefe de gabinete bonaerense, Carlos Bianco, anticip\u00f3 que estos cambios se profundizar\u00e1n la semana pr\u00f3xima, luego de Semana Santa. Ser\u00e1n \u201crestricciones adicionales\u201d.\u00a0<!--more--><\/p>\n<hr \/>\n<p>Tras la importante suba de casos en toda la Provincia de Buenos Aires,<strong> el gobierno bonaerense estudia implementar una \u201ct\u00e9cnicamente\u201d una Fase 3 para algunos Municipios con disparo de casos de COVID.<\/strong> Se detall\u00f3 que ser\u00e1n \u201crestricciones adicionales\u201d a las que se implementaron d\u00edas atr\u00e1s.<\/p>\n<p>&nbsp;<\/p>\n<blockquote><p>Cabe se\u00f1alar que Bianco indic\u00f3 que el trabajo se encuentra en elaborar \u201cun esquema para eventualmente tomar definiciones adicionales\u201d y a\u00f1adi\u00f3 que \u201ct\u00e9cnicamente es una fase 3\u201d.<\/p><\/blockquote>\n<p>&nbsp;<\/p>\n<p>Justamente, se adelant\u00f3 que ser\u00e1n las actividades<em> \u201cque se llevan en espacios cerrados con aglomeraci\u00f3n de personas\u201d<\/em> por lo que <strong>bares, restaurantes y algunas actividades art\u00edsticas podr\u00edan quedar alcanzadas por esta decisi\u00f3n, as\u00ed como tambi\u00e9n algunas deportivas aunque a\u00fan no fue confirmado.<\/strong><\/p>\n<p>&nbsp;<\/p>\n<p>Con las <strong>\u00faltimas restricciones establecidas por decreto<\/strong>, las actividades art\u00edsticas, deportivas, culturales, sociales, recreativas, familiares o comerciales no podr\u00e1n desarrollarse entre las 2 y las 6 de cada d\u00eda, y se determina que las \u201cactividades sociales, recreativas y familiares deber\u00e1n desarrollarse con hasta un m\u00e1ximo de diez (10) personas\u201d.<\/p>\n<p>&nbsp;<\/p>\n<p>Actualmente<strong>, la provincia de Buenos Aires mantiene 110 municipios en fase 4 y 25 en fase 5.<\/strong><\/p>\n","protected":false},"excerpt":{"rendered":"<p>El jefe de gabinete bonaerense, Carlos Bianco, anticip\u00f3 que estos cambios se profundizar\u00e1n la semana pr\u00f3xima, luego de Semana Santa.<\/p>\n","protected":false},"author":2,"featured_media":17517,"comment_status":"closed","ping_status":"closed","sticky":false,"template":"","format":"standard","meta":{"_jetpack_memberships_contains_paid_content":false,"footnotes":""},"categories":[6,1],"tags":[],"class_list":["post-17697","post","type-post","status-publish","format-standard","has-post-thumbnail","hentry","category-nacionales","category-portada"],"jetpack_featured_media_url":"https:\/\/i0.wp.com\/cdnoticias.com\/wp-content\/uploads\/2021\/03\/conferencia-bianco-gollan-02.jpg?fit=800%2C445&ssl=1","jetpack_sharing_enabled":true,"_links":{"self":[{"href":"https:\/\/cdnoticias.com\/index.php\/wp-json\/wp\/v2\/posts\/17697","targetHints":{"allow":["GET"]}}],"collection":[{"href":"https:\/\/cdnoticias.com\/index.php\/wp-json\/wp\/v2\/posts"}],"about":[{"href":"https:\/\/cdnoticias.com\/index.php\/wp-json\/wp\/v2\/types\/post"}],"author":[{"embeddable":true,"href":"https:\/\/cdnoticias.com\/index.php\/wp-json\/wp\/v2\/users\/2"}],"replies":[{"embeddable":true,"href":"https:\/\/cdnoticias.com\/index.php\/wp-json\/wp\/v2\/comments?post=17697"}],"version-history":[{"count":0,"href":"https:\/\/cdnoticias.com\/index.php\/wp-json\/wp\/v2\/posts\/17697\/revisions"}],"wp:featuredmedia":[{"embeddable":true,"href":"https:\/\/cdnoticias.com\/index.php\/wp-json\/wp\/v2\/media\/17517"}],"wp:attachment":[{"href":"https:\/\/cdnoticias.com\/index.php\/wp-json\/wp\/v2\/media?parent=17697"}],"wp:term":[{"taxonomy":"category","embeddable":true,"href":"https:\/\/cdnoticias.com\/index.php\/wp-json\/wp\/v2\/categories?post=17697"},{"taxonomy":"post_tag","embeddable":true,"href":"https:\/\/cdnoticias.com\/index.php\/wp-json\/wp\/v2\/tags?post=17697"}],"curies":[{"name":"wp","href":"https:\/\/api.w.org\/{rel}","templated":true}]}}