{"id":176967,"date":"2025-07-16T16:41:29","date_gmt":"2025-07-16T19:41:29","guid":{"rendered":"https:\/\/cdnoticias.com\/?p=176967"},"modified":"2025-07-17T08:40:13","modified_gmt":"2025-07-17T11:40:13","slug":"detuvieron-en-olavarria-a-un-hombre-que-se-hacia-pasar-por-oficial-ayudante-de-la-policia-federal","status":"publish","type":"post","link":"https:\/\/cdnoticias.com\/index.php\/2025\/07\/16\/detuvieron-en-olavarria-a-un-hombre-que-se-hacia-pasar-por-oficial-ayudante-de-la-policia-federal\/","title":{"rendered":"Detuvieron en Olavarr\u00eda a un hombre que \u201cse hac\u00eda pasar\u201d por oficial ayudante de la Polic\u00eda Federal"},"content":{"rendered":"\n<p>Hubo un importante operativo en un local comercial, donde sorprendieron al hombre vistiendo prendas e insignias similares a los efectivos de la fuerza.<\/p>\n\n\n\n<hr class=\"wp-block-separator aligncenter has-alpha-channel-opacity\"\/>\n\n\n\n<p><strong>Un hombre fue detenido en Olavarr\u00eda tras hacerse pasar por oficial ayudante de la Polic\u00eda Federal Argentina. <\/strong>El operativo fue realizado por la Divisi\u00f3n Unidad Operativa Federal Olavarr\u00eda, en el marco de las directivas del Ministerio de Seguridad de la Naci\u00f3n y la Superintendencia de Agencias Federales.<\/p>\n\n\n\n<figure class=\"wp-block-image size-large\"><img data-recalc-dims=\"1\" loading=\"lazy\" decoding=\"async\" width=\"800\" height=\"600\" src=\"https:\/\/i0.wp.com\/cdnoticias.com\/wp-content\/uploads\/2025\/07\/oficial-falso-pf1.jpg?resize=800%2C600&#038;ssl=1\" alt=\"\" class=\"wp-image-176969\" srcset=\"https:\/\/i0.wp.com\/cdnoticias.com\/wp-content\/uploads\/2025\/07\/oficial-falso-pf1.jpg?resize=1024%2C768&amp;ssl=1 1024w, https:\/\/i0.wp.com\/cdnoticias.com\/wp-content\/uploads\/2025\/07\/oficial-falso-pf1.jpg?resize=300%2C225&amp;ssl=1 300w, https:\/\/i0.wp.com\/cdnoticias.com\/wp-content\/uploads\/2025\/07\/oficial-falso-pf1.jpg?resize=768%2C576&amp;ssl=1 768w, https:\/\/i0.wp.com\/cdnoticias.com\/wp-content\/uploads\/2025\/07\/oficial-falso-pf1.jpg?w=1280&amp;ssl=1 1280w\" sizes=\"auto, (max-width: 800px) 100vw, 800px\" \/><\/figure>\n\n\n\n<p>La intervenci\u00f3n se concret\u00f3 en un<strong> local comercial, donde el sujeto fue observado vistiendo prendas e insignias similares a las de los efectivos de la fuerza. La situaci\u00f3n gener\u00f3 sospechas y fue alertada al personal policial, que procedi\u00f3 a identificarlo. Al ser interceptado, se comprob\u00f3 que no integraba ninguna fuerza de seguridad ni contaba con autorizaci\u00f3n para portar el uniforme.<\/strong><\/p>\n\n\n\n<p>Ante esta constataci\u00f3n, se dio intervenci\u00f3n a la Justicia Federal y <strong>se iniciaron actuaciones por el delito de usurpaci\u00f3n de t\u00edtulos y honores, seg\u00fan lo previsto en el art\u00edculo 247 del C\u00f3digo Penal. Se secuestraron las prendas que llevaba puestas y otros elementos de uso reglamentario.<\/strong><\/p>\n\n\n\n<p><strong>El detenido qued\u00f3 a disposici\u00f3n de la Fiscal\u00eda Federal descentralizada con asiento en Olavarr\u00eda. <\/strong>La investigaci\u00f3n continuar\u00e1 para determinar si el uso de la <strong>vestimenta tuvo como objetivo cometer delitos o conseguir beneficios indebidos.<\/strong><\/p>\n\n\n\n<figure class=\"wp-block-image size-large\"><img data-recalc-dims=\"1\" loading=\"lazy\" decoding=\"async\" width=\"800\" height=\"509\" src=\"https:\/\/i0.wp.com\/cdnoticias.com\/wp-content\/uploads\/2025\/07\/oficial-falso-pf2.jpg?resize=800%2C509&#038;ssl=1\" alt=\"\" class=\"wp-image-176970\" srcset=\"https:\/\/i0.wp.com\/cdnoticias.com\/wp-content\/uploads\/2025\/07\/oficial-falso-pf2.jpg?resize=1024%2C652&amp;ssl=1 1024w, https:\/\/i0.wp.com\/cdnoticias.com\/wp-content\/uploads\/2025\/07\/oficial-falso-pf2.jpg?resize=300%2C191&amp;ssl=1 300w, https:\/\/i0.wp.com\/cdnoticias.com\/wp-content\/uploads\/2025\/07\/oficial-falso-pf2.jpg?resize=768%2C489&amp;ssl=1 768w, https:\/\/i0.wp.com\/cdnoticias.com\/wp-content\/uploads\/2025\/07\/oficial-falso-pf2.jpg?resize=1536%2C978&amp;ssl=1 1536w, https:\/\/i0.wp.com\/cdnoticias.com\/wp-content\/uploads\/2025\/07\/oficial-falso-pf2.jpg?w=1600&amp;ssl=1 1600w\" sizes=\"auto, (max-width: 800px) 100vw, 800px\" \/><\/figure>\n\n\n\n<p>Desde la Polic\u00eda Federal Argentina recordaron que<strong> el uso indebido del uniforme y la representaci\u00f3n falsa de autoridad son delitos graves, y reiteraron el compromiso de la instituci\u00f3n con la seguridad, la transparencia y la protecci\u00f3n de los derechos de la comunidad.<\/strong><\/p>\n\n\n\n<p><\/p>\n","protected":false},"excerpt":{"rendered":"<p>Hubo un importante operativo en un local comercial, donde sorprendieron al hombre vistiendo prendas e insignias similares a los efectivos<\/p>\n","protected":false},"author":2,"featured_media":176968,"comment_status":"closed","ping_status":"closed","sticky":false,"template":"","format":"standard","meta":{"_jetpack_memberships_contains_paid_content":false,"footnotes":""},"categories":[14,1],"tags":[],"class_list":["post-176967","post","type-post","status-publish","format-standard","has-post-thumbnail","hentry","category-policiales","category-portada"],"jetpack_featured_media_url":"https:\/\/i0.wp.com\/cdnoticias.com\/wp-content\/uploads\/2025\/07\/oficial-falso-pf.jpg?fit=1112%2C599&ssl=1","jetpack_sharing_enabled":true,"_links":{"self":[{"href":"https:\/\/cdnoticias.com\/index.php\/wp-json\/wp\/v2\/posts\/176967","targetHints":{"allow":["GET"]}}],"collection":[{"href":"https:\/\/cdnoticias.com\/index.php\/wp-json\/wp\/v2\/posts"}],"about":[{"href":"https:\/\/cdnoticias.com\/index.php\/wp-json\/wp\/v2\/types\/post"}],"author":[{"embeddable":true,"href":"https:\/\/cdnoticias.com\/index.php\/wp-json\/wp\/v2\/users\/2"}],"replies":[{"embeddable":true,"href":"https:\/\/cdnoticias.com\/index.php\/wp-json\/wp\/v2\/comments?post=176967"}],"version-history":[{"count":0,"href":"https:\/\/cdnoticias.com\/index.php\/wp-json\/wp\/v2\/posts\/176967\/revisions"}],"wp:featuredmedia":[{"embeddable":true,"href":"https:\/\/cdnoticias.com\/index.php\/wp-json\/wp\/v2\/media\/176968"}],"wp:attachment":[{"href":"https:\/\/cdnoticias.com\/index.php\/wp-json\/wp\/v2\/media?parent=176967"}],"wp:term":[{"taxonomy":"category","embeddable":true,"href":"https:\/\/cdnoticias.com\/index.php\/wp-json\/wp\/v2\/categories?post=176967"},{"taxonomy":"post_tag","embeddable":true,"href":"https:\/\/cdnoticias.com\/index.php\/wp-json\/wp\/v2\/tags?post=176967"}],"curies":[{"name":"wp","href":"https:\/\/api.w.org\/{rel}","templated":true}]}}