{"id":176945,"date":"2025-07-16T16:30:23","date_gmt":"2025-07-16T19:30:23","guid":{"rendered":"https:\/\/cdnoticias.com\/?p=176945"},"modified":"2025-07-17T09:49:57","modified_gmt":"2025-07-17T12:49:57","slug":"cocina-comunitaria-una-oportunidad-para-pequenos-emprendimientos-gastronomicos","status":"publish","type":"post","link":"https:\/\/cdnoticias.com\/index.php\/2025\/07\/16\/cocina-comunitaria-una-oportunidad-para-pequenos-emprendimientos-gastronomicos\/","title":{"rendered":"Cocina comunitaria: una oportunidad para peque\u00f1os emprendimientos gastron\u00f3micos"},"content":{"rendered":"\n<p>El Municipio puso en marcha la iniciativa que permite contar con un espacio equipado y habilitado para la producci\u00f3n. Fue a trav\u00e9s de un convenio con la Mutual Carlos Moreno.<\/p>\n\n\n\n<hr class=\"wp-block-separator has-alpha-channel-opacity\"\/>\n\n\n\n<p>Desde el mes de abril, la cocina comunitaria dispuesta por el Municipio de Olavarr\u00eda brinda la posibilidad a emprendimientos gastron\u00f3micos de<strong> contar con un espacio equipado y habilitado para la producci\u00f3n de alimentos.<\/strong><\/p>\n\n\n\n<p><\/p>\n\n\n\n<p>Esta iniciativa, que se impulsa a trav\u00e9s de un<strong> convenio con la Asociaci\u00f3n Mutual Carlos Alberto Moreno,<\/strong> se encuentra bajo la coordinaci\u00f3n del \u00e1rea de Econom\u00eda Popular de la Secretar\u00eda de Desarrollo Econ\u00f3mico y Productivo del Municipio.<\/p>\n\n\n\n<p><\/p>\n\n\n\n<p>La <a href=\"https:\/\/cdnoticias.com\/index.php\/2025\/05\/09\/el-municipio-impulso-compras-comunitarias-para-emprendedoras-textiles\/\" data-type=\"link\" data-id=\"https:\/\/cdnoticias.com\/index.php\/2025\/05\/09\/el-municipio-impulso-compras-comunitarias-para-emprendedoras-textiles\/\">coordinadora del \u00e1rea, Solange Rivarola Vales<\/a>, en di\u00e1logo con este medio inform\u00f3 al inicio del programa que estaba dirigida \u201cpara aquellas personas que se dediquen a elaborar alimentos y <strong>no cuenten a\u00fan con la posibilidad de habilitar su cocina domiciliaria.<\/strong> En Olavarr\u00eda contamos con habilitaciones de ese tipo y hay que cumplir con ciertos requisitos que la persona a veces no tiene el capital para hacer la inversi\u00f3n\u201d.<\/p>\n\n\n\n<p><\/p>\n\n\n\n<blockquote class=\"wp-block-quote is-layout-flow wp-block-quote-is-layout-flow\">\n<p>Entonces, se ofrece la posibilidad \u201cde que esa persona tenga un lugar donde ir a cocinar su producci\u00f3n para despu\u00e9s venderla y que sea pasajero, que est\u00e9 un tiempo mientras pueda ir habilitando su cocina\u201d.<\/p>\n<\/blockquote>\n\n\n\n<p><\/p>\n\n\n\n<figure class=\"wp-block-image size-full\"><img data-recalc-dims=\"1\" loading=\"lazy\" decoding=\"async\" width=\"800\" height=\"445\" src=\"https:\/\/i0.wp.com\/cdnoticias.com\/wp-content\/uploads\/2025\/07\/cocina-comunitaria-03.png?resize=800%2C445&#038;ssl=1\" alt=\"\" class=\"wp-image-176948\" srcset=\"https:\/\/i0.wp.com\/cdnoticias.com\/wp-content\/uploads\/2025\/07\/cocina-comunitaria-03.png?w=800&amp;ssl=1 800w, https:\/\/i0.wp.com\/cdnoticias.com\/wp-content\/uploads\/2025\/07\/cocina-comunitaria-03.png?resize=300%2C167&amp;ssl=1 300w, https:\/\/i0.wp.com\/cdnoticias.com\/wp-content\/uploads\/2025\/07\/cocina-comunitaria-03.png?resize=768%2C427&amp;ssl=1 768w\" sizes=\"auto, (max-width: 800px) 100vw, 800px\" \/><\/figure>\n\n\n\n<p><\/p>\n\n\n\n<p>En la actualidad, <strong>9 peque\u00f1os emprendimientos gastron\u00f3micos<\/strong> utilizan la cocina comunitaria, ubicada en la sede de la Mutual Carlos Alberto Moreno (Collinet 4544), lo cual les permite cumplir con la reglamentaci\u00f3n necesaria para<strong> vender sus productos en comercios y participar en ferias a nivel provincial como lo es Mercados Bonaerenses.<\/strong><\/p>\n\n\n\n<p><\/p>\n\n\n\n<p>Este tipo de espacios contribuye al objetivo de continuar trabajando en la cooperaci\u00f3n y asistencia a aquellos trabajadores de la econom\u00eda popular que elaboren alimentos.<\/p>\n\n\n\n<p><\/p>\n\n\n\n<p>Desde la Secretar\u00eda de Desarrollo Econ\u00f3mico y Productivo se destac\u00f3 que<strong> la cocina cuenta con la habilitaci\u00f3n provincial PUPAA <\/strong>que se gestiona ante el Ministerio de Desarrollo Agrario de la Provincia.<\/p>\n\n\n\n<p><\/p>\n\n\n\n<p>Adem\u00e1s, la Coordinaci\u00f3n de Econom\u00eda Popular realiza el seguimiento, asistencia y apoyo t\u00e9cnico a las personas que hagan utilizaci\u00f3n de las instalaciones para potenciar sus emprendimientos. Este aporte se realiza en el marco de los objetivos del \u00e1rea de <strong>fortalecimiento de procesos de producci\u00f3n, encadenamientos de comercializaci\u00f3n y valorizaci\u00f3n de saberes.<\/strong><\/p>\n\n\n\n<p><\/p>\n\n\n\n<p>Cabe recordar que se encuentra abierto un formulario para aquellos emprendimientos que requieran de la utilizaci\u00f3n de la cocina. Se puede acceder haciendo <a href=\"https:\/\/docs.google.com\/forms\/d\/e\/1FAIpQLSf8qIQko-fhYTielU5wBFyRQS9ZkQGflpJD_OgBzRm62n_jDA\/viewform\" data-type=\"link\" data-id=\"https:\/\/docs.google.com\/forms\/d\/e\/1FAIpQLSf8qIQko-fhYTielU5wBFyRQS9ZkQGflpJD_OgBzRm62n_jDA\/viewform\">clic aqu\u00ed.<\/a><\/p>\n\n\n\n<p><\/p>\n\n\n\n<figure class=\"wp-block-image size-full\"><img data-recalc-dims=\"1\" loading=\"lazy\" decoding=\"async\" width=\"800\" height=\"445\" src=\"https:\/\/i0.wp.com\/cdnoticias.com\/wp-content\/uploads\/2025\/07\/cocina-comunitaria-02.png?resize=800%2C445&#038;ssl=1\" alt=\"\" class=\"wp-image-176947\" srcset=\"https:\/\/i0.wp.com\/cdnoticias.com\/wp-content\/uploads\/2025\/07\/cocina-comunitaria-02.png?w=800&amp;ssl=1 800w, https:\/\/i0.wp.com\/cdnoticias.com\/wp-content\/uploads\/2025\/07\/cocina-comunitaria-02.png?resize=300%2C167&amp;ssl=1 300w, https:\/\/i0.wp.com\/cdnoticias.com\/wp-content\/uploads\/2025\/07\/cocina-comunitaria-02.png?resize=768%2C427&amp;ssl=1 768w\" sizes=\"auto, (max-width: 800px) 100vw, 800px\" \/><\/figure>\n\n\n\n<p><\/p>\n\n\n\n<p>Tambi\u00e9n pueden acercarse a la Secretar\u00eda de Desarrollo Econ\u00f3mico y Productivo en Moreno 2765 de 7 a 14 o comunicarse por correo electr\u00f3nico a econom\u00eda.social@olavarria.gov.ar o al 2284-213075.<\/p>\n\n\n\n<p><\/p>\n\n\n\n<p>Se recuerda que los y las interesadas deben <strong>contar con la siguiente documentaci\u00f3n:<\/strong><\/p>\n\n\n\n<p><\/p>\n\n\n\n<p>-Copia de DNI<\/p>\n\n\n\n<p><\/p>\n\n\n\n<p>-Carnet de manipulaci\u00f3n de alimentos<\/p>\n\n\n\n<p><\/p>\n\n\n\n<p>-Completar el Registro de Emprendedores y Trabajadores de la Econom\u00eda Popular<\/p>\n\n\n\n<p><\/p>\n\n\n\n<p>Una vez completado este formulario, personal de la Coordinaci\u00f3n de Econom\u00eda Popular se comunicar\u00e1 para continuar con la gesti\u00f3n.<\/p>\n","protected":false},"excerpt":{"rendered":"<p>El Municipio puso en marcha la iniciativa que permite contar con un espacio equipado y habilitado para la producci\u00f3n. Fue<\/p>\n","protected":false},"author":5,"featured_media":176946,"comment_status":"closed","ping_status":"closed","sticky":false,"template":"","format":"standard","meta":{"_jetpack_memberships_contains_paid_content":false,"footnotes":""},"categories":[5,1],"tags":[],"class_list":["post-176945","post","type-post","status-publish","format-standard","has-post-thumbnail","hentry","category-informacion-general","category-portada"],"jetpack_featured_media_url":"https:\/\/i0.wp.com\/cdnoticias.com\/wp-content\/uploads\/2025\/07\/cocina-comunitaria-01.png?fit=800%2C445&ssl=1","jetpack_sharing_enabled":true,"_links":{"self":[{"href":"https:\/\/cdnoticias.com\/index.php\/wp-json\/wp\/v2\/posts\/176945","targetHints":{"allow":["GET"]}}],"collection":[{"href":"https:\/\/cdnoticias.com\/index.php\/wp-json\/wp\/v2\/posts"}],"about":[{"href":"https:\/\/cdnoticias.com\/index.php\/wp-json\/wp\/v2\/types\/post"}],"author":[{"embeddable":true,"href":"https:\/\/cdnoticias.com\/index.php\/wp-json\/wp\/v2\/users\/5"}],"replies":[{"embeddable":true,"href":"https:\/\/cdnoticias.com\/index.php\/wp-json\/wp\/v2\/comments?post=176945"}],"version-history":[{"count":0,"href":"https:\/\/cdnoticias.com\/index.php\/wp-json\/wp\/v2\/posts\/176945\/revisions"}],"wp:featuredmedia":[{"embeddable":true,"href":"https:\/\/cdnoticias.com\/index.php\/wp-json\/wp\/v2\/media\/176946"}],"wp:attachment":[{"href":"https:\/\/cdnoticias.com\/index.php\/wp-json\/wp\/v2\/media?parent=176945"}],"wp:term":[{"taxonomy":"category","embeddable":true,"href":"https:\/\/cdnoticias.com\/index.php\/wp-json\/wp\/v2\/categories?post=176945"},{"taxonomy":"post_tag","embeddable":true,"href":"https:\/\/cdnoticias.com\/index.php\/wp-json\/wp\/v2\/tags?post=176945"}],"curies":[{"name":"wp","href":"https:\/\/api.w.org\/{rel}","templated":true}]}}