{"id":176916,"date":"2025-07-15T20:00:07","date_gmt":"2025-07-15T23:00:07","guid":{"rendered":"https:\/\/cdnoticias.com\/?p=176916"},"modified":"2025-07-15T20:00:09","modified_gmt":"2025-07-15T23:00:09","slug":"provincia-mas-de-un-millon-de-extranjeros-podran-votar-un-23-mas-que-en-2021","status":"publish","type":"post","link":"https:\/\/cdnoticias.com\/index.php\/2025\/07\/15\/provincia-mas-de-un-millon-de-extranjeros-podran-votar-un-23-mas-que-en-2021\/","title":{"rendered":"Provincia: m\u00e1s de un mill\u00f3n de extranjeros podr\u00e1n votar, un 23% m\u00e1s que en 2021"},"content":{"rendered":"\n<p>La Junta Electoral bonaerense dio a conocer el padr\u00f3n electoral para las elecciones del 7 de septiembre.<\/p>\n\n\n\n<hr class=\"wp-block-separator aligncenter has-alpha-channel-opacity\"\/>\n\n\n\n<p>El pr\u00f3ximo <strong>domingo 7 de septiembre,<\/strong> <strong>m\u00e1s de un mill\u00f3n de extranjeros residentes en la provincia de Buenos Aires quedaron habilitados para participar en las elecciones legislativas bonaerenses<\/strong> lo que marca un<strong> fuerte crecimiento <\/strong>en comparaci\u00f3n con el comicio de hace cuatro a\u00f1os.<\/p>\n\n\n\n<p><\/p>\n\n\n\n<p>Seg\u00fan una resoluci\u00f3n de la Junta Electoral, <strong>el n\u00famero total de extranjeros en condiciones de elegir <\/strong>diputados o senadores provinciales, concejales y consejeros escolares<strong> es de 1.015.233.\u00a0<\/strong><\/p>\n\n\n\n<p><\/p>\n\n\n\n<blockquote class=\"wp-block-quote is-layout-flow wp-block-quote-is-layout-flow\">\n<p>La cifra marca un crecimiento de 23,7% en relaci\u00f3n con la votaci\u00f3n legislativa de 2021, cuando eran 820.530 los que estaban en condiciones de votar.<\/p>\n<\/blockquote>\n\n\n\n<p><\/p>\n\n\n\n<p>Sin embargo, este incremento no fue de la mano de la suba de electores en general en la provincia de Buenos Aires. Hace cuatro a\u00f1os eran 12.704.518 los bonaerenses en condiciones de ir al cuarto oscuro, mientras que ahora 13.361.359; es decir, un 5,1% m\u00e1s. En este contexto, la Justicia electoral orden\u00f3 la constituci\u00f3n de <strong>2401 mesas de extranjeros en los 135 distritos bonaerenses.<\/strong><\/p>\n\n\n\n<p><\/p>\n\n\n\n<h2 class=\"wp-block-heading\">Ciudades del interior con m\u00e1s de mil electores extranjeros<\/h2>\n\n\n\n<p>General Pueyrred\u00f3n 20.564<\/p>\n\n\n\n<p>Bah\u00eda Blanca 10.545<\/p>\n\n\n\n<p>Partido de la Costa 5.927<\/p>\n\n\n\n<p>Pinamar 5.420<\/p>\n\n\n\n<p>Villarino 3.770<\/p>\n\n\n\n<p>Villa Gesell 3.102<\/p>\n\n\n\n<p>Exaltaci\u00f3n de la Cruz 2.441<\/p>\n\n\n\n<p>Z\u00e1rate 2.344<\/p>\n\n\n\n<p>Tandil 2.058<\/p>\n\n\n\n<p>San Nicol\u00e1s 1.912<\/p>\n\n\n\n<p>Necochea 1.661<\/p>\n\n\n\n<p><strong>Olavarr\u00eda 1.653<\/strong><\/p>\n\n\n\n<p>Chivilcoy 1.518<\/p>\n\n\n\n<p>Chacabuco 1.287<\/p>\n\n\n\n<p>Patagones 1.310&nbsp;<\/p>\n\n\n\n<p><\/p>\n\n\n\n<h2 class=\"wp-block-heading\">Ciudades del conurbano con mayor cantidad de electores extranjeros<\/h2>\n\n\n\n<p>La Matanza 142.910<\/p>\n\n\n\n<p>Lomas de Zamora 66.799<\/p>\n\n\n\n<p>La Plata 63.148<\/p>\n\n\n\n<p>General San Mart\u00edn 57.433<\/p>\n\n\n\n<p>Moreno 47.011<\/p>\n\n\n\n<p>Quilmes 44.831<\/p>\n\n\n\n<p>Pilar 33.163<\/p>\n\n\n\n<p>Merlo 30.186<\/p>\n\n\n\n<p>Tres de Febrero 28.992<\/p>\n\n\n\n<p>Florencio Varela 28.363<\/p>\n\n\n\n<p><em>Fuente: DIB<\/em><\/p>\n\n\n\n<p><\/p>\n","protected":false},"excerpt":{"rendered":"<p>La Junta Electoral bonaerense dio a conocer el padr\u00f3n electoral para las elecciones del 7 de septiembre. El pr\u00f3ximo domingo<\/p>\n","protected":false},"author":6,"featured_media":92973,"comment_status":"closed","ping_status":"closed","sticky":false,"template":"","format":"standard","meta":{"_jetpack_memberships_contains_paid_content":false,"footnotes":""},"categories":[6,1],"tags":[],"class_list":["post-176916","post","type-post","status-publish","format-standard","has-post-thumbnail","hentry","category-nacionales","category-portada"],"jetpack_featured_media_url":"https:\/\/i0.wp.com\/cdnoticias.com\/wp-content\/uploads\/2023\/08\/DIB-PASO-urna-elecciones.jpg?fit=800%2C445&ssl=1","jetpack_sharing_enabled":true,"_links":{"self":[{"href":"https:\/\/cdnoticias.com\/index.php\/wp-json\/wp\/v2\/posts\/176916","targetHints":{"allow":["GET"]}}],"collection":[{"href":"https:\/\/cdnoticias.com\/index.php\/wp-json\/wp\/v2\/posts"}],"about":[{"href":"https:\/\/cdnoticias.com\/index.php\/wp-json\/wp\/v2\/types\/post"}],"author":[{"embeddable":true,"href":"https:\/\/cdnoticias.com\/index.php\/wp-json\/wp\/v2\/users\/6"}],"replies":[{"embeddable":true,"href":"https:\/\/cdnoticias.com\/index.php\/wp-json\/wp\/v2\/comments?post=176916"}],"version-history":[{"count":0,"href":"https:\/\/cdnoticias.com\/index.php\/wp-json\/wp\/v2\/posts\/176916\/revisions"}],"wp:featuredmedia":[{"embeddable":true,"href":"https:\/\/cdnoticias.com\/index.php\/wp-json\/wp\/v2\/media\/92973"}],"wp:attachment":[{"href":"https:\/\/cdnoticias.com\/index.php\/wp-json\/wp\/v2\/media?parent=176916"}],"wp:term":[{"taxonomy":"category","embeddable":true,"href":"https:\/\/cdnoticias.com\/index.php\/wp-json\/wp\/v2\/categories?post=176916"},{"taxonomy":"post_tag","embeddable":true,"href":"https:\/\/cdnoticias.com\/index.php\/wp-json\/wp\/v2\/tags?post=176916"}],"curies":[{"name":"wp","href":"https:\/\/api.w.org\/{rel}","templated":true}]}}