{"id":176896,"date":"2025-07-15T17:30:07","date_gmt":"2025-07-15T20:30:07","guid":{"rendered":"https:\/\/cdnoticias.com\/?p=176896"},"modified":"2025-07-15T17:30:10","modified_gmt":"2025-07-15T20:30:10","slug":"facso-quedo-conformado-el-nuevo-equipo-de-gestion","status":"publish","type":"post","link":"https:\/\/cdnoticias.com\/index.php\/2025\/07\/15\/facso-quedo-conformado-el-nuevo-equipo-de-gestion\/","title":{"rendered":"FACSO: qued\u00f3 conformado el nuevo equipo de gesti\u00f3n\u00a0"},"content":{"rendered":"\n<p>El nuevo gabinete estar\u00e1 integrado por graduadas y graduados de la Universidad Nacional del Centro de la Provincia de Buenos Aires.<\/p>\n\n\n\n<hr class=\"wp-block-separator aligncenter has-alpha-channel-opacity\"\/>\n\n\n\n<p>El pasado viernes, consejeras y consejeros del Honorable Consejo Acad\u00e9mico de la Facultad de Ciencias Sociales (UNICEN) <strong>aprobaron por unanimidad la designaci\u00f3n del equipo <\/strong>que estar\u00e1 al frente de las secretar\u00edas que integran la unidad acad\u00e9mica, y <strong>trabajar\u00e1n junto a la conducci\u00f3n de FACSO<\/strong>,<strong> el decano Doctor Gustavo Flensborg y el vicedecano Licenciado Nicol\u00e1s Casado.<\/strong><\/p>\n\n\n\n<p><\/p>\n\n\n\n<blockquote class=\"wp-block-quote is-layout-flow wp-block-quote-is-layout-flow\">\n<p>\u201cEl nuevo gabinete estar\u00e1 integrado por graduadas y graduados de la Universidad Nacional del Centro de la Provincia de Buenos Aires, la mayor\u00eda de nuestra unidad acad\u00e9mica\u201d expresaron desde la gesti\u00f3n.\u00a0<\/p>\n<\/blockquote>\n\n\n\n<p><\/p>\n\n\n\n<p>Finalmente detallaron el nuevo gabinete: La Secretar\u00eda Acad\u00e9mica estar\u00e1 a cargo de la Magister <strong>Suyai Compagnon<\/strong>; la Secretar\u00eda de Extensi\u00f3n, Bienestar y Transferencia ser\u00e1 coordinada por la Profesora <strong>Natalia Mengochea<\/strong>; en el caso de la Secretar\u00eda de Investigaci\u00f3n y Postgrado lo coordinar\u00e1 la Doctora <strong>Constanza Caffarelli;<\/strong> Secretar\u00eda General ser\u00e1 coordinada por el Ingeniero <strong>Guillermo Cicconi <\/strong>y la Subsecretar\u00eda Acad\u00e9mica la gestionar\u00e1 la Abogada <strong>Gabriela Del\u00eda.<\/strong><\/p>\n\n\n\n<p><\/p>\n","protected":false},"excerpt":{"rendered":"<p>El nuevo gabinete estar\u00e1 integrado por graduadas y graduados de la Universidad Nacional del Centro de la Provincia de Buenos<\/p>\n","protected":false},"author":6,"featured_media":176897,"comment_status":"closed","ping_status":"closed","sticky":false,"template":"","format":"standard","meta":{"_jetpack_memberships_contains_paid_content":false,"footnotes":""},"categories":[5,1],"tags":[],"class_list":["post-176896","post","type-post","status-publish","format-standard","has-post-thumbnail","hentry","category-informacion-general","category-portada"],"jetpack_featured_media_url":"https:\/\/i0.wp.com\/cdnoticias.com\/wp-content\/uploads\/2025\/07\/fasco-nueva-gestion-2025.jpg?fit=810%2C537&ssl=1","jetpack_sharing_enabled":true,"_links":{"self":[{"href":"https:\/\/cdnoticias.com\/index.php\/wp-json\/wp\/v2\/posts\/176896","targetHints":{"allow":["GET"]}}],"collection":[{"href":"https:\/\/cdnoticias.com\/index.php\/wp-json\/wp\/v2\/posts"}],"about":[{"href":"https:\/\/cdnoticias.com\/index.php\/wp-json\/wp\/v2\/types\/post"}],"author":[{"embeddable":true,"href":"https:\/\/cdnoticias.com\/index.php\/wp-json\/wp\/v2\/users\/6"}],"replies":[{"embeddable":true,"href":"https:\/\/cdnoticias.com\/index.php\/wp-json\/wp\/v2\/comments?post=176896"}],"version-history":[{"count":0,"href":"https:\/\/cdnoticias.com\/index.php\/wp-json\/wp\/v2\/posts\/176896\/revisions"}],"wp:featuredmedia":[{"embeddable":true,"href":"https:\/\/cdnoticias.com\/index.php\/wp-json\/wp\/v2\/media\/176897"}],"wp:attachment":[{"href":"https:\/\/cdnoticias.com\/index.php\/wp-json\/wp\/v2\/media?parent=176896"}],"wp:term":[{"taxonomy":"category","embeddable":true,"href":"https:\/\/cdnoticias.com\/index.php\/wp-json\/wp\/v2\/categories?post=176896"},{"taxonomy":"post_tag","embeddable":true,"href":"https:\/\/cdnoticias.com\/index.php\/wp-json\/wp\/v2\/tags?post=176896"}],"curies":[{"name":"wp","href":"https:\/\/api.w.org\/{rel}","templated":true}]}}