{"id":176891,"date":"2025-07-16T17:15:00","date_gmt":"2025-07-16T20:15:00","guid":{"rendered":"https:\/\/cdnoticias.com\/?p=176891"},"modified":"2025-07-16T17:15:02","modified_gmt":"2025-07-16T20:15:02","slug":"facso-lanzo-su-oferta-de-laboratorios-de-idiomas","status":"publish","type":"post","link":"https:\/\/cdnoticias.com\/index.php\/2025\/07\/16\/facso-lanzo-su-oferta-de-laboratorios-de-idiomas\/","title":{"rendered":"FACSO lanz\u00f3 su oferta de Laboratorios de Idiomas\u00a0"},"content":{"rendered":"\n<p>Abri\u00f3 la inscripci\u00f3n a los cursos de idiomas que se dictar\u00e1n a partir del mes de agosto. La propuesta contempla distintas lenguas y niveles, con modalidad virtual y presencial.<\/p>\n\n\n\n<hr class=\"wp-block-separator aligncenter has-alpha-channel-opacity\"\/>\n\n\n\n<p>El <strong>Laboratorio de Idiomas de la Facultad de Ciencias Sociales <\/strong>de la Universidad Nacional del Centro de la Provincia de Buenos Aires <strong>present\u00f3 su oferta de cursos correspondiente al segundo cuatrimestre de 2025.<\/strong><\/p>\n\n\n\n<p><\/p>\n\n\n\n<blockquote class=\"wp-block-quote is-layout-flow wp-block-quote-is-layout-flow\">\n<p>A partir de la segunda semana de agosto, se dictar\u00e1n distintos niveles de Alem\u00e1n, Ingl\u00e9s, Italiano, Mapuzugun y Lengua de Se\u00f1as Argentina.<\/p>\n<\/blockquote>\n\n\n\n<p><\/p>\n\n\n\n<p>Los cursos se desarrollar\u00e1n en <strong>modalidad virtual, <\/strong>con excepci\u00f3n de Lengua de Se\u00f1as e Ingl\u00e9s B1.1, que se dictar\u00e1n de<strong> forma presencial en el Complejo Universitario Olavarr\u00eda y el Centro Cultural Universitario<\/strong>, respectivamente.<\/p>\n\n\n\n<p><\/p>\n\n\n\n<blockquote class=\"wp-block-quote is-layout-flow wp-block-quote-is-layout-flow\">\n<p>Los contenidos de ense\u00f1anza est\u00e1n alineados con el Marco Com\u00fan Europeo de Referencia para las Lenguas (MCER), lo que garantiza est\u00e1ndares internacionales de calidad y certificaciones reconocidas en el \u00e1mbito acad\u00e9mico y profesional.<\/p>\n<\/blockquote>\n\n\n\n<p><\/p>\n\n\n\n<p>La inscripci\u00f3n cuenta de dos etapas: la primera es el registro online a trav\u00e9s del formulario y la segunda se completa con el pago del arancel correspondiente mediante facturaci\u00f3n electr\u00f3nica.\u00a0<\/p>\n\n\n\n<p><\/p>\n\n\n\n<p>Los aranceles var\u00edan seg\u00fan el curso y la condici\u00f3n del\/la estudiante (externo\/a, estudiante o personal de UNICEN). Para m\u00e1s informaci\u00f3n sobre horarios, niveles, docentes y valores, las personas interesadas pueden consultar el detalle completo en el sitio oficial de la Facultad o comunicarse por correo electr\u00f3nico a <strong>idiomas@soc.unicen.edu.ar.<\/strong><\/p>\n\n\n\n<p><\/p>\n\n\n\n<p><strong>Cursos virtuales<\/strong><\/p>\n\n\n\n<ul class=\"wp-block-list\">\n<li>Alem\u00e1n B2. Lunes de 13:00 a 14:30 horas y jueves de 12:00 a 13.30 horas a cargo de la Profesora Patricia Herr.<\/li>\n<\/ul>\n\n\n\n<ul class=\"wp-block-list\">\n<li>Ingl\u00e9s A1.2 &#8211; Principiante, segunda parte. Comisi\u00f3n 1: martes de 8:30 a 10:00 horas a cargo de la Profesora Jimena Urruti.<\/li>\n<\/ul>\n\n\n\n<ul class=\"wp-block-list\">\n<li>Ingl\u00e9s A1.2 &#8211; Principiante, segunda parte. Comisi\u00f3n 2: martes de 15:30 a 17:00 horas a cargo de la Profesora Jimena Urruti.<\/li>\n<\/ul>\n\n\n\n<ul class=\"wp-block-list\">\n<li>Ingl\u00e9s A2.2 &#8211; Elemental, segunda parte. Comisi\u00f3n 1: jueves de 8:30 a 10:00 horas a cargo de la Profesora Jimena Urruti.<\/li>\n<\/ul>\n\n\n\n<ul class=\"wp-block-list\">\n<li>Ingl\u00e9s A2.2 -Elemental, segunda parte. Comisi\u00f3n 2: jueves de 14:00  a 15:30 horas a cargo de la Profesora Jimena Urruti.<\/li>\n<\/ul>\n\n\n\n<ul class=\"wp-block-list\">\n<li>Ingl\u00e9s A2+.2 &#8211; Intermedio, segunda parte. Jueves de 16:00 a 17:30 horas a cargo de la Profesora Jimena Urruti.<\/li>\n<\/ul>\n\n\n\n<ul class=\"wp-block-list\">\n<li> Mapuzugun I &#8211; Principiante. Lunes de 18:30 a 20:30 horas a cargo de la Profesora Mirta Mill\u00e1n y los Profesores Guillermo Aramburu y Dar\u00edo Pu\u00f1alef.<\/li>\n<\/ul>\n\n\n\n<p><strong>Cursos Presenciales<\/strong><\/p>\n\n\n\n<ul class=\"wp-block-list\">\n<li>Ingl\u00e9s B1.1 &#8211; Intermedio elemental, primera parte. Lunes de 16:00 a 18:00 horas a cargo de la Profesora Jimena Urruti. Sede: Centro Cultural Universitario, San Mart\u00edn 1955.<\/li>\n<\/ul>\n\n\n\n<ul class=\"wp-block-list\">\n<li>Lengua de Se\u00f1as &#8211; Nivel A2. S\u00e1bados de 15:30 a 17:00 horas a cargo de la Profesora Noelia Diaz y el instructor sordo Agust\u00edn Vitale. Sede: Complejo Universitario Olavarr\u00eda, avenida Del Valle 5737.<\/li>\n<\/ul>\n\n\n\n<p><\/p>\n","protected":false},"excerpt":{"rendered":"<p>Abri\u00f3 la inscripci\u00f3n a los cursos de idiomas que se dictar\u00e1n a partir del mes de agosto. La propuesta contempla<\/p>\n","protected":false},"author":6,"featured_media":176892,"comment_status":"closed","ping_status":"closed","sticky":false,"template":"","format":"standard","meta":{"_jetpack_memberships_contains_paid_content":false,"footnotes":""},"categories":[5,1],"tags":[],"class_list":["post-176891","post","type-post","status-publish","format-standard","has-post-thumbnail","hentry","category-informacion-general","category-portada"],"jetpack_featured_media_url":"https:\/\/i0.wp.com\/cdnoticias.com\/wp-content\/uploads\/2025\/07\/laboratorio-idiomas-fascso.jpg?fit=900%2C492&ssl=1","jetpack_sharing_enabled":true,"_links":{"self":[{"href":"https:\/\/cdnoticias.com\/index.php\/wp-json\/wp\/v2\/posts\/176891","targetHints":{"allow":["GET"]}}],"collection":[{"href":"https:\/\/cdnoticias.com\/index.php\/wp-json\/wp\/v2\/posts"}],"about":[{"href":"https:\/\/cdnoticias.com\/index.php\/wp-json\/wp\/v2\/types\/post"}],"author":[{"embeddable":true,"href":"https:\/\/cdnoticias.com\/index.php\/wp-json\/wp\/v2\/users\/6"}],"replies":[{"embeddable":true,"href":"https:\/\/cdnoticias.com\/index.php\/wp-json\/wp\/v2\/comments?post=176891"}],"version-history":[{"count":0,"href":"https:\/\/cdnoticias.com\/index.php\/wp-json\/wp\/v2\/posts\/176891\/revisions"}],"wp:featuredmedia":[{"embeddable":true,"href":"https:\/\/cdnoticias.com\/index.php\/wp-json\/wp\/v2\/media\/176892"}],"wp:attachment":[{"href":"https:\/\/cdnoticias.com\/index.php\/wp-json\/wp\/v2\/media?parent=176891"}],"wp:term":[{"taxonomy":"category","embeddable":true,"href":"https:\/\/cdnoticias.com\/index.php\/wp-json\/wp\/v2\/categories?post=176891"},{"taxonomy":"post_tag","embeddable":true,"href":"https:\/\/cdnoticias.com\/index.php\/wp-json\/wp\/v2\/tags?post=176891"}],"curies":[{"name":"wp","href":"https:\/\/api.w.org\/{rel}","templated":true}]}}