{"id":176883,"date":"2025-07-15T12:09:47","date_gmt":"2025-07-15T15:09:47","guid":{"rendered":"https:\/\/cdnoticias.com\/?p=176883"},"modified":"2025-07-15T12:09:49","modified_gmt":"2025-07-15T15:09:49","slug":"tormenta-hay-alerta-naranja-en-azul-y-suspendieron-las-clases","status":"publish","type":"post","link":"https:\/\/cdnoticias.com\/index.php\/2025\/07\/15\/tormenta-hay-alerta-naranja-en-azul-y-suspendieron-las-clases\/","title":{"rendered":"Tormenta: hay alerta naranja en Azul y suspendieron las clases"},"content":{"rendered":"<p>\u201cSe ha decidido suspender las clases en el d\u00eda de hoy, en los turnos tarde y vespertino\u201d inform\u00f3 la Municipalidad de Azul. Alcanza a todos los niveles educativos.<!--more--><\/p>\n<hr \/>\n<p><a href=\"https:\/\/cdnoticias.com\/index.php\/2025\/07\/15\/se-extendio-el-alerta-por-tormenta-y-el-municipio-suspendio-actividades\/\" target=\"_blank\" rel=\"noopener\">Tal como se inform\u00f3<\/a>, el <strong>Servicio Meteorol\u00f3gico Nacional<\/strong> emiti\u00f3 un <strong>alerta amarillo para este martes a la tarde y naranja para la noche y la madrugada<\/strong> en el distrito de <strong>Azul<\/strong> por tormenta.<\/p>\n<p>En ese sentido, se dispuso la <strong>suspensi\u00f3n de clases en todos los niveles<\/strong>.<\/p>\n<blockquote><p>\u201cEl Municipio de Azul informa a la comunidad que ante el alerta meteorol\u00f3gico difundido por el SMN, desde Jefatura Educativa Distrital en conjunto con la Direcci\u00f3n Municipal de Educaci\u00f3n se ha decidido suspender las clases en el d\u00eda de hoy, en los turnos tarde y vespertino de todas las casas municipales y escuelas y niveles del distrito\u201d comunic\u00f3 la vecina comuna.<\/p><\/blockquote>\n<p>El SMN advirti\u00f3 para la noche y la madrugada que <strong>\u201cel \u00e1rea ser\u00e1 afectada por lluvias y tormentas<\/strong>, algunas fuertes o localmente severas. Las mismas podr\u00e1n estar acompa\u00f1adas por actividad el\u00e9ctrica, ocasional ca\u00edda de granizo, r\u00e1fagas y fundamentalmente abundante ca\u00edda de agua en cortos per\u00edodos. Se prev\u00e9n <strong>valores de precipitaci\u00f3n acumulada entre 70 y 100 mm<\/strong>, pudiendo ser superados en forma puntual\u201d. Alcanza a los distritos de <em>Azul, Rauch, Tapalqu\u00e9, la zona baja de Benito Ju\u00e1rez y la zona baja de Tandil.<\/em><\/p>\n","protected":false},"excerpt":{"rendered":"<p>\u201cSe ha decidido suspender las clases en el d\u00eda de hoy, en los turnos tarde y vespertino\u201d inform\u00f3 la Municipalidad<\/p>\n","protected":false},"author":4,"featured_media":105983,"comment_status":"closed","ping_status":"closed","sticky":false,"template":"","format":"standard","meta":{"_jetpack_memberships_contains_paid_content":false,"footnotes":""},"categories":[6,1],"tags":[],"class_list":["post-176883","post","type-post","status-publish","format-standard","has-post-thumbnail","hentry","category-nacionales","category-portada"],"jetpack_featured_media_url":"https:\/\/i0.wp.com\/cdnoticias.com\/wp-content\/uploads\/2024\/01\/municipalidad-de-azul.jpg?fit=1200%2C667&ssl=1","jetpack_sharing_enabled":true,"_links":{"self":[{"href":"https:\/\/cdnoticias.com\/index.php\/wp-json\/wp\/v2\/posts\/176883","targetHints":{"allow":["GET"]}}],"collection":[{"href":"https:\/\/cdnoticias.com\/index.php\/wp-json\/wp\/v2\/posts"}],"about":[{"href":"https:\/\/cdnoticias.com\/index.php\/wp-json\/wp\/v2\/types\/post"}],"author":[{"embeddable":true,"href":"https:\/\/cdnoticias.com\/index.php\/wp-json\/wp\/v2\/users\/4"}],"replies":[{"embeddable":true,"href":"https:\/\/cdnoticias.com\/index.php\/wp-json\/wp\/v2\/comments?post=176883"}],"version-history":[{"count":0,"href":"https:\/\/cdnoticias.com\/index.php\/wp-json\/wp\/v2\/posts\/176883\/revisions"}],"wp:featuredmedia":[{"embeddable":true,"href":"https:\/\/cdnoticias.com\/index.php\/wp-json\/wp\/v2\/media\/105983"}],"wp:attachment":[{"href":"https:\/\/cdnoticias.com\/index.php\/wp-json\/wp\/v2\/media?parent=176883"}],"wp:term":[{"taxonomy":"category","embeddable":true,"href":"https:\/\/cdnoticias.com\/index.php\/wp-json\/wp\/v2\/categories?post=176883"},{"taxonomy":"post_tag","embeddable":true,"href":"https:\/\/cdnoticias.com\/index.php\/wp-json\/wp\/v2\/tags?post=176883"}],"curies":[{"name":"wp","href":"https:\/\/api.w.org\/{rel}","templated":true}]}}