{"id":176878,"date":"2025-07-15T12:19:25","date_gmt":"2025-07-15T15:19:25","guid":{"rendered":"https:\/\/cdnoticias.com\/?p=176878"},"modified":"2025-07-15T18:06:54","modified_gmt":"2025-07-15T21:06:54","slug":"los-palmares-nueva-reunion-de-la-comision-de-infraestructura-del-hcd","status":"publish","type":"post","link":"https:\/\/cdnoticias.com\/index.php\/2025\/07\/15\/los-palmares-nueva-reunion-de-la-comision-de-infraestructura-del-hcd\/","title":{"rendered":"Los Palmares: nueva reuni\u00f3n de la comisi\u00f3n de Infraestructura del HCD"},"content":{"rendered":"\n<p>Concurrieron el ex subsecretario de Legal y T\u00e9cnica Marcelo Fabbi, la actual subsecretaria Ver\u00f3nica Martel y la directora, Ayel\u00e9n Bah\u00eda.<\/p>\n\n\n\n<hr class=\"wp-block-separator has-alpha-channel-opacity\"\/>\n\n\n\n<p>En el marco del tratamiento del convenio urban\u00edstico del proyecto \u201cLos Palmares\u201d, la Comisi\u00f3n de Infraestructura del Honorable Concejo Deliberante de Olavarr\u00eda recibi\u00f3 este lunes al <strong>ex subsecretario de Legal y T\u00e9cnica del Municipio, Marcelo Fabbi. <\/strong>Luego, asistieron a la comisi\u00f3n <strong>la actual subsecretaria, Ver\u00f3nica Martel, y la directora, Ayel\u00e9n Bah\u00eda.<\/strong><\/p>\n\n\n\n<p><\/p>\n\n\n\n<p>Seg\u00fan indicaron desde el \u00e1rea de prensa del HCD, durante su intervenci\u00f3n, Fabbi explic\u00f3 que el expediente inici\u00f3 su curso a trav\u00e9s del \u00e1rea de Obras P\u00fablicas, sin intervenci\u00f3n directa del \u00e1rea Legal en su primera etapa, y que <strong>la &#8220;decisi\u00f3n pol\u00edtica&#8221; de avanzar estuvo motivada por el aumento del banco de tierras municipal.<\/strong><\/p>\n\n\n\n<p><\/p>\n\n\n\n<p>Asimismo, se\u00f1al\u00f3 que<strong> la Direcci\u00f3n de Planeamiento Urbano fue el \u00e1rea &#8220;rectora&#8221; hasta el momento de la firma del convenio, que este \u00faltimo s\u00ed fue redactado por la Subsecretar\u00eda de Legal y T\u00e9cnica, <\/strong>incluyendo las obligaciones de ambas partes.<\/p>\n\n\n\n<p><\/p>\n\n\n\n<figure class=\"wp-block-image size-full\"><img data-recalc-dims=\"1\" loading=\"lazy\" decoding=\"async\" width=\"800\" height=\"445\" src=\"https:\/\/i0.wp.com\/cdnoticias.com\/wp-content\/uploads\/2025\/07\/hcd-los-palmares-fabbi-03.png?resize=800%2C445&#038;ssl=1\" alt=\"\" class=\"wp-image-176880\" srcset=\"https:\/\/i0.wp.com\/cdnoticias.com\/wp-content\/uploads\/2025\/07\/hcd-los-palmares-fabbi-03.png?w=800&amp;ssl=1 800w, https:\/\/i0.wp.com\/cdnoticias.com\/wp-content\/uploads\/2025\/07\/hcd-los-palmares-fabbi-03.png?resize=300%2C167&amp;ssl=1 300w, https:\/\/i0.wp.com\/cdnoticias.com\/wp-content\/uploads\/2025\/07\/hcd-los-palmares-fabbi-03.png?resize=768%2C427&amp;ssl=1 768w\" sizes=\"auto, (max-width: 800px) 100vw, 800px\" \/><figcaption class=\"wp-element-caption\">Marcelo Fabbi, ex subsecretario de Legal y T\u00e9cnica del Municipio.<\/figcaption><\/figure>\n\n\n\n<p><\/p>\n\n\n\n<p>Seg\u00fan detall\u00f3, <strong>el privado deb\u00eda ejecutar las obras de infraestructura \u2014calles, red de electricidad y gas\u2014, mientras que el Municipio asumi\u00f3 las gestiones administrativas necesarias para elevar el convenio al Concejo Deliberante y declarar el proyecto de inter\u00e9s social<\/strong>, en el marco de la Ley de Acceso Justo al H\u00e1bitat.<\/p>\n\n\n\n<p><\/p>\n\n\n\n<p>En relaci\u00f3n con las <strong>consultas vecinales sobre la venta de lotes<\/strong>, el exfuncionario sostuvo que <strong>no se recibieron denuncias formales, aunque s\u00ed se acercaron &#8220;entre 10 y 15 personas a realizar consultas al Municipio&#8221;.<\/strong> En ese sentido, remarc\u00f3 que <strong>desde su \u00e1rea se &#8220;desalent\u00f3 la compra&#8221;, al advertir que el expediente a\u00fan estaba en estado inicial.<\/strong><\/p>\n\n\n\n<p><\/p>\n\n\n\n<blockquote class=\"wp-block-quote is-layout-flow wp-block-quote-is-layout-flow\">\n<p>Seg\u00fan indic\u00f3 fue a partir de esas consultas que junto a la entonces directora de Planeamiento, Florencia Mar\u00edn, se difundieron gacetillas de prensa oficiales para alertar a la comunidad sobre la situaci\u00f3n del proyecto. Fabbi asegur\u00f3 que nunca constat\u00f3 la existencia de boletos de compraventa y consider\u00f3 que, sin denuncias formales, el Estado &#8220;no tiene facultades para intervenir en operaciones entre privados&#8221;.<\/p>\n<\/blockquote>\n\n\n\n<p><\/p>\n\n\n\n<p>Fabbi adem\u00e1s afirm\u00f3 <strong>no haber tenido contacto directo con integrantes del fideicomiso ni haber participado en la reuni\u00f3n donde se firm\u00f3 el convenio.<\/strong><\/p>\n\n\n\n<p><\/p>\n\n\n\n<figure class=\"wp-block-image size-full\"><img data-recalc-dims=\"1\" loading=\"lazy\" decoding=\"async\" width=\"800\" height=\"445\" src=\"https:\/\/i0.wp.com\/cdnoticias.com\/wp-content\/uploads\/2025\/07\/hcd-los-palmares-martel-bahia-04.png?resize=800%2C445&#038;ssl=1\" alt=\"\" class=\"wp-image-176879\" srcset=\"https:\/\/i0.wp.com\/cdnoticias.com\/wp-content\/uploads\/2025\/07\/hcd-los-palmares-martel-bahia-04.png?w=800&amp;ssl=1 800w, https:\/\/i0.wp.com\/cdnoticias.com\/wp-content\/uploads\/2025\/07\/hcd-los-palmares-martel-bahia-04.png?resize=300%2C167&amp;ssl=1 300w, https:\/\/i0.wp.com\/cdnoticias.com\/wp-content\/uploads\/2025\/07\/hcd-los-palmares-martel-bahia-04.png?resize=768%2C427&amp;ssl=1 768w\" sizes=\"auto, (max-width: 800px) 100vw, 800px\" \/><figcaption class=\"wp-element-caption\">Actual subsecretaria de Legal y T\u00e9cnica, Ver\u00f3nica Martel, y directora del \u00e1rea, Ayel\u00e9n Bah\u00eda.<\/figcaption><\/figure>\n\n\n\n<p><\/p>\n\n\n\n<p>Luego del testimonio del ex subsecretario Marcelo Fabbi, la Comisi\u00f3n de Infraestructura del Honorable Concejo Deliberante de Olavarr\u00eda recibi\u00f3 a la<strong> actual subsecretaria de Legal y T\u00e9cnica, Ver\u00f3nica Martel, y a la directora del \u00e1rea, Ayel\u00e9n Bah\u00eda.<\/strong><\/p>\n\n\n\n<p><\/p>\n\n\n\n<p>Las funcionarias explicaron que, en un primer momento,<strong> el expediente fue retirado por el Ejecutivo del Concejo Deliberante para ser analizado<\/strong> ante \u201cposibles irregularidades&#8221;.<\/p>\n\n\n\n<p><\/p>\n\n\n\n<p>Posteriormente, <strong>se presentaron reclamos formales por parte de vecinos<\/strong>, los cuales fueron incorporados al expediente administrativo. En relaci\u00f3n con esos casos, Martel se\u00f1al\u00f3: \u201cnosotros no podemos hacer un an\u00e1lisis de los boletos, pero s\u00ed tenemos la obligaci\u00f3n de poner esa situaci\u00f3n en conocimiento del Concejo Deliberante\u201d.<\/p>\n\n\n\n<p><\/p>\n\n\n\n<blockquote class=\"wp-block-quote is-layout-flow wp-block-quote-is-layout-flow\">\n<p>En ese sentido, enfatiz\u00f3: \u201cdeb\u00edamos advertirlo y no actuar como si no existieran. Hab\u00eda vecinos que hab\u00edan comprado lotes y quer\u00edan acceder a los mismos, por lo que deb\u00edamos darles una respuesta institucional\u201d.<\/p>\n<\/blockquote>\n\n\n\n<p><\/p>\n\n\n\n<p>Tambi\u00e9n informaron que se organiz\u00f3 una <strong>reuni\u00f3n general con los vecinos que hab\u00edan adquirido lotes<\/strong>, con el objetivo de informarles sobre el estado actual del expediente y la constituci\u00f3n del fideicomiso en forma posterior.<\/p>\n\n\n\n<p><\/p>\n\n\n\n<figure class=\"wp-block-image size-full\"><img data-recalc-dims=\"1\" loading=\"lazy\" decoding=\"async\" width=\"800\" height=\"445\" src=\"https:\/\/i0.wp.com\/cdnoticias.com\/wp-content\/uploads\/2025\/07\/hcd-los-palmares-02.png?resize=800%2C445&#038;ssl=1\" alt=\"\" class=\"wp-image-176881\" srcset=\"https:\/\/i0.wp.com\/cdnoticias.com\/wp-content\/uploads\/2025\/07\/hcd-los-palmares-02.png?w=800&amp;ssl=1 800w, https:\/\/i0.wp.com\/cdnoticias.com\/wp-content\/uploads\/2025\/07\/hcd-los-palmares-02.png?resize=300%2C167&amp;ssl=1 300w, https:\/\/i0.wp.com\/cdnoticias.com\/wp-content\/uploads\/2025\/07\/hcd-los-palmares-02.png?resize=768%2C427&amp;ssl=1 768w\" sizes=\"auto, (max-width: 800px) 100vw, 800px\" \/><\/figure>\n\n\n\n<p><\/p>\n\n\n\n<p>\u201c<strong>Tambi\u00e9n nos reunimos con integrantes del fideicomiso<\/strong> para advertirles que hab\u00eda vecinos que hab\u00edan iniciado un expediente manifestando que hab\u00edan adquirido lotes en forma previa a su conformaci\u00f3n\u201d, indicaron.<\/p>\n\n\n\n<p><\/p>\n\n\n\n<p>Las funcionarias remarcaron la importancia de brindar transparencia institucional al proceso y de mantener informado al Concejo Deliberante sobre el avance del convenio y los reclamos recibidos, a fin de que se eval\u00fae su tratamiento en el marco de la legalidad vigente.<\/p>\n","protected":false},"excerpt":{"rendered":"<p>Concurrieron el ex subsecretario de Legal y T\u00e9cnica Marcelo Fabbi, la actual subsecretaria Ver\u00f3nica Martel y la directora, Ayel\u00e9n Bah\u00eda.<\/p>\n","protected":false},"author":5,"featured_media":176882,"comment_status":"closed","ping_status":"closed","sticky":false,"template":"","format":"standard","meta":{"_jetpack_memberships_contains_paid_content":false,"footnotes":""},"categories":[4,1],"tags":[],"class_list":["post-176878","post","type-post","status-publish","format-standard","has-post-thumbnail","hentry","category-politica","category-portada"],"jetpack_featured_media_url":"https:\/\/i0.wp.com\/cdnoticias.com\/wp-content\/uploads\/2025\/07\/hcd-los-palmares-01.png?fit=800%2C445&ssl=1","jetpack_sharing_enabled":true,"_links":{"self":[{"href":"https:\/\/cdnoticias.com\/index.php\/wp-json\/wp\/v2\/posts\/176878","targetHints":{"allow":["GET"]}}],"collection":[{"href":"https:\/\/cdnoticias.com\/index.php\/wp-json\/wp\/v2\/posts"}],"about":[{"href":"https:\/\/cdnoticias.com\/index.php\/wp-json\/wp\/v2\/types\/post"}],"author":[{"embeddable":true,"href":"https:\/\/cdnoticias.com\/index.php\/wp-json\/wp\/v2\/users\/5"}],"replies":[{"embeddable":true,"href":"https:\/\/cdnoticias.com\/index.php\/wp-json\/wp\/v2\/comments?post=176878"}],"version-history":[{"count":0,"href":"https:\/\/cdnoticias.com\/index.php\/wp-json\/wp\/v2\/posts\/176878\/revisions"}],"wp:featuredmedia":[{"embeddable":true,"href":"https:\/\/cdnoticias.com\/index.php\/wp-json\/wp\/v2\/media\/176882"}],"wp:attachment":[{"href":"https:\/\/cdnoticias.com\/index.php\/wp-json\/wp\/v2\/media?parent=176878"}],"wp:term":[{"taxonomy":"category","embeddable":true,"href":"https:\/\/cdnoticias.com\/index.php\/wp-json\/wp\/v2\/categories?post=176878"},{"taxonomy":"post_tag","embeddable":true,"href":"https:\/\/cdnoticias.com\/index.php\/wp-json\/wp\/v2\/tags?post=176878"}],"curies":[{"name":"wp","href":"https:\/\/api.w.org\/{rel}","templated":true}]}}