{"id":176872,"date":"2025-07-15T16:30:30","date_gmt":"2025-07-15T19:30:30","guid":{"rendered":"https:\/\/cdnoticias.com\/?p=176872"},"modified":"2025-07-15T16:30:32","modified_gmt":"2025-07-15T19:30:32","slug":"el-salario-privado-lleva-cuatro-meses-seguidos-de-caida-y-acumula-un-retroceso-del-55","status":"publish","type":"post","link":"https:\/\/cdnoticias.com\/index.php\/2025\/07\/15\/el-salario-privado-lleva-cuatro-meses-seguidos-de-caida-y-acumula-un-retroceso-del-55\/","title":{"rendered":"El salario privado lleva cuatro meses seguidos de ca\u00edda y acumula un retroceso del 5,5%"},"content":{"rendered":"\n<p>Son datos del Sistema Integrado Previsional Argentino (SIPA). Desde que asumi\u00f3 Milei el desplome llega, en promedio, al 15,5%.<\/p>\n\n\n\n<hr class=\"wp-block-separator has-alpha-channel-opacity\"\/>\n\n\n\n<p>Mientras que la ca\u00edda del n\u00famero de trabajadores registrados desde noviembre de 2023, \u00faltimo mes del Gobierno de Alberto Fern\u00e1ndez, <strong>afect\u00f3 a 183.447 personas, el salario acumula cuatro meses seguidos de retroceso.<\/strong><\/p>\n\n\n\n<p><\/p>\n\n\n\n<p>Seg\u00fan datos del <strong>Sistema Integrado Previsional Argentino (SIPA),<\/strong> analizado por el investigador del<strong> Instituto de Estudios y Formaci\u00f3n de la CTA \u2013 Aut\u00f3noma, Luis Campos<\/strong>, en el sector privado ahora es el salario el que m\u00e1s est\u00e1 sufriendo. \u201c<strong>Lleva cuatro meses consecutivos de ca\u00edda y acumula un retroceso del 5,5% entre enero y mayo.<\/strong> Volvi\u00f3 a quedar por debajo de noviembre de 2023 (un 1,4%) y borr\u00f3 la suba de los \u00faltimos meses de 2024\u201d, destac\u00f3.<\/p>\n\n\n\n<p><\/p>\n\n\n\n<p>A trav\u00e9s de un hilo en la red social X, resalt\u00f3 que con esta ca\u00edda el salario medido por el SIPA, que no distingue la cantidad de horas trabajadas, se acerca al publicado por el INDEC, que s\u00ed las considera<strong>. \u201cLa lectura es clara: el salario se estanc\u00f3 hace varios meses en niveles levemente inferiores a los de noviembre de 2023<\/strong>\u201d, reconoci\u00f3.<\/p>\n\n\n\n<p><\/p>\n\n\n\n<p>Sin embargo, <strong>para el sector p\u00fablico la situaci\u00f3n es completamente diferente. <\/strong>El retroceso salarial desde fines de 2023, cuando asumi\u00f3 el poder Javier Milei, es muy importante y<strong> llega, en promedio, al 15,5%. <\/strong>Pero en el caso del estado nacional la ca\u00edda es impactante: contra noviembre de 2023 fue del 31,6%.<\/p>\n\n\n\n<p><\/p>\n\n\n\n<p><strong>En lo que respecta al empleo en el sector privado, Campos asegur\u00f3 que entr\u00f3 en una fase err\u00e1tica: <\/strong>subi\u00f3 en diciembre, cay\u00f3 en enero, subi\u00f3 en febrero, cay\u00f3 en marzo y volvi\u00f3 a subir en abril. Contra julio de 2024 se crearon 30.000 puestos de trabajo, un ritmo que apenas acompa\u00f1a el crecimiento de la poblaci\u00f3n. Como viene informando DIB, los problemas de empleo se han profundizado en los \u00faltimos meses en la provincia de Buenos Aires.<\/p>\n\n\n\n<p><\/p>\n\n\n\n<blockquote class=\"wp-block-quote is-layout-flow wp-block-quote-is-layout-flow\">\n<p>\u201cLa estrella en el sector privado es el comercio. Contra noviembre de 2023 acumula un aumento de 24.295 trabajadores. La contracara es la industria con 32.455 trabajadores menos. Por su parte, el golpe inicial en la construcci\u00f3n fue m\u00e1s fuerte, pero viene recuperando\u201d, sostuvo.<\/p>\n<\/blockquote>\n\n\n\n<p><\/p>\n\n\n\n<p>En el <strong>sector p\u00fablico<\/strong>, en tanto, la sangr\u00eda se detuvo en abril, pero el retroceso acumulado sigue siendo muy importante. <strong>En el total nacional hay 55.706 trabajadores menos<\/strong>, la mayor\u00eda de ellos provenientes del Estado Nacional por la \u201cmotosierra\u201d de Milei y del ministro de Desregulaci\u00f3n, Federico Sturzenegger.<\/p>\n\n\n\n<p><\/p>\n\n\n\n<p><em>Fuente: DIB.<\/em><\/p>\n","protected":false},"excerpt":{"rendered":"<p>Son datos del Sistema Integrado Previsional Argentino (SIPA). Desde que asumi\u00f3 Milei el desplome llega, en promedio, al 15,5%. Mientras<\/p>\n","protected":false},"author":5,"featured_media":174405,"comment_status":"closed","ping_status":"closed","sticky":false,"template":"","format":"standard","meta":{"_jetpack_memberships_contains_paid_content":false,"footnotes":""},"categories":[6,1],"tags":[],"class_list":["post-176872","post","type-post","status-publish","format-standard","has-post-thumbnail","hentry","category-nacionales","category-portada"],"jetpack_featured_media_url":"https:\/\/i0.wp.com\/cdnoticias.com\/wp-content\/uploads\/2025\/06\/pesos-cajero-banco.jpg?fit=630%2C420&ssl=1","jetpack_sharing_enabled":true,"_links":{"self":[{"href":"https:\/\/cdnoticias.com\/index.php\/wp-json\/wp\/v2\/posts\/176872","targetHints":{"allow":["GET"]}}],"collection":[{"href":"https:\/\/cdnoticias.com\/index.php\/wp-json\/wp\/v2\/posts"}],"about":[{"href":"https:\/\/cdnoticias.com\/index.php\/wp-json\/wp\/v2\/types\/post"}],"author":[{"embeddable":true,"href":"https:\/\/cdnoticias.com\/index.php\/wp-json\/wp\/v2\/users\/5"}],"replies":[{"embeddable":true,"href":"https:\/\/cdnoticias.com\/index.php\/wp-json\/wp\/v2\/comments?post=176872"}],"version-history":[{"count":0,"href":"https:\/\/cdnoticias.com\/index.php\/wp-json\/wp\/v2\/posts\/176872\/revisions"}],"wp:featuredmedia":[{"embeddable":true,"href":"https:\/\/cdnoticias.com\/index.php\/wp-json\/wp\/v2\/media\/174405"}],"wp:attachment":[{"href":"https:\/\/cdnoticias.com\/index.php\/wp-json\/wp\/v2\/media?parent=176872"}],"wp:term":[{"taxonomy":"category","embeddable":true,"href":"https:\/\/cdnoticias.com\/index.php\/wp-json\/wp\/v2\/categories?post=176872"},{"taxonomy":"post_tag","embeddable":true,"href":"https:\/\/cdnoticias.com\/index.php\/wp-json\/wp\/v2\/tags?post=176872"}],"curies":[{"name":"wp","href":"https:\/\/api.w.org\/{rel}","templated":true}]}}