{"id":176868,"date":"2025-07-16T08:26:07","date_gmt":"2025-07-16T11:26:07","guid":{"rendered":"https:\/\/cdnoticias.com\/?p=176868"},"modified":"2025-07-16T08:26:09","modified_gmt":"2025-07-16T11:26:09","slug":"se-anuncio-la-expo-rural-bolivar-con-un-innovador-sistema-de-entradas-reintegrables","status":"publish","type":"post","link":"https:\/\/cdnoticias.com\/index.php\/2025\/07\/16\/se-anuncio-la-expo-rural-bolivar-con-un-innovador-sistema-de-entradas-reintegrables\/","title":{"rendered":"Se anunci\u00f3 la Expo Rural Bol\u00edvar con un innovador sistema de entradas reintegrables"},"content":{"rendered":"<p>La 96\u00aa Exposici\u00f3n Rural, del 13 al 21 de septiembre. Tendr\u00e1 un modelo \u00fanico de vouchers: el valor de la entrada se devolver\u00e1 en su totalidad para compras en comercios adheridos.<!--more--><\/p>\n<hr \/>\n<p>En la<strong> Sociedad Rural de Bol\u00edvar<\/strong> se anunci\u00f3 oficialmente la realizaci\u00f3n de la <strong>96\u00b0 Exposici\u00f3n Rural<\/strong>, que tendr\u00e1 lugar<strong> del 13 al 21 de septiembre<\/strong>. El evento fue presentado en conferencia de prensa por<em> Jos\u00e9 Gabriel Erreca, presidente de la Sociedad Rural de Bol\u00edvar; Alejandro Tamborenea, secretario de la instituci\u00f3n; Jorge Aguirre, presidente de la C\u00e1mara Comercial de Bol\u00edvar, y Carolina Barrio, gerente de la entidad comercial<\/em>.<\/p>\n<p>Jos\u00e9 Gabriel Erreca destac\u00f3 que <strong>\u201cpr\u00e1cticamente todos los espacios internos y externos ya est\u00e1n reservados\u201d<\/strong>, subrayando la expectativa generada desde que finaliz\u00f3 la \u00faltima Expo. Adem\u00e1s, inform\u00f3 que este a\u00f1o la muestra se correr\u00e1 una semana debido a las elecciones previstas para el domingo 7 de septiembre.<\/p>\n<blockquote><p>Jorge Aguirre y Carolina Barrio anunciaron un sistema innovador que busca fomentar el consumo local: \u201cla entrada costar\u00e1 $20.000 los domingos y ese monto se devolver\u00e1 en su totalidad en vouchers troquelados, que los visitantes podr\u00e1n utilizar en los comercios adheridos a la promoci\u00f3n\u201d.<\/p><\/blockquote>\n<p>\u201cQueremos que la gente sienta que<strong> el dinero de su entrada vuelve a su bolsillo para comprar en Bol\u00edvar<\/strong>. Cada persona que ingrese recibir\u00e1 vouchers equivalentes al valor de la entrada y podr\u00e1 usarlos en un solo comercio o en varios, seg\u00fan su elecci\u00f3n\u201d, explicaron.<\/p>\n<p>Tambi\u00e9n adelantaron que <strong>regresar\u00e1 el patio gastron\u00f3mico<\/strong>, que este a\u00f1o ser\u00e1 m\u00e1s grande, con m\u00e1s food trucks locales y la realizaci\u00f3n de pe\u00f1as cada noche para prolongar la actividad despu\u00e9s de los horarios de exposici\u00f3n.<\/p>\n<p>Desde la Sociedad Rural destacaron que se construyeron<strong> nuevos stands<\/strong> debido a la alta demanda y confirmaron la realizaci\u00f3n de la <strong>Expo Criollos<\/strong> y de la <strong>Federal de Angus<\/strong>, que dar\u00e1 un marco especial a la Expo a partir del jueves 18.<\/p>\n<p>Entre las actividades destacadas se encuentran la<strong> jineteada<\/strong> programada para el primer domingo y un <strong>desfile de carruajes antiguos<\/strong> para el segundo domingo. Tambi\u00e9n habr\u00e1 <strong>actividades para toda la familia<\/strong> durante la semana para potenciar la muestra y el consumo local.<\/p>\n<p>Desde la organizaci\u00f3n se enfatiz\u00f3 la importancia de la Expo como motor econ\u00f3mico y social de Bol\u00edvar. <em>\u201cEstamos muy cerca de la Expo N\u00b0100 y cada a\u00f1o trabajamos para ofrecer un evento de calidad, con novedades e innovaci\u00f3n para expositores y visitantes\u201d<\/em>, concluy\u00f3 Erreca.<\/p>\n","protected":false},"excerpt":{"rendered":"<p>La 96\u00aa Exposici\u00f3n Rural, del 13 al 21 de septiembre. Tendr\u00e1 un modelo \u00fanico de vouchers: el valor de la<\/p>\n","protected":false},"author":4,"featured_media":176869,"comment_status":"closed","ping_status":"closed","sticky":false,"template":"","format":"standard","meta":{"_jetpack_memberships_contains_paid_content":false,"footnotes":""},"categories":[6,1],"tags":[],"class_list":["post-176868","post","type-post","status-publish","format-standard","has-post-thumbnail","hentry","category-nacionales","category-portada"],"jetpack_featured_media_url":"https:\/\/i0.wp.com\/cdnoticias.com\/wp-content\/uploads\/2025\/07\/expo-bolivar-sociedad-rural-de-bolivar.jpeg?fit=1000%2C556&ssl=1","jetpack_sharing_enabled":true,"_links":{"self":[{"href":"https:\/\/cdnoticias.com\/index.php\/wp-json\/wp\/v2\/posts\/176868","targetHints":{"allow":["GET"]}}],"collection":[{"href":"https:\/\/cdnoticias.com\/index.php\/wp-json\/wp\/v2\/posts"}],"about":[{"href":"https:\/\/cdnoticias.com\/index.php\/wp-json\/wp\/v2\/types\/post"}],"author":[{"embeddable":true,"href":"https:\/\/cdnoticias.com\/index.php\/wp-json\/wp\/v2\/users\/4"}],"replies":[{"embeddable":true,"href":"https:\/\/cdnoticias.com\/index.php\/wp-json\/wp\/v2\/comments?post=176868"}],"version-history":[{"count":0,"href":"https:\/\/cdnoticias.com\/index.php\/wp-json\/wp\/v2\/posts\/176868\/revisions"}],"wp:featuredmedia":[{"embeddable":true,"href":"https:\/\/cdnoticias.com\/index.php\/wp-json\/wp\/v2\/media\/176869"}],"wp:attachment":[{"href":"https:\/\/cdnoticias.com\/index.php\/wp-json\/wp\/v2\/media?parent=176868"}],"wp:term":[{"taxonomy":"category","embeddable":true,"href":"https:\/\/cdnoticias.com\/index.php\/wp-json\/wp\/v2\/categories?post=176868"},{"taxonomy":"post_tag","embeddable":true,"href":"https:\/\/cdnoticias.com\/index.php\/wp-json\/wp\/v2\/tags?post=176868"}],"curies":[{"name":"wp","href":"https:\/\/api.w.org\/{rel}","templated":true}]}}