{"id":176861,"date":"2025-07-15T09:55:48","date_gmt":"2025-07-15T12:55:48","guid":{"rendered":"https:\/\/cdnoticias.com\/?p=176861"},"modified":"2025-07-15T12:19:49","modified_gmt":"2025-07-15T15:19:49","slug":"melina-barbero-entre-hoy-y-manana-la-empresa-va-a-poder-facturar-y-la-unicen-pagar","status":"publish","type":"post","link":"https:\/\/cdnoticias.com\/index.php\/2025\/07\/15\/melina-barbero-entre-hoy-y-manana-la-empresa-va-a-poder-facturar-y-la-unicen-pagar\/","title":{"rendered":"Melina Barbero: \u201cEntre hoy y ma\u00f1ana la empresa va a poder facturar y la Unicen pagar\u201d"},"content":{"rendered":"<p>La vicedecana de la Facultad de Ciencias de la Salud de Unicen se refiri\u00f3 a la situaci\u00f3n de la obra de ampliaci\u00f3n. Los trabajadores retomaron la protesta en la ma\u00f1ana de este martes.<!--more--><\/p>\n<hr \/>\n<p>La <strong>vicedecana de la Facultad de Ciencias de la Salud de Unicen, Melina Barbero<\/strong>, se refiri\u00f3 a la <strong>paralizaci\u00f3n de la obra de ampliaci\u00f3n<\/strong> en la casa de altos estudios por una <strong>protesta de trabajadores ante la falta de pagos<\/strong>. <a href=\"https:\/\/cdnoticias.com\/index.php\/2025\/07\/14\/profundizaron-el-reclamo-en-la-obra-de-la-facultad-de-ciencias-de-la-salud\/\" target=\"_blank\" rel=\"noopener\">La medida de fuerza se inici\u00f3 este lunes<\/a> y contempla no s\u00f3lo la paralizaci\u00f3n de actividades sino la <strong>quema de cubiertas<\/strong> para visibilizar el reclamo.<\/p>\n<blockquote><p>En di\u00e1logo con Levantate por Radio Sapiens Barbero se\u00f1al\u00f3 que el tema es \u201cs\u00faper complejo\u201d y record\u00f3 que \u201cla licitaci\u00f3n de la obra de 2023 sigue vigente. Si bien la universidad est\u00e1 intentando terminar una parte de la obra, hoy por hoy aunque la universidad pague, tenemos un circuito de certificaciones con Naci\u00f3n\u201d.<\/p><\/blockquote>\n<p>\u201cEn ese marco es que <strong>la empresa va avanzando, va entregando la documentaci\u00f3n<\/strong>, la <strong>universidad certifica<\/strong> que eso sea as\u00ed, presenta los certificados,<strong> la Naci\u00f3n los aprueba<\/strong> y reci\u00e9n ah\u00ed se pueden <strong>emitir los pagos<\/strong>\u201d, detall\u00f3.<\/p>\n<p><img data-recalc-dims=\"1\" loading=\"lazy\" decoding=\"async\" class=\"alignnone size-full wp-image-176862 aligncenter\" src=\"https:\/\/i0.wp.com\/cdnoticias.com\/wp-content\/uploads\/2025\/07\/facultad-de-salud-protesta-obra-00.jpg?resize=800%2C444&#038;ssl=1\" alt=\"\" width=\"800\" height=\"444\" srcset=\"https:\/\/i0.wp.com\/cdnoticias.com\/wp-content\/uploads\/2025\/07\/facultad-de-salud-protesta-obra-00.jpg?w=900&amp;ssl=1 900w, https:\/\/i0.wp.com\/cdnoticias.com\/wp-content\/uploads\/2025\/07\/facultad-de-salud-protesta-obra-00.jpg?resize=300%2C167&amp;ssl=1 300w, https:\/\/i0.wp.com\/cdnoticias.com\/wp-content\/uploads\/2025\/07\/facultad-de-salud-protesta-obra-00.jpg?resize=768%2C427&amp;ssl=1 768w, https:\/\/i0.wp.com\/cdnoticias.com\/wp-content\/uploads\/2025\/07\/facultad-de-salud-protesta-obra-00.jpg?resize=800%2C445&amp;ssl=1 800w\" sizes=\"auto, (max-width: 800px) 100vw, 800px\" \/><\/p>\n<blockquote><p>La vicedecana resalt\u00f3 que en la actualidad la obra est\u00e1 financiada por la universidad y \u201cayer logramos que se aprueben otros certificados pendientes de aprobaci\u00f3n\u201d por lo que \u201centendemos que entre hoy y ma\u00f1ana la empresa va a poder facturar y la Unicen va a poder pagar\u201d.<\/p><\/blockquote>\n<p>En ese sentido, aclar\u00f3 que<strong> \u201cla Unicen no puede desembolsar dinero si no se cumple con ese circuito administrativo\u201d<\/strong> y reiter\u00f3 que \u201ceste circuito se va ir repitiendo con cada peque\u00f1o avance de la obra, la idea es que o se aceite o que la empresa busque maneras de en el mientras tanto no pase como ahora de que si no tiene el dinero no pueda pagar\u201d.<\/p>\n<p><img data-recalc-dims=\"1\" loading=\"lazy\" decoding=\"async\" class=\"alignnone size-full wp-image-176832 aligncenter\" src=\"https:\/\/i0.wp.com\/cdnoticias.com\/wp-content\/uploads\/2025\/07\/obra-salud-paralizada3.jpg?resize=800%2C359&#038;ssl=1\" alt=\"\" width=\"800\" height=\"359\" srcset=\"https:\/\/i0.wp.com\/cdnoticias.com\/wp-content\/uploads\/2025\/07\/obra-salud-paralizada3.jpg?w=900&amp;ssl=1 900w, https:\/\/i0.wp.com\/cdnoticias.com\/wp-content\/uploads\/2025\/07\/obra-salud-paralizada3.jpg?resize=300%2C135&amp;ssl=1 300w, https:\/\/i0.wp.com\/cdnoticias.com\/wp-content\/uploads\/2025\/07\/obra-salud-paralizada3.jpg?resize=768%2C345&amp;ssl=1 768w\" sizes=\"auto, (max-width: 800px) 100vw, 800px\" \/><\/p>\n<blockquote><p>\u201cHay quince trabajadores de los cuales ocho hace un mes que no cobran dos quincenas. Van a tener que pensar en alguna estrategia para que los trabajadores no se queden sin su dinero\u201d, expres\u00f3 la vicedecana de Salud en la entrevista radial.<\/p><\/blockquote>\n<p>Los trabajadores <a href=\"https:\/\/cdnoticias.com\/index.php\/2025\/07\/14\/por-reclamos-gremiales-se-paro-la-construccion-en-la-facultad-de-salud\/\" target=\"_blank\" rel=\"noopener\">iniciaron la protesta este lunes<\/a> y mantuvieron una reuni\u00f3n con representantes del sindicato UOCRA. <strong>Este martes por la ma\u00f1ana, continua la protesta con quema de cubiertas<\/strong> en el acceso al predio, sobre calle 9 de Julio al 4300.<\/p>\n<p>Cabe recordar que <strong>la obra se reinici\u00f3 a fines de abril<\/strong> despu\u00e9s de haber estado <strong>detenida por m\u00e1s de un a\u00f1o<\/strong>, a ra\u00edz de la disposici\u00f3n de la gesti\u00f3n del presidente Javier Milei de suspender la obra p\u00fablica. Hace dos semanas, desde el estado nacional y con la referencia local de dirigentes de La Libertad Avanza, <a href=\"https:\/\/cdnoticias.com\/index.php\/2025\/07\/01\/la-libertad-avanza-confirmo-que-el-gobierno-nacional-se-comprometio-a-finalizar-la-obra-de-la-facultad-de-salud\/\" target=\"_blank\" rel=\"noopener\">se comprometieron a continuar con la obra<\/a>. No obstante, se trata de un compromiso asumido y <strong>para financiar las obras que actualmente se desarrollan la Universidad Nacional del Centro dispuso el destino de 300 millones de pesos<\/strong> <a href=\"https:\/\/cdnoticias.com\/index.php\/2025\/04\/16\/facultad-de-salud-la-unicen-adelanta-fondos-para-seguir-la-obra\/\" target=\"_blank\" rel=\"noopener\">de sus propias reservas<\/a>.<\/p>\n","protected":false},"excerpt":{"rendered":"<p>La vicedecana de la Facultad de Ciencias de la Salud de Unicen se refiri\u00f3 a la situaci\u00f3n de la obra<\/p>\n","protected":false},"author":4,"featured_media":176863,"comment_status":"closed","ping_status":"closed","sticky":false,"template":"","format":"standard","meta":{"_jetpack_memberships_contains_paid_content":false,"footnotes":""},"categories":[5,1],"tags":[],"class_list":["post-176861","post","type-post","status-publish","format-standard","has-post-thumbnail","hentry","category-informacion-general","category-portada"],"jetpack_featured_media_url":"https:\/\/i0.wp.com\/cdnoticias.com\/wp-content\/uploads\/2025\/07\/facultad-de-salud-protesta-obra-01.jpg?fit=898%2C500&ssl=1","jetpack_sharing_enabled":true,"_links":{"self":[{"href":"https:\/\/cdnoticias.com\/index.php\/wp-json\/wp\/v2\/posts\/176861","targetHints":{"allow":["GET"]}}],"collection":[{"href":"https:\/\/cdnoticias.com\/index.php\/wp-json\/wp\/v2\/posts"}],"about":[{"href":"https:\/\/cdnoticias.com\/index.php\/wp-json\/wp\/v2\/types\/post"}],"author":[{"embeddable":true,"href":"https:\/\/cdnoticias.com\/index.php\/wp-json\/wp\/v2\/users\/4"}],"replies":[{"embeddable":true,"href":"https:\/\/cdnoticias.com\/index.php\/wp-json\/wp\/v2\/comments?post=176861"}],"version-history":[{"count":0,"href":"https:\/\/cdnoticias.com\/index.php\/wp-json\/wp\/v2\/posts\/176861\/revisions"}],"wp:featuredmedia":[{"embeddable":true,"href":"https:\/\/cdnoticias.com\/index.php\/wp-json\/wp\/v2\/media\/176863"}],"wp:attachment":[{"href":"https:\/\/cdnoticias.com\/index.php\/wp-json\/wp\/v2\/media?parent=176861"}],"wp:term":[{"taxonomy":"category","embeddable":true,"href":"https:\/\/cdnoticias.com\/index.php\/wp-json\/wp\/v2\/categories?post=176861"},{"taxonomy":"post_tag","embeddable":true,"href":"https:\/\/cdnoticias.com\/index.php\/wp-json\/wp\/v2\/tags?post=176861"}],"curies":[{"name":"wp","href":"https:\/\/api.w.org\/{rel}","templated":true}]}}