{"id":176859,"date":"2025-07-15T09:21:46","date_gmt":"2025-07-15T12:21:46","guid":{"rendered":"https:\/\/cdnoticias.com\/?p=176859"},"modified":"2025-07-15T11:14:16","modified_gmt":"2025-07-15T14:14:16","slug":"corte-de-luz-en-barrio-jardin-la-reparacion-sera-prolongada","status":"publish","type":"post","link":"https:\/\/cdnoticias.com\/index.php\/2025\/07\/15\/corte-de-luz-en-barrio-jardin-la-reparacion-sera-prolongada\/","title":{"rendered":"Corte de luz en barrio Jard\u00edn: la reparaci\u00f3n ser\u00e1 \u201cprolongada\u201d"},"content":{"rendered":"<p>Coopelectric inform\u00f3 que la falla se registr\u00f3 en una l\u00ednea subterr\u00e1nea y ya comenz\u00f3 la intervenci\u00f3n para restituir el servicio.<!--more--><\/p>\n<hr \/>\n<p>Coopelectric inform\u00f3 que <strong>un sector del barrio Jard\u00edn<\/strong> se encuentra <strong>sin suministro de luz debido a una falla<\/strong> y se adelant\u00f3 que la <strong>reparaci\u00f3n ser\u00e1 \u201cprolongada\u201d<\/strong>.<\/p>\n<blockquote><p>\u201cA causa de una aver\u00eda registrada en una l\u00ednea subterr\u00e1nea de Baja Tensi\u00f3n, se encuentra interrumpida la alimentaci\u00f3n el\u00e9ctrica de los monoblock 1 al 8 del Barrio Jard\u00edn\u201d detall\u00f3 la cooperativa.<\/p><\/blockquote>\n<p>Se indic\u00f3 que el personal de Coopelectric se encuentra realizando<strong> tareas operativas para poder restituir<\/strong> el suministro. \u201cPor tratarse de<strong> una instalaci\u00f3n subterr\u00e1nea<\/strong> y debido a las caracter\u00edsticas de las tareas a desarrollar, <strong>el tiempo de reparaci\u00f3n ser\u00e1 prolongado\u201d<\/strong> se explic\u00f3.<\/p>\n","protected":false},"excerpt":{"rendered":"<p>Coopelectric inform\u00f3 que la falla se registr\u00f3 en una l\u00ednea subterr\u00e1nea y ya comenz\u00f3 la intervenci\u00f3n para restituir el servicio.<\/p>\n","protected":false},"author":4,"featured_media":118024,"comment_status":"closed","ping_status":"closed","sticky":false,"template":"","format":"standard","meta":{"_jetpack_memberships_contains_paid_content":false,"footnotes":""},"categories":[5,1],"tags":[],"class_list":["post-176859","post","type-post","status-publish","format-standard","has-post-thumbnail","hentry","category-informacion-general","category-portada"],"jetpack_featured_media_url":"https:\/\/i0.wp.com\/cdnoticias.com\/wp-content\/uploads\/2024\/06\/coopelectric-reparacion-02.jpg?fit=800%2C445&ssl=1","jetpack_sharing_enabled":true,"_links":{"self":[{"href":"https:\/\/cdnoticias.com\/index.php\/wp-json\/wp\/v2\/posts\/176859","targetHints":{"allow":["GET"]}}],"collection":[{"href":"https:\/\/cdnoticias.com\/index.php\/wp-json\/wp\/v2\/posts"}],"about":[{"href":"https:\/\/cdnoticias.com\/index.php\/wp-json\/wp\/v2\/types\/post"}],"author":[{"embeddable":true,"href":"https:\/\/cdnoticias.com\/index.php\/wp-json\/wp\/v2\/users\/4"}],"replies":[{"embeddable":true,"href":"https:\/\/cdnoticias.com\/index.php\/wp-json\/wp\/v2\/comments?post=176859"}],"version-history":[{"count":0,"href":"https:\/\/cdnoticias.com\/index.php\/wp-json\/wp\/v2\/posts\/176859\/revisions"}],"wp:featuredmedia":[{"embeddable":true,"href":"https:\/\/cdnoticias.com\/index.php\/wp-json\/wp\/v2\/media\/118024"}],"wp:attachment":[{"href":"https:\/\/cdnoticias.com\/index.php\/wp-json\/wp\/v2\/media?parent=176859"}],"wp:term":[{"taxonomy":"category","embeddable":true,"href":"https:\/\/cdnoticias.com\/index.php\/wp-json\/wp\/v2\/categories?post=176859"},{"taxonomy":"post_tag","embeddable":true,"href":"https:\/\/cdnoticias.com\/index.php\/wp-json\/wp\/v2\/tags?post=176859"}],"curies":[{"name":"wp","href":"https:\/\/api.w.org\/{rel}","templated":true}]}}