{"id":176856,"date":"2025-07-15T09:09:53","date_gmt":"2025-07-15T12:09:53","guid":{"rendered":"https:\/\/cdnoticias.com\/?p=176856"},"modified":"2025-07-15T09:56:21","modified_gmt":"2025-07-15T12:56:21","slug":"se-extendio-el-alerta-por-tormenta-y-el-municipio-suspendio-actividades","status":"publish","type":"post","link":"https:\/\/cdnoticias.com\/index.php\/2025\/07\/15\/se-extendio-el-alerta-por-tormenta-y-el-municipio-suspendio-actividades\/","title":{"rendered":"Se extendi\u00f3 el alerta por tormenta y el Municipio suspendi\u00f3 actividades"},"content":{"rendered":"<p>El alerta amarillo rige desde esta ma\u00f1ana hasta la madrugada. La lluvia ca\u00edda en la madrugada fue de 3,7 mm. Se reprogramar\u00e1n el Operativo Garrafas y el Quir\u00f3fano Veterinario M\u00f3vil.<!--more--><\/p>\n<hr \/>\n<p><strong>Rige un alerta por tormentas para Olavarr\u00eda<\/strong> y gran parte de la provincia de Buenos Aires. <strong>Central de Noticias<\/strong> <a href=\"https:\/\/cdnoticias.com\/index.php\/2025\/07\/14\/alerta-por-tormenta-en-olavarria-para-el-martes\/\" target=\"_blank\" rel=\"noopener\">hab\u00eda dado a conocer la advertencia<\/a> del <strong>Servicio Meteorol\u00f3gico Nacional<\/strong>, pero el organismo<strong> extendi\u00f3 el plazo de vigencia<\/strong>. En paralelo, y debido a las condiciones adversas, <strong>el Municipio decidi\u00f3 suspender actividades programadas<\/strong> para la ma\u00f1ana de este martes.<\/p>\n<p>El <strong>alerta de nivel amarillo<\/strong> rige desde la <strong>ma\u00f1ana de este martes y se extiende por la tarde y la noche, y por la madrugada del mi\u00e9rcoles<\/strong>. Se esperan <strong>tormentas fuertes<\/strong> durante ese per\u00edodo.<\/p>\n<blockquote><p>\u201cEl \u00e1rea ser\u00e1 afectada por tormentas de variada intensidad, algunas podr\u00e1n ser localmente fuertes. Las mismas estar\u00e1n acompa\u00f1adas por fuerte actividad el\u00e9ctrica, intensas r\u00e1fagas, ocasional ca\u00edda de granizo y abundante ca\u00edda de agua en cortos per\u00edodos. Se esperan valores de precipitaci\u00f3n acumulada entre 30 y 50 mm, pudiendo ser superados de forma puntual\u201d inform\u00f3 el SMN para Olavarr\u00eda, Laprida y La Madrid.<\/p><\/blockquote>\n<p>Cabe se\u00f1alar que los vecinos municipios de<em> Azul, Tapalqu\u00e9, Benito Ju\u00e1rez, Tandil, Las Flores y Alvear<\/em> est\u00e1n en <em>alerta naranja<\/em> por las tormentas previstas durante este martes.<\/p>\n<p>La <strong>Unidad Meteorol\u00f3gica de Olavarr\u00eda<\/strong> inform\u00f3 que <strong>el registro de lluvia de la madrugada fue de 3.7 mm<\/strong>. El fen\u00f3meno comenz\u00f3 a registrarse en las \u00faltimas horas del lunes en Olavarr\u00eda.<\/p>\n<p>Debido a las condiciones del tiempo, el Municipio de Olavarr\u00eda suspendi\u00f3 actividades. En ese sentido, se indic\u00f3 que <strong>no se concretar\u00e1<\/strong> este martes la atenci\u00f3n del <strong>Quir\u00f3fano Veterinario M\u00f3vil en Santa Luisa<\/strong>. Tampoco se realizar\u00e1 el <strong>Operativo de Gas Envasado<\/strong> cuyo recorrido se <a href=\"https:\/\/cdnoticias.com\/index.php\/2025\/07\/10\/por-la-lluvia-se-suspendieron-barrio-por-barrio-y-la-distribucion-de-gas-envasado\/\" target=\"_blank\" rel=\"noopener\">extend\u00eda por las localidades<\/a>.<\/p>\n","protected":false},"excerpt":{"rendered":"<p>El alerta amarillo rige desde esta ma\u00f1ana hasta la madrugada. La lluvia ca\u00edda en la madrugada fue de 3,7 mm.<\/p>\n","protected":false},"author":4,"featured_media":176857,"comment_status":"closed","ping_status":"closed","sticky":false,"template":"","format":"standard","meta":{"_jetpack_memberships_contains_paid_content":false,"footnotes":""},"categories":[5,1],"tags":[],"class_list":["post-176856","post","type-post","status-publish","format-standard","has-post-thumbnail","hentry","category-informacion-general","category-portada"],"jetpack_featured_media_url":"https:\/\/i0.wp.com\/cdnoticias.com\/wp-content\/uploads\/2025\/07\/lluvia-tormenta-00.jpg?fit=1000%2C557&ssl=1","jetpack_sharing_enabled":true,"_links":{"self":[{"href":"https:\/\/cdnoticias.com\/index.php\/wp-json\/wp\/v2\/posts\/176856","targetHints":{"allow":["GET"]}}],"collection":[{"href":"https:\/\/cdnoticias.com\/index.php\/wp-json\/wp\/v2\/posts"}],"about":[{"href":"https:\/\/cdnoticias.com\/index.php\/wp-json\/wp\/v2\/types\/post"}],"author":[{"embeddable":true,"href":"https:\/\/cdnoticias.com\/index.php\/wp-json\/wp\/v2\/users\/4"}],"replies":[{"embeddable":true,"href":"https:\/\/cdnoticias.com\/index.php\/wp-json\/wp\/v2\/comments?post=176856"}],"version-history":[{"count":0,"href":"https:\/\/cdnoticias.com\/index.php\/wp-json\/wp\/v2\/posts\/176856\/revisions"}],"wp:featuredmedia":[{"embeddable":true,"href":"https:\/\/cdnoticias.com\/index.php\/wp-json\/wp\/v2\/media\/176857"}],"wp:attachment":[{"href":"https:\/\/cdnoticias.com\/index.php\/wp-json\/wp\/v2\/media?parent=176856"}],"wp:term":[{"taxonomy":"category","embeddable":true,"href":"https:\/\/cdnoticias.com\/index.php\/wp-json\/wp\/v2\/categories?post=176856"},{"taxonomy":"post_tag","embeddable":true,"href":"https:\/\/cdnoticias.com\/index.php\/wp-json\/wp\/v2\/tags?post=176856"}],"curies":[{"name":"wp","href":"https:\/\/api.w.org\/{rel}","templated":true}]}}