{"id":176851,"date":"2025-07-14T19:42:08","date_gmt":"2025-07-14T22:42:08","guid":{"rendered":"https:\/\/cdnoticias.com\/?p=176851"},"modified":"2025-07-14T19:42:09","modified_gmt":"2025-07-14T22:42:09","slug":"un-hombre-fallecio-tras-ser-embestido-por-un-auto-en-el-centro-de-laprida","status":"publish","type":"post","link":"https:\/\/cdnoticias.com\/index.php\/2025\/07\/14\/un-hombre-fallecio-tras-ser-embestido-por-un-auto-en-el-centro-de-laprida\/","title":{"rendered":"Un hombre falleci\u00f3 tras ser embestido por un auto en el centro de Laprida"},"content":{"rendered":"\n<p>El hecho ocurri\u00f3 este lunes al mediod\u00eda en la intersecci\u00f3n de San Mart\u00edn e Independencia de la vecina ciudad. La v\u00edctima ten\u00eda 69 a\u00f1os.<\/p>\n\n\n\n<hr class=\"wp-block-separator aligncenter has-alpha-channel-opacity\"\/>\n\n\n\n<p><em>Foto e informaci\u00f3n: Laprida Noticias<\/em><\/p>\n\n\n\n<p>Un <strong>hombre de 69 a\u00f1os falleci\u00f3 este lunes tras haber sido atropellado por un autom\u00f3vil mientras cruzaba por la senda peatonal en pleno centro de la ciudad de Laprida. <\/strong>El hecho ocurri\u00f3 en horario cercano al mediod\u00eda y<strong> la v\u00edctima fue identificada como Ricardo Eduardo Illescas.<\/strong><\/p>\n\n\n\n<p>De acuerdo con la informaci\u00f3n oficial,<strong> el siniestro se registr\u00f3 en la intersecci\u00f3n de la avenida San Mart\u00edn y la calle Independencia. All\u00ed, un autom\u00f3vil Toyota Corolla que giraba desde Independencia hacia San Mart\u00edn en direcci\u00f3n a calle Alsina, embisti\u00f3 al peat\u00f3n que cruzaba por la senda peatonal.<\/strong><\/p>\n\n\n\n<p>Illescas fue trasladado de inmediato al Hospital Municipal \u201cPedro S. Sanchol\u00faz\u201d, donde fue internado en la Unidad de Terapia Intensiva. Poco despu\u00e9s, a ra\u00edz de las graves lesiones sufridas, <strong>se confirm\u00f3 su fallecimiento.<\/strong><\/p>\n\n\n\n<p>La <strong>Unidad Funcional de Investigaciones Judiciales N\u00b07, a cargo del fiscal Dr. Christian Url\u00e9zaga, tom\u00f3 intervenci\u00f3n en la causa<\/strong>, que fue caratulada en primera instancia como \u201cHomicidio Culposo\u201d.<\/p>\n\n\n\n<p>Adem\u00e1s, se requiri\u00f3 la presencia de peritos de<strong> Polic\u00eda Cient\u00edfica para avanzar en las tareas periciales que permitan esclarecer la mec\u00e1nica del accidente.<\/strong> El conductor del veh\u00edculo fue identificado como Fausto Andreatta.<\/p>\n","protected":false},"excerpt":{"rendered":"<p>El hecho ocurri\u00f3 este lunes al mediod\u00eda en la intersecci\u00f3n de San Mart\u00edn e Independencia de la vecina ciudad. La<\/p>\n","protected":false},"author":2,"featured_media":176852,"comment_status":"closed","ping_status":"closed","sticky":false,"template":"","format":"standard","meta":{"_jetpack_memberships_contains_paid_content":false,"footnotes":""},"categories":[14,1],"tags":[],"class_list":["post-176851","post","type-post","status-publish","format-standard","has-post-thumbnail","hentry","category-policiales","category-portada"],"jetpack_featured_media_url":"https:\/\/i0.wp.com\/cdnoticias.com\/wp-content\/uploads\/2025\/07\/laprida-noticias-accidente.jpg?fit=780%2C470&ssl=1","jetpack_sharing_enabled":true,"_links":{"self":[{"href":"https:\/\/cdnoticias.com\/index.php\/wp-json\/wp\/v2\/posts\/176851","targetHints":{"allow":["GET"]}}],"collection":[{"href":"https:\/\/cdnoticias.com\/index.php\/wp-json\/wp\/v2\/posts"}],"about":[{"href":"https:\/\/cdnoticias.com\/index.php\/wp-json\/wp\/v2\/types\/post"}],"author":[{"embeddable":true,"href":"https:\/\/cdnoticias.com\/index.php\/wp-json\/wp\/v2\/users\/2"}],"replies":[{"embeddable":true,"href":"https:\/\/cdnoticias.com\/index.php\/wp-json\/wp\/v2\/comments?post=176851"}],"version-history":[{"count":0,"href":"https:\/\/cdnoticias.com\/index.php\/wp-json\/wp\/v2\/posts\/176851\/revisions"}],"wp:featuredmedia":[{"embeddable":true,"href":"https:\/\/cdnoticias.com\/index.php\/wp-json\/wp\/v2\/media\/176852"}],"wp:attachment":[{"href":"https:\/\/cdnoticias.com\/index.php\/wp-json\/wp\/v2\/media?parent=176851"}],"wp:term":[{"taxonomy":"category","embeddable":true,"href":"https:\/\/cdnoticias.com\/index.php\/wp-json\/wp\/v2\/categories?post=176851"},{"taxonomy":"post_tag","embeddable":true,"href":"https:\/\/cdnoticias.com\/index.php\/wp-json\/wp\/v2\/tags?post=176851"}],"curies":[{"name":"wp","href":"https:\/\/api.w.org\/{rel}","templated":true}]}}