{"id":176841,"date":"2025-07-14T18:12:40","date_gmt":"2025-07-14T21:12:40","guid":{"rendered":"https:\/\/cdnoticias.com\/?p=176841"},"modified":"2025-07-15T09:51:51","modified_gmt":"2025-07-15T12:51:51","slug":"profundizaron-el-reclamo-en-la-obra-de-la-facultad-de-ciencias-de-la-salud","status":"publish","type":"post","link":"https:\/\/cdnoticias.com\/index.php\/2025\/07\/14\/profundizaron-el-reclamo-en-la-obra-de-la-facultad-de-ciencias-de-la-salud\/","title":{"rendered":"Profundizaron el reclamo en la obra de la Facultad de Ciencias de la Salud"},"content":{"rendered":"\n<p>Hubo quema de neum\u00e1ticos en la zona de calle 9 de julio. No se descart\u00f3 una movilizaci\u00f3n a primera hora de este martes.<\/p>\n\n\n\n<hr class=\"wp-block-separator aligncenter has-alpha-channel-opacity\"\/>\n\n\n\n<p><a href=\"https:\/\/cdnoticias.com\/index.php\/2025\/07\/14\/por-reclamos-gremiales-se-paro-la-construccion-en-la-facultad-de-salud\/\" target=\"_blank\" rel=\"noreferrer noopener\">Tras darse a conocer <strong>una protesta de los trabajadores de la Uocra<\/strong><\/a><strong> que derivaron en la paralizaci\u00f3n de la obra de la Facultad de Salud de la Unicen, en la tarde de este lunes la manifestaci\u00f3n se profundiz\u00f3, hubo quema de neum\u00e1ticos en la puerta de la obra y habr\u00eda una marcha el martes a primera hora de este martes.<\/strong><\/p>\n\n\n\n<p>Es que <strong>este martes vencer\u00e1 el plazo del pago de una nueva quincena adeudada, en lo que ser\u00edan dos quincenas sin pagar. <\/strong>Esto gener\u00f3 una intensificaci\u00f3n de las protestas con el correr de las horas y tras una protesta matutina,<strong> por la tarde se quemaron gomas con la presencia de los trabajadores y tambi\u00e9n dirigentes del gremio Uocra.<\/strong><\/p>\n\n\n\n<figure class=\"wp-block-image size-full\"><img data-recalc-dims=\"1\" loading=\"lazy\" decoding=\"async\" width=\"800\" height=\"359\" src=\"https:\/\/i0.wp.com\/cdnoticias.com\/wp-content\/uploads\/2025\/07\/obra-salud-paralizada3.jpg?resize=800%2C359&#038;ssl=1\" alt=\"\" class=\"wp-image-176832\" srcset=\"https:\/\/i0.wp.com\/cdnoticias.com\/wp-content\/uploads\/2025\/07\/obra-salud-paralizada3.jpg?w=900&amp;ssl=1 900w, https:\/\/i0.wp.com\/cdnoticias.com\/wp-content\/uploads\/2025\/07\/obra-salud-paralizada3.jpg?resize=300%2C135&amp;ssl=1 300w, https:\/\/i0.wp.com\/cdnoticias.com\/wp-content\/uploads\/2025\/07\/obra-salud-paralizada3.jpg?resize=768%2C345&amp;ssl=1 768w\" sizes=\"auto, (max-width: 800px) 100vw, 800px\" \/><\/figure>\n\n\n\n<p>En la Facultad de Ciencias de la Salud hab\u00edan afirmado que las autoridades mantendr\u00e1n durante el lunes una reuni\u00f3n con directivos de la Unicen para conocer en profundidad la situaci\u00f3n, <strong>plazo que para los trabajadores fue insuficiente dado que consideraban que iban a ser convocados durante la jornada, algo que no sucedi\u00f3.<\/strong><\/p>\n\n\n\n<p><strong>Por estas horas se evaluaba realizar una movilizaci\u00f3n con presencia del sindicato y los trabajadores a primera hora de este martes<\/strong>, situaci\u00f3n que depender\u00e1 de c\u00f3mo finalice este lunes de protestas y pedidos de convocatoria por el pago salarial a los obreros afectados.<\/p>\n\n\n<blockquote class=\"wp-embedded-content\" data-secret=\"D8HOL9QAcJ\"><a href=\"https:\/\/cdnoticias.com\/index.php\/2025\/07\/14\/por-reclamos-gremiales-se-paro-la-construccion-en-la-facultad-de-salud\/\">Por reclamos gremiales, se par\u00f3 la construcci\u00f3n en la Facultad de Salud<\/a><\/blockquote><iframe loading=\"lazy\" class=\"wp-embedded-content\" sandbox=\"allow-scripts\" security=\"restricted\" style=\"position: absolute; visibility: hidden;\" title=\"&#8220;Por reclamos gremiales, se par\u00f3 la construcci\u00f3n en la Facultad de Salud&#8221; &#8212; Central de Noticias | Olavarr\u00eda\" src=\"https:\/\/cdnoticias.com\/index.php\/2025\/07\/14\/por-reclamos-gremiales-se-paro-la-construccion-en-la-facultad-de-salud\/embed\/#?secret=bgdeQHdpyA#?secret=D8HOL9QAcJ\" data-secret=\"D8HOL9QAcJ\" width=\"600\" height=\"338\" frameborder=\"0\" marginwidth=\"0\" marginheight=\"0\" scrolling=\"no\"><\/iframe>\n","protected":false},"excerpt":{"rendered":"<p>Hubo quema de neum\u00e1ticos en la zona de calle 9 de julio. No se descart\u00f3 una movilizaci\u00f3n a primera hora<\/p>\n","protected":false},"author":2,"featured_media":176830,"comment_status":"closed","ping_status":"closed","sticky":false,"template":"","format":"standard","meta":{"_jetpack_memberships_contains_paid_content":false,"footnotes":""},"categories":[5,1],"tags":[],"class_list":["post-176841","post","type-post","status-publish","format-standard","has-post-thumbnail","hentry","category-informacion-general","category-portada"],"jetpack_featured_media_url":"https:\/\/i0.wp.com\/cdnoticias.com\/wp-content\/uploads\/2025\/07\/obra-salud-paralizada1.jpg?fit=900%2C405&ssl=1","jetpack_sharing_enabled":true,"_links":{"self":[{"href":"https:\/\/cdnoticias.com\/index.php\/wp-json\/wp\/v2\/posts\/176841","targetHints":{"allow":["GET"]}}],"collection":[{"href":"https:\/\/cdnoticias.com\/index.php\/wp-json\/wp\/v2\/posts"}],"about":[{"href":"https:\/\/cdnoticias.com\/index.php\/wp-json\/wp\/v2\/types\/post"}],"author":[{"embeddable":true,"href":"https:\/\/cdnoticias.com\/index.php\/wp-json\/wp\/v2\/users\/2"}],"replies":[{"embeddable":true,"href":"https:\/\/cdnoticias.com\/index.php\/wp-json\/wp\/v2\/comments?post=176841"}],"version-history":[{"count":0,"href":"https:\/\/cdnoticias.com\/index.php\/wp-json\/wp\/v2\/posts\/176841\/revisions"}],"wp:featuredmedia":[{"embeddable":true,"href":"https:\/\/cdnoticias.com\/index.php\/wp-json\/wp\/v2\/media\/176830"}],"wp:attachment":[{"href":"https:\/\/cdnoticias.com\/index.php\/wp-json\/wp\/v2\/media?parent=176841"}],"wp:term":[{"taxonomy":"category","embeddable":true,"href":"https:\/\/cdnoticias.com\/index.php\/wp-json\/wp\/v2\/categories?post=176841"},{"taxonomy":"post_tag","embeddable":true,"href":"https:\/\/cdnoticias.com\/index.php\/wp-json\/wp\/v2\/tags?post=176841"}],"curies":[{"name":"wp","href":"https:\/\/api.w.org\/{rel}","templated":true}]}}