{"id":176840,"date":"2025-07-15T08:20:06","date_gmt":"2025-07-15T11:20:06","guid":{"rendered":"https:\/\/cdnoticias.com\/?p=176840"},"modified":"2025-07-15T08:20:07","modified_gmt":"2025-07-15T11:20:07","slug":"una-familia-necesito-1-128-398-en-junio-para-no-ser-pobre","status":"publish","type":"post","link":"https:\/\/cdnoticias.com\/index.php\/2025\/07\/15\/una-familia-necesito-1-128-398-en-junio-para-no-ser-pobre\/","title":{"rendered":"Una familia necesit\u00f3 $1.128.398 en junio para no ser pobre"},"content":{"rendered":"\n<p>El \u00edndice que mide las necesidades b\u00e1sicas y de vivienda de un grupo familiar subi\u00f3 un 1,6 % con respecto a mayo.<\/p>\n\n\n\n<hr class=\"wp-block-separator aligncenter has-alpha-channel-opacity\"\/>\n\n\n\n<p>Una <strong>familia tipo de cuatro miembros necesit\u00f3 $1.128.398 para no ser pobre en junio<\/strong>, indic\u00f3 este lunes el<strong> Instituto Nacional de Estad\u00edstica y Censos (INDEC).\u00a0<\/strong><\/p>\n\n\n\n<p><\/p>\n\n\n\n<p>A su vez, se conoci\u00f3 que <strong>una familia precis\u00f3 $506.008 para no ser indigente<\/strong>, tras el <strong>1.6% de inflaci\u00f3n <\/strong>que <a href=\"https:\/\/cdnoticias.com\/index.php\/2025\/07\/14\/indec-la-inflacion-de-junio-fue-de-16-y-acumula-394-interanual\/\" target=\"_blank\" rel=\"noreferrer noopener\">dio a conocer el organismo para el sexto mes del a\u00f1o.<\/a><\/p>\n\n\n\n<p><\/p>\n\n\n\n<p>As\u00ed, <strong>la Canasta B\u00e1sica Total <\/strong>(CBT, que se usa para medir la pobreza)<strong> subi\u00f3 1,6% con respecto a mayo<\/strong>, por lo que lleva una variaci\u00f3n <strong>acumulada del 10,1%<\/strong> en 2025 y alcanza una variaci\u00f3n interanual del 29,2%.<\/p>\n\n\n\n<p><\/p>\n\n\n\n<blockquote class=\"wp-block-quote is-layout-flow wp-block-quote-is-layout-flow\">\n<p>Por su parte, la Canasta B\u00e1sica Alimentaria (CBA, estima la indigencia) subi\u00f3 1,1% en comparaci\u00f3n con el mes anterior, en el primer semestre acumul\u00f3 un aumento del 12,6% y en la medici\u00f3n interanual llega a 28,7%.<\/p>\n<\/blockquote>\n\n\n\n<p><\/p>\n\n\n\n<p>El INDEC precis\u00f3 que <strong>una persona adulta tuvo que tener en el \u00faltimo mes $365.177 para no ser pobre<\/strong>, mientras que <strong>para no caer en la indigencia necesit\u00f3 $163.757.<\/strong><\/p>\n\n\n\n<p><\/p>\n\n\n\n<blockquote class=\"wp-block-quote is-layout-flow wp-block-quote-is-layout-flow\">\n<p>En tanto, una familia de cinco integrantes para no caer en la pobreza necesit\u00f3 ingresos por $1.186.826 en junio. Ese mismo grupo, para evitar caer en la indigencia, necesit\u00f3 $532.209.<\/p>\n<\/blockquote>\n\n\n\n<p><\/p>\n\n\n\n<p>La <strong>Canasta B\u00e1sica Total<\/strong>, adem\u00e1s de alimentos, incluye varios puntos del <strong>gasto de los hogares, como indumentaria, salud, transporte o educaci<\/strong>\u00f3n, lo que determina la l\u00ednea de pobreza.<\/p>\n\n\n\n<p><\/p>\n\n\n\n<p>Por su parte, la Canasta B\u00e1sica Alimentaria se limita a relevar bienes de primera necesidad y establece la l\u00ednea de indigencia.&nbsp;<\/p>\n\n\n\n<p><\/p>\n\n\n\n<p><em>Fuente: DIB<\/em><\/p>\n","protected":false},"excerpt":{"rendered":"<p>El \u00edndice que mide las necesidades b\u00e1sicas y de vivienda de un grupo familiar subi\u00f3 un 1,6 % con respecto<\/p>\n","protected":false},"author":6,"featured_media":82368,"comment_status":"closed","ping_status":"closed","sticky":false,"template":"","format":"standard","meta":{"_jetpack_memberships_contains_paid_content":false,"footnotes":""},"categories":[6,1],"tags":[],"class_list":["post-176840","post","type-post","status-publish","format-standard","has-post-thumbnail","hentry","category-nacionales","category-portada"],"jetpack_featured_media_url":"https:\/\/i0.wp.com\/cdnoticias.com\/wp-content\/uploads\/2023\/04\/inflacion-e1747259672137.jpg?fit=696%2C408&ssl=1","jetpack_sharing_enabled":true,"_links":{"self":[{"href":"https:\/\/cdnoticias.com\/index.php\/wp-json\/wp\/v2\/posts\/176840","targetHints":{"allow":["GET"]}}],"collection":[{"href":"https:\/\/cdnoticias.com\/index.php\/wp-json\/wp\/v2\/posts"}],"about":[{"href":"https:\/\/cdnoticias.com\/index.php\/wp-json\/wp\/v2\/types\/post"}],"author":[{"embeddable":true,"href":"https:\/\/cdnoticias.com\/index.php\/wp-json\/wp\/v2\/users\/6"}],"replies":[{"embeddable":true,"href":"https:\/\/cdnoticias.com\/index.php\/wp-json\/wp\/v2\/comments?post=176840"}],"version-history":[{"count":0,"href":"https:\/\/cdnoticias.com\/index.php\/wp-json\/wp\/v2\/posts\/176840\/revisions"}],"wp:featuredmedia":[{"embeddable":true,"href":"https:\/\/cdnoticias.com\/index.php\/wp-json\/wp\/v2\/media\/82368"}],"wp:attachment":[{"href":"https:\/\/cdnoticias.com\/index.php\/wp-json\/wp\/v2\/media?parent=176840"}],"wp:term":[{"taxonomy":"category","embeddable":true,"href":"https:\/\/cdnoticias.com\/index.php\/wp-json\/wp\/v2\/categories?post=176840"},{"taxonomy":"post_tag","embeddable":true,"href":"https:\/\/cdnoticias.com\/index.php\/wp-json\/wp\/v2\/tags?post=176840"}],"curies":[{"name":"wp","href":"https:\/\/api.w.org\/{rel}","templated":true}]}}