{"id":176833,"date":"2025-07-14T18:00:24","date_gmt":"2025-07-14T21:00:24","guid":{"rendered":"https:\/\/cdnoticias.com\/?p=176833"},"modified":"2025-07-14T18:43:54","modified_gmt":"2025-07-14T21:43:54","slug":"indec-la-inflacion-de-junio-fue-de-16-y-acumula-394-interanual","status":"publish","type":"post","link":"https:\/\/cdnoticias.com\/index.php\/2025\/07\/14\/indec-la-inflacion-de-junio-fue-de-16-y-acumula-394-interanual\/","title":{"rendered":"INDEC: La inflaci\u00f3n de junio fue de 1,6% y acumula 39,4% interanual"},"content":{"rendered":"\n<p>En el primer semestre de 2025 el IPC acumula un alza de 15,1%. En mayo hab\u00eda sido 1,5%, la m\u00e1s baja en los \u00faltimos cinco a\u00f1os.<\/p>\n\n\n\n<hr class=\"wp-block-separator aligncenter has-alpha-channel-opacity\"\/>\n\n\n\n<p>El<strong> \u00cdndice de Precios al Consumidor <\/strong>(IPC) <strong>de junio fue de 1,6% y acumul\u00f3 un total de 39,4%<\/strong> en <strong>comparaci\u00f3n con el mismo mes del a\u00f1o pasado,<\/strong> seg\u00fan inform\u00f3 el Instituto Nacional de Estad\u00edsticas y Censos (INDEC).\u00a0<\/p>\n\n\n\n<p><\/p>\n\n\n\n<p>En lo que va del a\u00f1o, <strong>acumul\u00f3 un alza de 15,1% durante el primer semestre.<\/strong> El \u00edtem que m\u00e1s alza registr\u00f3 el \u00faltimo mes fue<strong> Educaci\u00f3n (3,7%)<\/strong>, por subas en el valor de las cuotas de los servicios.\u00a0<\/p>\n\n\n\n<p><\/p>\n\n\n\n<blockquote class=\"wp-block-quote is-layout-flow wp-block-quote-is-layout-flow\">\n<p>Le siguieron Vivienda, agua, electricidad, gas y otros combustibles (3,4%) debido a incrementos en Alquiler de la vivienda y gastos conexos, por aumentos en alquileres y expensas a causa de la bonificaci\u00f3n en la remuneraci\u00f3n de encargados de edificio.<\/p>\n<\/blockquote>\n\n\n\n<p><\/p>\n\n\n\n<p>Por el contrario, las <strong>dos divisiones que registraron las menores variaciones en junio de 2025 fueron Alimentos y bebidas no alcoh\u00f3licas (0,6%) y Prendas de vestir y calzado (0,5%).<\/strong> En t\u00e9rminos geogr\u00e1ficos, en junio de 2025 el Gran Buenos Aires fue la regi\u00f3n de mayor suba mensual (2%); y Cuyo, la de menor (1%).\u00a0<\/p>\n\n\n\n<p><\/p>\n\n\n\n<p><em>\u201cContin\u00faa el proceso de desinflaci\u00f3n que comenz\u00f3 en 2024, con un acumulado para los primeros 6 meses del a\u00f1o de 15,1%, frente al 79,8% registrado para el mismo periodo del a\u00f1o pasado\u201d <\/em>destac\u00f3 el Ministerio de Econom\u00eda.<\/p>\n\n\n\n<p><\/p>\n\n\n\n<p>El titular del palacio de Hacienda, Luis Caputo, tambi\u00e9n celebr\u00f3 el dato de junio, con una serie de punteos sobre lo que dej\u00f3 el dato del INDEC. \u201cLa inflaci\u00f3n n\u00facleo fue de 1,7%, la m\u00e1s baja desde mayo de 2020. Si se excluye el efecto particular sobre el IPC en los primeros meses de la pandemia, se trat\u00f3 del menor registro desde enero de 2018\u201d, dijo.<\/p>\n\n\n\n<p><\/p>\n\n\n\n<blockquote class=\"wp-block-quote is-layout-flow wp-block-quote-is-layout-flow\">\n<p>Al mismo tiempo, se conoci\u00f3 que una familia tipo de cuatro miembros necesit\u00f3 $1.128.398 para no ser pobre en junio, seg\u00fan el dato de Canasta B\u00e1sica Total y Canasta B\u00e1sica Alimentaria que mide el INDEC. En tanto, para no caer en la indigencia se necesitaron ingresos por $506.008.<\/p>\n<\/blockquote>\n\n\n\n<p><\/p>\n\n\n\n<p class=\"has-medium-font-size\"><strong>Datos importantes<\/strong><\/p>\n\n\n\n<p><strong>Junio es un mes relevante<\/strong> para el dato de inflaci\u00f3n porque <strong>revela la cifra acumulada del primer semestre, <\/strong>una estad\u00edstica importante para algunos cambios impositivos, como el Impuesto a los Ingresos Personales (Ganancias) y el monotributo.\u00a0Mayo hab\u00eda sido un mes positivo para el Gobierno, <strong>luego de una marcada desaceleraci\u00f3n de los precios respecto a abril.<\/strong><\/p>\n\n\n\n<p><\/p>\n\n\n\n<p>Tras la salida del cepo, la inflaci\u00f3n en abril hab\u00eda sido del 2,8%. El dato represent\u00f3 una baja de 0,9 puntos porcentuales con respecto al 3,7% de marzo, despu\u00e9s de las medidas econ\u00f3micas adoptadas por el Gobierno en torno al levantamiento del cepo cambiario y el inicio de un r\u00e9gimen de flotaci\u00f3n entre bandas en el valor del d\u00f3lar.<\/p>\n\n\n\n<p><\/p>\n\n\n\n<p>En tanto que el resultado del consumo masivo en junio ser\u00eda una buena noticia para el Gobierno nacional. De acuerdo a <em>Scentia<\/em>, <strong>el consumo masivo registr\u00f3 en mayo un alza de 5,5% comparado al mismo mes de 2024 y de 0,6% en el lapso de entre enero y mayo<\/strong>, la primera variaci\u00f3n positiva en lo que va de 2025.\u00a0<\/p>\n\n\n\n<p><\/p>\n\n\n\n<p><em>Fuente: DIB<\/em><\/p>\n\n\n\n<p><\/p>\n","protected":false},"excerpt":{"rendered":"<p>En el primer semestre de 2025 el IPC acumula un alza de 15,1%. En mayo hab\u00eda sido 1,5%, la m\u00e1s<\/p>\n","protected":false},"author":6,"featured_media":130717,"comment_status":"closed","ping_status":"closed","sticky":false,"template":"","format":"standard","meta":{"_jetpack_memberships_contains_paid_content":false,"footnotes":""},"categories":[6,1],"tags":[],"class_list":["post-176833","post","type-post","status-publish","format-standard","has-post-thumbnail","hentry","category-nacionales","category-portada"],"jetpack_featured_media_url":"https:\/\/i0.wp.com\/cdnoticias.com\/wp-content\/uploads\/2024\/11\/DIB-supermercado-ventas-precios.jpg?fit=800%2C445&ssl=1","jetpack_sharing_enabled":true,"_links":{"self":[{"href":"https:\/\/cdnoticias.com\/index.php\/wp-json\/wp\/v2\/posts\/176833","targetHints":{"allow":["GET"]}}],"collection":[{"href":"https:\/\/cdnoticias.com\/index.php\/wp-json\/wp\/v2\/posts"}],"about":[{"href":"https:\/\/cdnoticias.com\/index.php\/wp-json\/wp\/v2\/types\/post"}],"author":[{"embeddable":true,"href":"https:\/\/cdnoticias.com\/index.php\/wp-json\/wp\/v2\/users\/6"}],"replies":[{"embeddable":true,"href":"https:\/\/cdnoticias.com\/index.php\/wp-json\/wp\/v2\/comments?post=176833"}],"version-history":[{"count":0,"href":"https:\/\/cdnoticias.com\/index.php\/wp-json\/wp\/v2\/posts\/176833\/revisions"}],"wp:featuredmedia":[{"embeddable":true,"href":"https:\/\/cdnoticias.com\/index.php\/wp-json\/wp\/v2\/media\/130717"}],"wp:attachment":[{"href":"https:\/\/cdnoticias.com\/index.php\/wp-json\/wp\/v2\/media?parent=176833"}],"wp:term":[{"taxonomy":"category","embeddable":true,"href":"https:\/\/cdnoticias.com\/index.php\/wp-json\/wp\/v2\/categories?post=176833"},{"taxonomy":"post_tag","embeddable":true,"href":"https:\/\/cdnoticias.com\/index.php\/wp-json\/wp\/v2\/tags?post=176833"}],"curies":[{"name":"wp","href":"https:\/\/api.w.org\/{rel}","templated":true}]}}