{"id":176813,"date":"2025-07-15T08:22:19","date_gmt":"2025-07-15T11:22:19","guid":{"rendered":"https:\/\/cdnoticias.com\/?p=176813"},"modified":"2025-07-15T08:22:21","modified_gmt":"2025-07-15T11:22:21","slug":"buscan-a-los-propietarios-de-una-bicicleta-y-una-moto","status":"publish","type":"post","link":"https:\/\/cdnoticias.com\/index.php\/2025\/07\/15\/buscan-a-los-propietarios-de-una-bicicleta-y-una-moto\/","title":{"rendered":"Buscan a los propietarios de una bicicleta y una moto"},"content":{"rendered":"<p>Desde la Comisar\u00eda Primera de Olavarr\u00eda y la Subcomisar\u00eda de Sierra Chica se difundieron los hallazgos.<!--more--><\/p>\n<hr \/>\n<p>Desde la<strong> Comisar\u00eda Primera de Olavarr\u00eda<\/strong> se difundi\u00f3 el <strong>hallazgo de una bicicleta Top Mega rodado 29 de color negra<\/strong>.<\/p>\n<p>Se solicit\u00f3 a quien se considere propietario que se presente en la sede de<strong> Belgrano 2439 o se comunique al 423968, de lunes a viernes de 8 a 12<\/strong>, con personal de la Oficina de Judiciales.<\/p>\n<p><img data-recalc-dims=\"1\" loading=\"lazy\" decoding=\"async\" class=\"alignnone size-full wp-image-176814 aligncenter\" src=\"https:\/\/i0.wp.com\/cdnoticias.com\/wp-content\/uploads\/2025\/07\/hallazgo-bicicleta-A.jpg?resize=800%2C551&#038;ssl=1\" alt=\"\" width=\"800\" height=\"551\" srcset=\"https:\/\/i0.wp.com\/cdnoticias.com\/wp-content\/uploads\/2025\/07\/hallazgo-bicicleta-A.jpg?w=800&amp;ssl=1 800w, https:\/\/i0.wp.com\/cdnoticias.com\/wp-content\/uploads\/2025\/07\/hallazgo-bicicleta-A.jpg?resize=300%2C207&amp;ssl=1 300w, https:\/\/i0.wp.com\/cdnoticias.com\/wp-content\/uploads\/2025\/07\/hallazgo-bicicleta-A.jpg?resize=768%2C529&amp;ssl=1 768w, https:\/\/i0.wp.com\/cdnoticias.com\/wp-content\/uploads\/2025\/07\/hallazgo-bicicleta-A.jpg?resize=130%2C90&amp;ssl=1 130w\" sizes=\"auto, (max-width: 800px) 100vw, 800px\" \/><\/p>\n<p>En tanto, desde la <strong>Subcomisar\u00eda de Sierra Chica<\/strong> se inform\u00f3 el recogimiento de una <strong>motocicleta marca Motomel modelo Blitz 110 cc, sin dominio colocado, de color negro<\/strong>.<\/p>\n<p>En el mismo sentido se solicit\u00f3 a quien se considere propietario se acerque a la sede de la Subcomisaria en <strong>Catriel 1055 de lunes a viernes en el horario de 8 a 12 horas<\/strong> a los fines de acreditar su propiedad.<\/p>\n<p><img data-recalc-dims=\"1\" loading=\"lazy\" decoding=\"async\" class=\"alignnone size-full wp-image-176815 aligncenter\" src=\"https:\/\/i0.wp.com\/cdnoticias.com\/wp-content\/uploads\/2025\/07\/hallazgo-moto-A.jpg?resize=800%2C450&#038;ssl=1\" alt=\"\" width=\"800\" height=\"450\" srcset=\"https:\/\/i0.wp.com\/cdnoticias.com\/wp-content\/uploads\/2025\/07\/hallazgo-moto-A.jpg?w=800&amp;ssl=1 800w, https:\/\/i0.wp.com\/cdnoticias.com\/wp-content\/uploads\/2025\/07\/hallazgo-moto-A.jpg?resize=300%2C169&amp;ssl=1 300w, https:\/\/i0.wp.com\/cdnoticias.com\/wp-content\/uploads\/2025\/07\/hallazgo-moto-A.jpg?resize=768%2C432&amp;ssl=1 768w\" sizes=\"auto, (max-width: 800px) 100vw, 800px\" \/><\/p>\n<p>Ambas causas fueron caratuladas<strong> \u201challazgo\u201d<\/strong> con intervenci\u00f3n de la <strong>UFI N\u00ba 4 de Olavarr\u00eda<\/strong>.<\/p>\n","protected":false},"excerpt":{"rendered":"<p>Desde la Comisar\u00eda Primera de Olavarr\u00eda y la Subcomisar\u00eda de Sierra Chica se difundieron los hallazgos.<\/p>\n","protected":false},"author":4,"featured_media":176816,"comment_status":"closed","ping_status":"closed","sticky":false,"template":"","format":"standard","meta":{"_jetpack_memberships_contains_paid_content":false,"footnotes":""},"categories":[14,1],"tags":[],"class_list":["post-176813","post","type-post","status-publish","format-standard","has-post-thumbnail","hentry","category-policiales","category-portada"],"jetpack_featured_media_url":"https:\/\/i0.wp.com\/cdnoticias.com\/wp-content\/uploads\/2025\/07\/hallazgo-moto-y-bici.jpg?fit=800%2C445&ssl=1","jetpack_sharing_enabled":true,"_links":{"self":[{"href":"https:\/\/cdnoticias.com\/index.php\/wp-json\/wp\/v2\/posts\/176813","targetHints":{"allow":["GET"]}}],"collection":[{"href":"https:\/\/cdnoticias.com\/index.php\/wp-json\/wp\/v2\/posts"}],"about":[{"href":"https:\/\/cdnoticias.com\/index.php\/wp-json\/wp\/v2\/types\/post"}],"author":[{"embeddable":true,"href":"https:\/\/cdnoticias.com\/index.php\/wp-json\/wp\/v2\/users\/4"}],"replies":[{"embeddable":true,"href":"https:\/\/cdnoticias.com\/index.php\/wp-json\/wp\/v2\/comments?post=176813"}],"version-history":[{"count":0,"href":"https:\/\/cdnoticias.com\/index.php\/wp-json\/wp\/v2\/posts\/176813\/revisions"}],"wp:featuredmedia":[{"embeddable":true,"href":"https:\/\/cdnoticias.com\/index.php\/wp-json\/wp\/v2\/media\/176816"}],"wp:attachment":[{"href":"https:\/\/cdnoticias.com\/index.php\/wp-json\/wp\/v2\/media?parent=176813"}],"wp:term":[{"taxonomy":"category","embeddable":true,"href":"https:\/\/cdnoticias.com\/index.php\/wp-json\/wp\/v2\/categories?post=176813"},{"taxonomy":"post_tag","embeddable":true,"href":"https:\/\/cdnoticias.com\/index.php\/wp-json\/wp\/v2\/tags?post=176813"}],"curies":[{"name":"wp","href":"https:\/\/api.w.org\/{rel}","templated":true}]}}