{"id":176807,"date":"2025-07-14T13:32:32","date_gmt":"2025-07-14T16:32:32","guid":{"rendered":"https:\/\/cdnoticias.com\/?p=176807"},"modified":"2025-07-15T09:53:58","modified_gmt":"2025-07-15T12:53:58","slug":"por-reclamos-gremiales-se-paro-la-construccion-en-la-facultad-de-salud","status":"publish","type":"post","link":"https:\/\/cdnoticias.com\/index.php\/2025\/07\/14\/por-reclamos-gremiales-se-paro-la-construccion-en-la-facultad-de-salud\/","title":{"rendered":"Por reclamos gremiales, se par\u00f3 la construcci\u00f3n en la Facultad de Salud"},"content":{"rendered":"<p>Los trabajadores reclaman por pagos atrasados y la empresa apunt\u00f3 a la Unicen. A principios de abril se hab\u00edan retomado los trabajos de ampliaci\u00f3n.<!--more--><\/p>\n<hr \/>\n<p>Por<strong> reclamos gremiales<\/strong> se <strong>par\u00f3 la construcci\u00f3n<\/strong> en la <strong>Facultas de Ciencias de la Salud<\/strong> de la Universidad Nacional del Centro (Unicen).<\/p>\n<p>Los trabajadores de la obra de ampliaci\u00f3n de la sede educativa de Pringles al 4300 <strong>reclaman por pagos salariales atrasados<\/strong>.<\/p>\n<blockquote><p><strong>Central de Noticias<\/strong> pudo confirmar que este lunes los obreros estuvieron en la sede donde mantuvieron una reuni\u00f3n con representantes del sindicato UOCRA. All\u00ed transmitieron su situaci\u00f3n y expusieron que la empresa no efectu\u00f3 los \u00faltimos dos pagos quincenales. En tanto, la empresa apunt\u00f3 a que la demora se origin\u00f3 en la Universidad: \u201chay un desfasaje de pagos del Rectorado\u201d se explic\u00f3.<\/p><\/blockquote>\n<p>En tanto, ante la consulta en la Facultad de Ciencias de la Salud se indic\u00f3 que<strong> las autoridades mantendr\u00e1n en las pr\u00f3ximas horas una reuni\u00f3n con directivos de la Unicen<\/strong> para conocer en profundidad la situaci\u00f3n.<\/p>\n<p><a href=\"https:\/\/cdnoticias.com\/index.php\/2025\/04\/22\/comenzaron-los-trabajos-de-reanudacion-de-la-obra-de-la-facultad-de-salud-de-la-unicen\/\" target=\"_blank\" rel=\"noopener\"><strong>En abril<\/strong><\/a><strong> se hab\u00edan retomado las obras de construcci\u00f3n<\/strong> en el predio de la facultad despu\u00e9s de que el rector de la Unicen, Marcelo Aba, anunciara el <strong>destino de unos 300 millones de pesos de <a href=\"https:\/\/cdnoticias.com\/index.php\/2025\/04\/16\/facultad-de-salud-la-unicen-adelanta-fondos-para-seguir-la-obra\/\" target=\"_blank\" rel=\"noopener\">fondos propios<\/a><\/strong>.\u00a0La intervenci\u00f3n prevista es de<strong> 478 metros cuadrados con plazo de obra por 90 d\u00edas<\/strong>. Se reinici\u00f3 la construcci\u00f3n del Sector 1 Aula, N\u00facleos Sanitarios y Sector 2 Comedor, para poner en funcionamiento dos aulas con capacidad total de 250 estudiantes.<\/p>\n<p><strong>Las obras hab\u00edan estado paralizadas desde fines de 2023<\/strong>, en el inicio de la gesti\u00f3n presidencial de Javier Milei, por decisi\u00f3n del Estado Nacional que dej\u00f3 de enviar los fondos.<\/p>\n<blockquote class=\"wp-embedded-content\" data-secret=\"2bMYlCfNUP\"><p><a href=\"https:\/\/cdnoticias.com\/index.php\/2025\/04\/16\/se-retoma-la-obra-de-la-facultad-de-salud-que-sea-la-reapertura-definitiva-vamos-por-la-tercera\/\">Se retoma la obra de la Facultad de Salud: \u201cque sea la reapertura definitiva, vamos por la tercera\u201d<\/a><\/p><\/blockquote>\n<p><iframe loading=\"lazy\" class=\"wp-embedded-content\" sandbox=\"allow-scripts\" security=\"restricted\" style=\"position: absolute; visibility: hidden;\" title=\"&#8220;Se retoma la obra de la Facultad de Salud: \u201cque sea la reapertura definitiva, vamos por la tercera\u201d&#8221; &#8212; Central de Noticias | Olavarr\u00eda\" src=\"https:\/\/cdnoticias.com\/index.php\/2025\/04\/16\/se-retoma-la-obra-de-la-facultad-de-salud-que-sea-la-reapertura-definitiva-vamos-por-la-tercera\/embed\/#?secret=aFfg6ATZkp#?secret=2bMYlCfNUP\" data-secret=\"2bMYlCfNUP\" width=\"600\" height=\"338\" frameborder=\"0\" marginwidth=\"0\" marginheight=\"0\" scrolling=\"no\"><\/iframe><\/p>\n","protected":false},"excerpt":{"rendered":"<p>Los trabajadores reclaman por pagos atrasados y la empresa apunt\u00f3 a la Unicen. A principios de abril se hab\u00edan retomado<\/p>\n","protected":false},"author":4,"featured_media":169751,"comment_status":"closed","ping_status":"closed","sticky":false,"template":"","format":"standard","meta":{"_jetpack_memberships_contains_paid_content":false,"footnotes":""},"categories":[5,1],"tags":[],"class_list":["post-176807","post","type-post","status-publish","format-standard","has-post-thumbnail","hentry","category-informacion-general","category-portada"],"jetpack_featured_media_url":"https:\/\/i0.wp.com\/cdnoticias.com\/wp-content\/uploads\/2025\/04\/obras-facultad-salud.jpg?fit=1200%2C720&ssl=1","jetpack_sharing_enabled":true,"_links":{"self":[{"href":"https:\/\/cdnoticias.com\/index.php\/wp-json\/wp\/v2\/posts\/176807","targetHints":{"allow":["GET"]}}],"collection":[{"href":"https:\/\/cdnoticias.com\/index.php\/wp-json\/wp\/v2\/posts"}],"about":[{"href":"https:\/\/cdnoticias.com\/index.php\/wp-json\/wp\/v2\/types\/post"}],"author":[{"embeddable":true,"href":"https:\/\/cdnoticias.com\/index.php\/wp-json\/wp\/v2\/users\/4"}],"replies":[{"embeddable":true,"href":"https:\/\/cdnoticias.com\/index.php\/wp-json\/wp\/v2\/comments?post=176807"}],"version-history":[{"count":0,"href":"https:\/\/cdnoticias.com\/index.php\/wp-json\/wp\/v2\/posts\/176807\/revisions"}],"wp:featuredmedia":[{"embeddable":true,"href":"https:\/\/cdnoticias.com\/index.php\/wp-json\/wp\/v2\/media\/169751"}],"wp:attachment":[{"href":"https:\/\/cdnoticias.com\/index.php\/wp-json\/wp\/v2\/media?parent=176807"}],"wp:term":[{"taxonomy":"category","embeddable":true,"href":"https:\/\/cdnoticias.com\/index.php\/wp-json\/wp\/v2\/categories?post=176807"},{"taxonomy":"post_tag","embeddable":true,"href":"https:\/\/cdnoticias.com\/index.php\/wp-json\/wp\/v2\/tags?post=176807"}],"curies":[{"name":"wp","href":"https:\/\/api.w.org\/{rel}","templated":true}]}}