{"id":176787,"date":"2025-07-14T10:57:53","date_gmt":"2025-07-14T13:57:53","guid":{"rendered":"https:\/\/cdnoticias.com\/?p=176787"},"modified":"2025-07-14T10:57:54","modified_gmt":"2025-07-14T13:57:54","slug":"fue-encontrada-la-joven-que-estaba-desaparecida","status":"publish","type":"post","link":"https:\/\/cdnoticias.com\/index.php\/2025\/07\/14\/fue-encontrada-la-joven-que-estaba-desaparecida\/","title":{"rendered":"Fue encontrada la joven que estaba desaparecida"},"content":{"rendered":"<p>Se inform\u00f3 de manera oficial que fue encontrada la joven. Las actuaciones estuvieron a cargo de la Sub DDI de Olavarr\u00eda.<!--more--><\/p>\n<hr \/>\n<p><a href=\"https:\/\/cdnoticias.com\/index.php\/2025\/07\/14\/buscan-a-una-joven-desaparecida-desde-el-domingo-en-olavarria\/\" target=\"_blank\" rel=\"noopener\">Este lunes por la ma\u00f1ana<\/a> se hab\u00eda difundido la <strong>b\u00fasqueda de una joven en Olavarr\u00eda<\/strong> cuya desaparici\u00f3n databa del domingo por la ma\u00f1ana.<\/p>\n<blockquote><p>De manera oficial se inform\u00f3 que ya fue encontrada.<\/p><\/blockquote>\n<p>Las actuaciones estuvieron a cargo de la<strong> Sub DDI de Olavarr\u00eda<\/strong> bajo la car\u00e1tula \u201caveriguaci\u00f3n de paradero\u201d.<\/p>\n","protected":false},"excerpt":{"rendered":"<p>Se inform\u00f3 de manera oficial que fue encontrada la joven. Las actuaciones estuvieron a cargo de la Sub DDI de<\/p>\n","protected":false},"author":4,"featured_media":109710,"comment_status":"closed","ping_status":"closed","sticky":false,"template":"","format":"standard","meta":{"_jetpack_memberships_contains_paid_content":false,"footnotes":""},"categories":[14,1],"tags":[],"class_list":["post-176787","post","type-post","status-publish","format-standard","has-post-thumbnail","hentry","category-policiales","category-portada"],"jetpack_featured_media_url":"https:\/\/i0.wp.com\/cdnoticias.com\/wp-content\/uploads\/2024\/02\/Sub-DDI-olavarria-00.jpg?fit=1000%2C557&ssl=1","jetpack_sharing_enabled":true,"_links":{"self":[{"href":"https:\/\/cdnoticias.com\/index.php\/wp-json\/wp\/v2\/posts\/176787","targetHints":{"allow":["GET"]}}],"collection":[{"href":"https:\/\/cdnoticias.com\/index.php\/wp-json\/wp\/v2\/posts"}],"about":[{"href":"https:\/\/cdnoticias.com\/index.php\/wp-json\/wp\/v2\/types\/post"}],"author":[{"embeddable":true,"href":"https:\/\/cdnoticias.com\/index.php\/wp-json\/wp\/v2\/users\/4"}],"replies":[{"embeddable":true,"href":"https:\/\/cdnoticias.com\/index.php\/wp-json\/wp\/v2\/comments?post=176787"}],"version-history":[{"count":0,"href":"https:\/\/cdnoticias.com\/index.php\/wp-json\/wp\/v2\/posts\/176787\/revisions"}],"wp:featuredmedia":[{"embeddable":true,"href":"https:\/\/cdnoticias.com\/index.php\/wp-json\/wp\/v2\/media\/109710"}],"wp:attachment":[{"href":"https:\/\/cdnoticias.com\/index.php\/wp-json\/wp\/v2\/media?parent=176787"}],"wp:term":[{"taxonomy":"category","embeddable":true,"href":"https:\/\/cdnoticias.com\/index.php\/wp-json\/wp\/v2\/categories?post=176787"},{"taxonomy":"post_tag","embeddable":true,"href":"https:\/\/cdnoticias.com\/index.php\/wp-json\/wp\/v2\/tags?post=176787"}],"curies":[{"name":"wp","href":"https:\/\/api.w.org\/{rel}","templated":true}]}}