{"id":176750,"date":"2025-07-13T19:12:28","date_gmt":"2025-07-13T22:12:28","guid":{"rendered":"https:\/\/cdnoticias.com\/?p=176750"},"modified":"2025-07-14T08:39:38","modified_gmt":"2025-07-14T11:39:38","slug":"temporada-de-rosca","status":"publish","type":"post","link":"https:\/\/cdnoticias.com\/index.php\/2025\/07\/13\/temporada-de-rosca\/","title":{"rendered":"Temporada de rosca"},"content":{"rendered":"<p>El cierre de alianzas con nueve frentes anotados y solo una semana hasta el cierre de listas para las Legislativas bonaerenses, \u00bfqu\u00e9 nombres circulan para las candidaturas? Adem\u00e1s, el cierre semestral deficitario y Coopelectric en el tramo final de la negociaci\u00f3n con CAMMESA.<!--more--><\/p>\n<hr \/>\n<p>\u00a0<\/p>\n<p>*<em>Volver a las Fuentes \/ Josefina Bargas y Alexis Grierson<\/em><\/p>\n<p>\u00a0<\/p>\n<p><u><strong>La econom\u00eda manda<\/strong><\/u><br \/><br \/>Pasamos la mitad del a\u00f1o y tal como la normativa indica, se conoce\u00a0<strong>el estado de situaci\u00f3n econ\u00f3mica y financiera del Municipio: 1500 millones de pesos de d\u00e9ficit<\/strong>\u00a0en un nuevo signo de alarma para las arcas municipales.<br \/><br \/>La explicaci\u00f3n estuvo principalmente en la\u00a0<strong>ca\u00edda de la econom\u00eda en general y particularmente de la industria<\/strong>. Se\u00f1alaron, en un comunicado, que Olavarr\u00eda se \u201cencuentra\u00a0<strong>fuertemente afectada por la ca\u00edda sostenida por 18 meses consecutivos de los ingresos\u00a0<\/strong>sin signos de recuperaci\u00f3n real, marcados por la\u00a0<strong>baja de la actividad econ\u00f3mica, y la paralizaci\u00f3n de la obra p\u00fablica<\/strong>, lo cual repercute de manera significativa en el principal recurso de fuente municipal que es el\u00a0<strong>derecho de explotaci\u00f3n de canteras<\/strong>\u201d.\u00a0<br \/><br \/>De hecho, se indic\u00f3 que hay\u00a0<strong>\u201cun 27% menos de toneladas de cemento y de piedra gran\u00edtica respecto del ejercicio 2023\u201d<\/strong>.\u00a0<br \/><br \/>El escenario era previsible despu\u00e9s del informe de indicadores que hab\u00eda expuesto el Ejecutivo ante empresarios y sindicatos la semana anterior.<br \/><br \/>En cuanto a las\u00a0<strong>erogaciones del primer semestre<\/strong>, seg\u00fan algunas consideraciones a las que accedi\u00f3 este newsletter, se encuentra una\u00a0<strong>baj\u00edsima ejecuci\u00f3n de la obra p\u00fablica: 35%<\/strong>. \u00bfUno de los m\u00e1s altos?\u00a0<strong>Protecci\u00f3n Ciudadana, con el 63%.<\/strong>\u00a0\u00bfDesarrollo Social? El 49% del presupuesto ejecutado al momento.\u00a0<br \/><br \/><strong>Gastos de personal, al momento, lleva un 63% de ejecutado<\/strong>, que tiene un correlato bastante cercano con lo proyectado en el presupuesto y la inflaci\u00f3n actual del 2025. Finito, pero ya tendremos un cap\u00edtulo para el tema salarial.\u00a0Que empieza desde el propio balance comunal por el \u201crecupero\u201d del\u00a0<strong>\u201catraso paritario de los trabajadores municipales a lo largo del a\u00f1o 2024<\/strong>, y sigue sosteni\u00e9ndolo en l\u00ednea con la inflaci\u00f3n\u201d. Este \u00faltimo punto es clave para pensar el pedido de reapertura salarial del gremio.<br \/><br \/>De todas maneras, se\u00f1alaron que a pesar del d\u00e9ficit el Municipio \u201ccontin\u00faa dando respuestas a la\u00a0<strong>creciente demanda social y sanitaria\u00a0<\/strong>producto de la crisis econ\u00f3mica y los\u00a0<strong>1500 despidos<\/strong>\u00a0que afectan a nuestro Partido\u201d.<\/p>\n<p>\u00a0<\/p>\n<p><img data-recalc-dims=\"1\" loading=\"lazy\" decoding=\"async\" class=\"alignnone size-full wp-image-50371 aligncenter\" src=\"https:\/\/i0.wp.com\/cdnoticias.com\/wp-content\/uploads\/2022\/03\/Palacio-Municipal-San-Martin-drone-Olavarria-Municipalidad-centro-comercio.jpg?resize=800%2C445&#038;ssl=1\" alt=\"\" width=\"800\" height=\"445\" srcset=\"https:\/\/i0.wp.com\/cdnoticias.com\/wp-content\/uploads\/2022\/03\/Palacio-Municipal-San-Martin-drone-Olavarria-Municipalidad-centro-comercio.jpg?w=800&amp;ssl=1 800w, https:\/\/i0.wp.com\/cdnoticias.com\/wp-content\/uploads\/2022\/03\/Palacio-Municipal-San-Martin-drone-Olavarria-Municipalidad-centro-comercio.jpg?resize=300%2C167&amp;ssl=1 300w, https:\/\/i0.wp.com\/cdnoticias.com\/wp-content\/uploads\/2022\/03\/Palacio-Municipal-San-Martin-drone-Olavarria-Municipalidad-centro-comercio.jpg?resize=768%2C427&amp;ssl=1 768w\" sizes=\"auto, (max-width: 800px) 100vw, 800px\" \/><br \/><br \/>\u201cEn el marco de dicho escenario, el saneamiento econ\u00f3mico y un manejo responsable de las arcas p\u00fablicas es el pilar de la gesti\u00f3n, para poder contar con la\u00a0<strong>mayor disponibilidad de recursos y afrontar todos los objetivos propuestos<\/strong>\u201d cerraron el comunicado.<br \/><br \/>Hay dos\u00a0<strong>preocupaciones<\/strong>: que\u00a0<strong>los n\u00fameros est\u00e1n demasiado ajustados, y que no hay ni vistas de mejora<\/strong>. Ya lo venimos hablando en ediciones anteriores,\u00a0<strong>se ve en la falta de trabajo o en el pluriempleo\u00a0<\/strong>de vecinos que buscan engrosar sus bolsillos.\u00a0<br \/><br \/>Lo que genera un tironeo a la hora de tomar decisiones:\u00a0<strong>este lunes se conocer\u00e1 el \u00edndice de precios al consumidor de junio<\/strong>\u00a0del Indec, lo que completar\u00e1 el semestre entero, y\u00a0<strong>habilitar\u00e1 al intendente Wesner a subir las tasas por decreto<\/strong>\u00a0siempre por el tope que le imponga dicho IPC. Entre el 13% y el 16% podr\u00eda estar el n\u00famero que, vale decir \u2026 es la misma cifra de la ca\u00edda de la industria que <a href=\"https:\/\/cdnoticias.com\/index.php\/2025\/07\/04\/economia-de-olavarria-la-situacion-actual-por-decisiones-que-se-toman-a-nivel-nacional-son-sumamente-negativas\/\" target=\"_blank\" rel=\"noopener\">inform\u00f3 el jefe comunal la semana pasada<\/a>.\u00a0<br \/><br \/>Y como les dec\u00edamos,\u00a0<strong>el Sindicato de Trabajadores Municipales pis\u00f3 el acelerador<\/strong>\u00a0y <a href=\"https:\/\/cdnoticias.com\/index.php\/2025\/06\/17\/condena-a-cristina-fernandez-el-sindicato-de-municipales-de-olavarria-adhiere-al-paro-del-miercoles\/\" target=\"_blank\" rel=\"noopener\">blanque\u00f3 el pedido formal<\/a> de reanudar las\u00a0<strong>conversaciones por suba salarial con el Ejecutivo<\/strong>\u00a0tras el vencimiento del \u00faltimo acuerdo, que fue en abril y hasta junio. \u00bfEl momento? A d\u00edas del dato de inflaci\u00f3n y dos semanas despu\u00e9s del pago del aguinaldo.\u00a0<\/p>\n<p>\u00a0<\/p>\n<p><img data-recalc-dims=\"1\" loading=\"lazy\" decoding=\"async\" class=\"alignnone size-large wp-image-107113 aligncenter\" src=\"https:\/\/i0.wp.com\/cdnoticias.com\/wp-content\/uploads\/2024\/01\/sindicato-de-municipales-STMO-0.jpg?resize=800%2C445&#038;ssl=1\" alt=\"\" width=\"800\" height=\"445\" srcset=\"https:\/\/i0.wp.com\/cdnoticias.com\/wp-content\/uploads\/2024\/01\/sindicato-de-municipales-STMO-0.jpg?resize=1024%2C569&amp;ssl=1 1024w, https:\/\/i0.wp.com\/cdnoticias.com\/wp-content\/uploads\/2024\/01\/sindicato-de-municipales-STMO-0.jpg?resize=300%2C167&amp;ssl=1 300w, https:\/\/i0.wp.com\/cdnoticias.com\/wp-content\/uploads\/2024\/01\/sindicato-de-municipales-STMO-0.jpg?resize=768%2C427&amp;ssl=1 768w, https:\/\/i0.wp.com\/cdnoticias.com\/wp-content\/uploads\/2024\/01\/sindicato-de-municipales-STMO-0.jpg?resize=800%2C445&amp;ssl=1 800w, https:\/\/i0.wp.com\/cdnoticias.com\/wp-content\/uploads\/2024\/01\/sindicato-de-municipales-STMO-0.jpg?w=1200&amp;ssl=1 1200w\" sizes=\"auto, (max-width: 800px) 100vw, 800px\" \/><\/p>\n<p><br \/><br \/><strong>El sindicato pas\u00f3 este periodo de acuerdos \u201cen paz\u201d.<\/strong>\u00a0Sin grandes planteos o quejas, en algunos hechos hubo cruces (la situaci\u00f3n con el mon\u00f3xido de carbono en Pediatr\u00eda fue uno de ellos) pero en general todo pas\u00f3 sin sobresaltos. Hasta este \u00faltimo pedido.<br \/><br \/><em>\u201cSe trat\u00f3 de una nueva petici\u00f3n, que ya hab\u00eda sido anticipada d\u00edas atr\u00e1s a la Jefa de Gabinete, Mercedes Land\u00edvar, y el concejal Federico Aguilera\u201d<\/em>\u00a0indicaron en un comunicado desde el STMO.\u00a0Como no tuvieron respuesta, \u201cse ingres\u00f3 una nota\u00a0<strong>requiriendo nuevamente la apertura de paritarias\u00a0<\/strong>para negociar recomposici\u00f3n salarial, condiciones laborales en los lugares de trabajo, recategorizaciones y pases a planta permanente, entre otros puntos\u201d.<br \/><br \/>Tras el pedido,\u00a0<strong>por ahora no fue informada una convocatoria<\/strong>, pero todav\u00eda hay tiempo y, como dec\u00edamos, falta conocer el \u00edndice de precios de junio, que podr\u00eda tener un peque\u00f1o salto en la inflaci\u00f3n. Todas las variables se definir\u00e1n en los pr\u00f3ximos d\u00edas.<br \/><br \/><u><strong>Cerraron las alianzas<\/strong><\/u><br \/><br \/>Un poco se empieza a\u00a0<strong>aclarar el panorama de las Legislativas bonaerenses<\/strong>. Se presentaron\u00a0<strong>nueve alianzas<\/strong>\u00a0para competir el 7 de septiembre (<a href=\"https:\/\/www.juntaelectoral.gba.gov.ar\/alianzas-transitorias-presentadas.php\" target=\"_blank\" rel=\"noopener\">ac\u00e1 las ves<\/a>). En casi todos los sectores hay m\u00e1s o menos resquemores, enojos y suspicacias. Hacemos un r\u00e1pido repaso general para pasar a lo local, que hay mucho para decir.<br \/><br \/>Los\u00a0<strong>principales frentes<\/strong>\u00a0en t\u00e9rminos de lo que se juegan son el que incluye al\u00a0<strong>oficialismo provincial -Fuerza Patria-<\/strong>\u00a0y al\u00a0<strong>oficialismo nacional -Alianza La Libertad Avanza-<\/strong>. Ac\u00e1 un dato para los aficionados quinieleros: en cada coalici\u00f3n se agruparon 26 partidos.\u00a0<br \/><br \/>En Fuerza Patria confluyen<strong>\u00a0las tres principales corrientes que hoy componen el peronismo<\/strong>: el kirchnerismo (con La C\u00e1mpora como el sector m\u00e1s visible), el massismo y MDF de Axel Kicillof. Sumaron a Principios y Valores de Guillermo Moreno. El pacto peronista entre Kicillof, M\u00e1ximo Kirchner y Sergio Massa tuvo mucha tensi\u00f3n, pero cerr\u00f3 con unidad. Desde La Plata afirmaron que el punto clave para llegar a la\u00a0<strong>definici\u00f3n fue \u201cla arquitectura de controles cruzados\u201d<\/strong>\u00a0para el armado de listas con \u201crepresentaci\u00f3n equitativa\u201d de los tres principales sectores internos. Con eso entendemos que gran parte de la discusi\u00f3n previa fue c\u00f3mo establecer ese sistema de contrapesos y, despu\u00e9s de eso empezaron a hablar de las listas.<\/p>\n<p>\u00a0<\/p>\n<p>\u00a0<\/p>\n<p><img data-recalc-dims=\"1\" loading=\"lazy\" decoding=\"async\" class=\"alignnone size-full wp-image-52801 aligncenter\" src=\"https:\/\/i0.wp.com\/cdnoticias.com\/wp-content\/uploads\/2022\/04\/programa-mesa-bonaerense-kicillof-maximo-kirchner.jpg?resize=800%2C445&#038;ssl=1\" alt=\"\" width=\"800\" height=\"445\" srcset=\"https:\/\/i0.wp.com\/cdnoticias.com\/wp-content\/uploads\/2022\/04\/programa-mesa-bonaerense-kicillof-maximo-kirchner.jpg?w=800&amp;ssl=1 800w, https:\/\/i0.wp.com\/cdnoticias.com\/wp-content\/uploads\/2022\/04\/programa-mesa-bonaerense-kicillof-maximo-kirchner.jpg?resize=300%2C167&amp;ssl=1 300w, https:\/\/i0.wp.com\/cdnoticias.com\/wp-content\/uploads\/2022\/04\/programa-mesa-bonaerense-kicillof-maximo-kirchner.jpg?resize=768%2C427&amp;ssl=1 768w\" sizes=\"auto, (max-width: 800px) 100vw, 800px\" \/><\/p>\n<p><br \/><br \/><br \/>El Frente La Libertad Avanza es la\u00a0<strong>confluencia de La Libertad Avanza y el Pro<\/strong>\u00a0que se oficializ\u00f3 en una conferencia de prensa con Karina Milei, Sebasti\u00e1n Pareja, Cristian Ritondo, Diego Santilli y Guillermo Montenegro.\u00a0<strong>El nombre del frente no incluye a los amarillos<\/strong>, lo que interpretamos como una pista de c\u00f3mo ser\u00e1n las definiciones para los armados. Con la salvedad -expresada desde el mismo frente- de que en los distritos donde gobiernan intendentes del Pro, los amarillos tendr\u00e1n preponderancia. En este frente hay un dato local destacado:\u00a0<strong>se anot\u00f3 Juntos por Olavarr\u00eda, el partido de Ezequiel Galli<\/strong>.\u00a0<a href=\"https:\/\/www.instagram.com\/p\/DL5xAGePL_o\/%C2%A0\" target=\"_blank\" rel=\"noopener\">El propio ex intendente lo confirm\u00f3<\/a>\u00a0en sus redes sociales con mensaje pol\u00edtico que\u00a0<a href=\"https:\/\/cdnoticias.com\/index.php\/2025\/07\/10\/belen-abraham-con-ezequiel-galli-la-hipocresia-avanza\/%C2%A0\" target=\"_blank\" rel=\"noopener\"><strong>la concejal Bel\u00e9n Abraham (UxP)<\/strong>\u00a0respondi\u00f3<\/a>.\u00a0<br \/><br \/>El frente\u00a0<strong>Somos Buenos Aires\u00a0<\/strong>tiene a la\u00a0<strong>UCR en sus dos variantes internas<\/strong>\u00a0-la de Maximiliano Abad y la de Facundo Manes-,\u00a0<strong>el monzo\u00edsmo, el schiarettismo, la Coalici\u00f3n C\u00edvica y el GEN<\/strong>. Ac\u00e1 se sumaron el partido de Florencio Randazzo (\u00a1volvi\u00f3 como cada a\u00f1o impar!), el vecinalismo de Guillermo Britos y Joaqu\u00edn de la Torre. El sector se defini\u00f3 como\u00a0<strong>\u201cde centro\u201d<\/strong>\u00a0para marcar distancia con peronismo y los libertarios.<br \/><br \/>El dato es que a \u00faltimo momento\u00a0<strong>el ala abadista en la UCR decidi\u00f3 no firmar<\/strong>\u00a0la alianza y por consiguiente, se qued\u00f3 afuera. En algunos distritos, como Z\u00e1rate, buscaba generar\u00a0<strong>acuerdos \u201cpor afuera\u201d con La Libertad Avanza\u00a0<\/strong>y en otros dar\u00eda\u00a0<strong>libertad de acci\u00f3n<\/strong>. No descartaban utilizar la estructura del ex intendente Gustavo Posse.\u00a0<em>\u00bfEn la S\u00e9ptima? Despu\u00e9s les contamos<\/em>.<br \/><br \/>El\u00a0<strong>Frente de Izquierda y de los Trabajadores \u2013 Unidad<\/strong>\u00a0tiene al Partido Obrero, el Partido de los Trabajadores Socialistas, Izquierda Socialista y el Movimiento Socialista de los Trabajadores. Se conocieron los nombres de los candidatos para la primera y la tercera secci\u00f3n: Nicol\u00e1s del Ca\u00f1o y Romina del Pla, respectivamente.<br \/><br \/>Para sumar a la confusi\u00f3n, se inscribi\u00f3 la\u00a0<strong>alianza Avanza Libertad<\/strong>: son los mismos que compitieron en 2021 con Jos\u00e9 Luis Espert a la cabeza, pero ahora sin \u00e9l. Frente Federal de Acci\u00f3n Solidaria y Uni\u00f3n Liberal (exUced\u00e9) son los partidos que lo componen. Ojo que hay representaci\u00f3n olavarriense.<br \/><br \/>Las otras alianzas son\u00a0<em>Nuevos Aires, \u201cEs con vos, es con nosotros\u201d, Potencia y \u201cEspacio Abierto para el Desarrollo y la Integraci\u00f3n Social\u201d<\/em>.<br \/><br \/><u><strong>Se viene el cierre de listas<\/strong><\/u><br \/><br \/>En ese contexto, los d\u00edas que vienen ser\u00e1n fren\u00e9ticos.\u00a0<strong>\u201cQue comiencen los Juegos del Hambre\u201d<\/strong>\u00a0dijo la concejal y referente kicillofista en la regi\u00f3n,\u00a0<strong>Liliana Schwindt<\/strong>. Para\u00a0<strong>Fuerza Patria el d\u00eda D ser\u00e1 el mi\u00e9rcoles<\/strong>, pero todos los frentes tienen nombres y complejidades. Vamos a tratar de repasar las m\u00e1s importantes.<br \/><br \/>En el oficialismo, prima el\u00a0<strong>hermetismo<\/strong>\u00a0con los candidatos.\u00a0<strong>\u201cTodav\u00eda no se definieron, falta una reuni\u00f3n, no avisaron nada a\u00fan\u201d<\/strong>\u00a0son algunas de las respuestas que recibimos tras las consultas de Volver a las Fuentes. \u00bfPodr\u00eda haber una sorpresa en el primer lugar?\u00a0<strong>Hay un dirigente -que t\u00e9cnicamente no es un dirigente- que tendr\u00eda varios \u00edtems para encabezar la lista a concejales.<\/strong>\u00a0Lo dejamos ah\u00ed porque las jornadas suelen ser un vendaval de informaci\u00f3n mezclada con sensaci\u00f3n y deseo.<br \/><br \/>La mayor\u00eda de los consultados ya asumieron que\u00a0<strong>son muchas agrupaciones\/dirigentes para pocos lugares<\/strong>, aunque tambi\u00e9n est\u00e1n los candidatos a consejeros escolares y, ni qu\u00e9\u00a0hablar de\u00a0que es el espacio que gestiona el Municipio, por lo que podr\u00eda haber oportunidades en caso de que\u00a0<strong>alg\u00fan funcionario termine en la n\u00f3mina de postulantes<\/strong>.<br \/><br \/><strong>El oficialismo renovar\u00e1 cuatro bancas<\/strong>: Agust\u00edn Romero (que reemplaz\u00f3 a Wesner tras asumir en la intendencia), Hern\u00e1n Quiroga (que reemplaz\u00f3 a Gast\u00f3n Sarachu), Hosanna Cazola (que reemplaz\u00f3 a Mercedes Land\u00edvar) y Telma Cazot, la \u00fanica titular de la lista de 2021. \u00bfHabr\u00e1 alguno que tenga chance de renovar su banca?<\/p>\n<p>\u00a0<\/p>\n<p><img data-recalc-dims=\"1\" loading=\"lazy\" decoding=\"async\" class=\"alignnone size-full wp-image-125913 aligncenter\" src=\"https:\/\/i0.wp.com\/cdnoticias.com\/wp-content\/uploads\/2024\/09\/bucca.jpg?resize=800%2C445&#038;ssl=1\" alt=\"\" width=\"800\" height=\"445\" srcset=\"https:\/\/i0.wp.com\/cdnoticias.com\/wp-content\/uploads\/2024\/09\/bucca.jpg?w=800&amp;ssl=1 800w, https:\/\/i0.wp.com\/cdnoticias.com\/wp-content\/uploads\/2024\/09\/bucca.jpg?resize=300%2C167&amp;ssl=1 300w, https:\/\/i0.wp.com\/cdnoticias.com\/wp-content\/uploads\/2024\/09\/bucca.jpg?resize=768%2C427&amp;ssl=1 768w\" sizes=\"auto, (max-width: 800px) 100vw, 800px\" \/><\/p>\n<p><br \/><br \/><strong>En la Secci\u00f3n la danza de nombres es \u2026 larga<\/strong>. El tema es que los lugares son pocos. Muy pocos. Tres para al menos seis dirigentes que fueron mencionados en las \u00faltimas horas.\u00a0<strong>Del camporismo, hasta ahora, no se conoci\u00f3 ni trascendi\u00f3 ning\u00fan dirigente con posibilidades<\/strong>\u00a0(lo que no quiere decir que no haya)\u00a0<strong>Entre el MDF y el Frente Renovador se llevaron todo el listado<\/strong>: desde el actual intendente de Bol\u00edvar Marcos Pisano, el senador Eduardo \u201cBali\u201d Bucca, Liliana Schwindt, Hern\u00e1n Ralinqueo y hasta el ex intendente Jos\u00e9 Eseverri, cuyo nombre son\u00f3 con much\u00edsima fuerza durante el s\u00e1bado. \u00bfSer\u00e1? Ante la consulta de este newsletter, prim\u00f3 el silencio que suele caracterizar al dirigente en este tipo de contextos.\u00a0<br \/><br \/>Tras el\u00a0<strong>cierre del PRO y La Libertad Avanza<\/strong>, las conversaciones se profundizaron. Se mostraron de acuerdo, todas las partes coincidieron conceptualmente y\u00a0<strong>arranc\u00f3 el momento del \u201cporoteo\u201d<\/strong>.<br \/><br \/><strong>Guillermo Lascano\u00a0<\/strong>habl\u00f3 con Volver a las Fuentes y dijo que est\u00e1n en\u00a0<strong>momentos de \u201cdefiniciones\u201d<\/strong>: \u201cLa inscripci\u00f3n del vecinalismo de Juntos por Olavarr\u00eda fue\u00a0<strong>un gesto de acercamiento importante\u201d<\/strong>\u00a0dijo. Y\u00a0agreg\u00f3 que fue\u00a0<strong>positivo \u201cpara confluir en un posicionamiento com\u00fan.<\/strong>\u00a0En breve deseamos que el esfuerzo que las partes hacemos pueda\u00a0<strong>culminar en un frente donde todos ganemos<\/strong>\u00a0y sea el principio de un largo camino que represente a la mayor\u00eda de los olavarrienses\u201d.<\/p>\n<p>\u00a0<\/p>\n<p><img data-recalc-dims=\"1\" loading=\"lazy\" decoding=\"async\" class=\"alignnone size-large wp-image-79156 aligncenter\" src=\"https:\/\/i0.wp.com\/cdnoticias.com\/wp-content\/uploads\/2023\/03\/arouxet-lascano-02.jpg?resize=800%2C445&#038;ssl=1\" alt=\"\" width=\"800\" height=\"445\" srcset=\"https:\/\/i0.wp.com\/cdnoticias.com\/wp-content\/uploads\/2023\/03\/arouxet-lascano-02-scaled.jpg?resize=1024%2C570&amp;ssl=1 1024w, https:\/\/i0.wp.com\/cdnoticias.com\/wp-content\/uploads\/2023\/03\/arouxet-lascano-02-scaled.jpg?resize=300%2C167&amp;ssl=1 300w, https:\/\/i0.wp.com\/cdnoticias.com\/wp-content\/uploads\/2023\/03\/arouxet-lascano-02-scaled.jpg?resize=768%2C427&amp;ssl=1 768w, https:\/\/i0.wp.com\/cdnoticias.com\/wp-content\/uploads\/2023\/03\/arouxet-lascano-02-scaled.jpg?resize=1536%2C855&amp;ssl=1 1536w, https:\/\/i0.wp.com\/cdnoticias.com\/wp-content\/uploads\/2023\/03\/arouxet-lascano-02-scaled.jpg?resize=2048%2C1140&amp;ssl=1 2048w, https:\/\/i0.wp.com\/cdnoticias.com\/wp-content\/uploads\/2023\/03\/arouxet-lascano-02-scaled.jpg?resize=800%2C445&amp;ssl=1 800w, https:\/\/i0.wp.com\/cdnoticias.com\/wp-content\/uploads\/2023\/03\/arouxet-lascano-02-scaled.jpg?w=1600&amp;ssl=1 1600w, https:\/\/i0.wp.com\/cdnoticias.com\/wp-content\/uploads\/2023\/03\/arouxet-lascano-02-scaled.jpg?w=2400&amp;ssl=1 2400w\" sizes=\"auto, (max-width: 800px) 100vw, 800px\" \/><br \/><br \/>Otras fuentes consultadas por este newsletter que conocen de las negociaciones vinculadas a los lugares indicaron que\u00a0<strong>todav\u00eda no definieron c\u00f3mo ser\u00e1 el reparto para el PRO dentro de la lista libertaria<\/strong>. En una serie de charlas\u00a0con respuestas y contraofertas, hoy\u00a0<strong>todo se encuentra en un \u201ccuarto intermedio\u201d<\/strong>\u00a0pero con la posibilidad de acercarse definitivamente.\u00a0<strong>\u00bfTercero y sexto lugar? \u00bfO los dos cediendo para que el PRO tenga un ingreso asegurado y un segundo con chances concretas?<\/strong><br \/><br \/>En el medio, otros sectores pugnan por meterse en la lista local:\u00a0<strong>\u00bfqu\u00e9 pasar\u00e1 con el sector de Andrea Coronel (el bullrichismo)?\u00a0<\/strong>Por citar un ejemplo.\u00a0<br \/><br \/>Lo concreto es que habr\u00e1 que prepararse para ver una lista caracterizada -independientemente de qui\u00e9n encabece- de\u00a0<strong>juventud y renovaci\u00f3n<\/strong>. Incluso, hubo un lamento porque\u00a0<strong>el descripto como \u201cmejor candidato que tiene LLA\u201d no puede ser candidato: se trata de Luca Spitale<\/strong>, quien tiene 18 a\u00f1os y la LOM prev\u00e9 que aquellos que quieran ser candidatos deber\u00e1n tener como m\u00ednimo 25. \u201cEs algo contradictorio\u201d dijeron para se\u00f1alar que hay requisitos dispares para los distintos cargos legislativos y se quejaron ante el \u201cperfil\u201d que busca LLA para la lista de concejales en Olavarr\u00eda.<br \/><br \/><strong>\u00bfQu\u00e9 nombres podr\u00eda aportar el gallismo ante esta b\u00fasqueda?<\/strong>\u00a0Todos los caminos conducen a\u00a0<strong>Federico Alem<\/strong>, un abogado que ya tuvo una experiencia dentro del \u00e1rea administrativa del Concejo Deliberante, as\u00ed como tambi\u00e9n integrante del Consultorio Jur\u00eddico de la Facultad de Derecho de la Unicen, un espacio que brinda asesor\u00eda gratuita a aquellos que no pueden acceder econ\u00f3micamente a una representaci\u00f3n legal. \u00bfOtra particularidad? Es el hijo del ex intendente Julio \u201cChango\u201d Alem.\u00a0<br \/><br \/><strong>\u00bfEn la Secci\u00f3n?<\/strong>\u00a0Una afirmaci\u00f3n un\u00e1nime: nadie tendr\u00e1 un \u201cpido\u201d para lugares. Lo que sea,\u00a0<strong>saldr\u00e1 del acuerdo provincial, pr\u00e1cticamente sin injerencia local o hasta regional<\/strong>. Bajo ese argumento, picaron dos nombres en punta: por un lado, el de\u00a0<strong>Alejandro Speroni<\/strong>, que tendr\u00eda buena ventaja por sobre el resto, pero no el lugar asegurado.<strong>\u00a0\u00bfPablo Disalvo?<\/strong>\u00a0El titular regional de PAMI son\u00f3 con much\u00edsima fuerza tambi\u00e9n y disputar\u00eda el lugar con Speroni\u00a0<strong>\u00bfEzequiel Galli?<\/strong>\u00a0Es una posibilidad, aunque por el tenor del acuerdo ser\u00eda casi imposible que un PRO encabece una lista de LLA. Dejamos el \u201ccasi\u201d porque siempre nos pueden sorprender\u2026<\/p>\n<p>\u00a0<\/p>\n<p><img data-recalc-dims=\"1\" loading=\"lazy\" decoding=\"async\" class=\"alignnone size-full wp-image-126022 aligncenter\" src=\"https:\/\/i0.wp.com\/cdnoticias.com\/wp-content\/uploads\/2024\/09\/speroni-arouxet.jpg?resize=800%2C449&#038;ssl=1\" alt=\"\" width=\"800\" height=\"449\" srcset=\"https:\/\/i0.wp.com\/cdnoticias.com\/wp-content\/uploads\/2024\/09\/speroni-arouxet.jpg?w=869&amp;ssl=1 869w, https:\/\/i0.wp.com\/cdnoticias.com\/wp-content\/uploads\/2024\/09\/speroni-arouxet.jpg?resize=300%2C168&amp;ssl=1 300w, https:\/\/i0.wp.com\/cdnoticias.com\/wp-content\/uploads\/2024\/09\/speroni-arouxet.jpg?resize=768%2C431&amp;ssl=1 768w\" sizes=\"auto, (max-width: 800px) 100vw, 800px\" \/><\/p>\n<p><br \/><br \/><strong>\u00bfCeleste Arouxet?<\/strong>\u00a0Podr\u00eda ser tambi\u00e9n, pero tambi\u00e9n dicen que hay resistencias de otros sectores. Lo que s\u00ed est\u00e1 claro con Arouxet es que<strong>\u00a0no puede ser candidata a concejal<\/strong>: no se derog\u00f3 la ley de limitaci\u00f3n a reelecciones y finalizar\u00e1 en diciembre su segundo mandato consecutivo, por lo que no podr\u00e1 postularse a un tercero.\u00a0<br \/><br \/>Y para el final dejaremos una posibilidad y un nombre m\u00e1s:\u00a0que finalmente\u00a0<strong>encabece un dirigente de otra secci\u00f3n<\/strong>, como pas\u00f3 con Agust\u00edn Romo en 2023. De hecho, el propio Romo estar\u00eda encargado del punteo. Y la \u00faltima:\u00a0<strong>Daiana Musa, una de las referentes de \u201cLa P\u00farpura\u201d<\/strong>. En silencio, podr\u00eda tener un lugar destacado en una lista.\u00a0<br \/><br \/>En Olavarr\u00eda tenemos que sumar\u00a0<strong>el armado de \u201cSomos Buenos Aires\u201d<\/strong>\u00a0espacio en el que confluyen varios espacios, entre ellos el radicalismo. Si bien hay referentes de algunos sectores en nuestra ciudad, es cierto que\u00a0<strong>la UCR es el espacio excluyente\u00a0<\/strong>a la hora de pensar un armado, y con ello se presenta una interesante tercera v\u00eda para encarar las legislativas de septiembre a nivel local.<br \/><br \/>Con much\u00edsimo hermetismo, dirigentes del espacio boina blanca adelantaron a este newsletter que est\u00e1n\u00a0<strong>enfocados en generar \u201cel acuerdo lo m\u00e1s amplio posible\u201d con todos los sectores\u00a0<\/strong>y que confluyan en una lista de unidad aprovechando el acuerdo. \u00bfNombres? No trascendieron, aunque por l\u00f3gica<strong>\u00a0se puede prever que tanto Bel\u00e9n Vergel como Sebasti\u00e1n Matrella tengan -alguno de los dos o los dos- lugares protag\u00f3nicos\u00a0<\/strong>en la n\u00f3mina.<\/p>\n<p>\u00a0<\/p>\n<p><img data-recalc-dims=\"1\" loading=\"lazy\" decoding=\"async\" class=\"alignnone size-full wp-image-124631 aligncenter\" src=\"https:\/\/i0.wp.com\/cdnoticias.com\/wp-content\/uploads\/2024\/09\/vergel-presidencia-ucr.png?resize=800%2C459&#038;ssl=1\" alt=\"\" width=\"800\" height=\"459\" srcset=\"https:\/\/i0.wp.com\/cdnoticias.com\/wp-content\/uploads\/2024\/09\/vergel-presidencia-ucr.png?w=866&amp;ssl=1 866w, https:\/\/i0.wp.com\/cdnoticias.com\/wp-content\/uploads\/2024\/09\/vergel-presidencia-ucr.png?resize=300%2C172&amp;ssl=1 300w, https:\/\/i0.wp.com\/cdnoticias.com\/wp-content\/uploads\/2024\/09\/vergel-presidencia-ucr.png?resize=768%2C441&amp;ssl=1 768w\" sizes=\"auto, (max-width: 800px) 100vw, 800px\" \/><\/p>\n<p><br \/><br \/>Y como todos ya sabemos \u2026\u00a0<strong>en la Secci\u00f3n<\/strong>\u00a0todo se complejiza. Con un signo de pregunta:\u00a0<strong>\u00bfel sector de Alejandra Lord\u00e9n\u00a0<\/strong>sigui\u00f3 los pasos de Maximiliano Abad o continuar\u00e1 dentro de Somos Buenos Aires? Si contin\u00faa, ser\u00e1 una de las dirigentes que intente posicionar a alguien de su espacio. Pero no est\u00e1 sola: adem\u00e1s de Evoluci\u00f3n (que integra la gesti\u00f3n local radical) tambi\u00e9n deber\u00e1n negociar con\u00a0<strong>el GEN (que perder\u00e1 la banca de Lorena Mandagar\u00e1n\u00a0<\/strong>y tiene referencia en el ex intendente de Azul Omar Ducl\u00f3s) y con la\u00a0<strong>Coalici\u00f3n C\u00edvica, que tienen al diputado nacional Juan Manuel L\u00f3pez<\/strong>\u00a0de 25 de Mayo entre las posibilidades. Al legislador nacional se le vence su mandato en diciembre y podr\u00eda saltar al senado bonaerense en caso de lograr imponer su candidatura.<br \/><br \/>Como se puede observar con claridad, las negociaciones pueden terminar en armoniosos acuerdos o absolutos desastres. Quiz\u00e1s en algunos frentes haya t\u00e9rminos medios, pero por ahora hay mucha expectativa. El domingo que viene, los nombres.\u00a0<br \/><br \/><u><strong>Un \u201cliberalismo aut\u00e9ntico\u201d<\/strong><\/u><br \/><br \/>As\u00ed se present\u00f3\u00a0<strong>Avanza Libertad<\/strong>, el frente que tiene representaci\u00f3n en Olavarr\u00eda con el\u00a0<strong>partido Uni\u00f3n Liberal.<\/strong>\u00a0La estructura local es la que estuvo en la campa\u00f1a 2021 con el mismo nombre y conserva tambi\u00e9n a quienes han estado en otros sectores liberales y conservadores en armados electorales anteriores.<br \/><br \/><strong>Marcelo Delaude<\/strong>\u00a0es uno de ellos. El partido Uni\u00f3n Liberal ven\u00eda prepar\u00e1ndose desde el a\u00f1o pasado para estas elecciones con modificaciones internas y, en ese marco, ya mostraba su estructura de alcance bonaerense.<br \/><br \/><u><strong>Con boleta corta<\/strong><\/u><br \/><br \/>El viernes se lanz\u00f3 formalmente el\u00a0<strong>primer candidato a concejal de Olavarr\u00eda: Alexander Aquila<\/strong>\u00a0del\u00a0<strong>partido Integrar<\/strong>, que responde a la agrupaci\u00f3n\u00a0<strong>Fuerzas del Sur\u00a0<\/strong>del gobernador de Chubut,\u00a0<strong>Nacho Torres<\/strong>.<br \/><br \/>El\u00a0<strong>coordinador nacional de Integrar, Daniel Amoroso<\/strong>, estuvo en el <a href=\"https:\/\/cdnoticias.com\/index.php\/2025\/07\/13\/alexander-aquila-oficializo-su-candidatura-al-hcd-con-la-apertura-del-local-de-integrar\/\" target=\"_blank\" rel=\"noopener\">acto de inauguraci\u00f3n de la sede partidaria olavarriense<\/a>. Hace meses que Alexander viene en campa\u00f1a con volanteada, reparto de folletos, timbreo y hasta presentaci\u00f3n de proyectos en el Concejo Deliberante. Ayer por la ma\u00f1ana estuvieron en el sector del Prado Espa\u00f1ol y con volanteada por el barrio Mariano Moreno. En noviembre del a\u00f1o pasado se plante\u00f3 la bajada local de este espacio y en febrero Alexander Aquila anunci\u00f3 su candidatura para el Concejo Deliberante.<\/p>\n<p>\u00a0<\/p>\n<p><img data-recalc-dims=\"1\" loading=\"lazy\" decoding=\"async\" class=\"alignnone size-full wp-image-176662 aligncenter\" src=\"https:\/\/i0.wp.com\/cdnoticias.com\/wp-content\/uploads\/2025\/07\/Alexander-aquila-partido-Integrar-04.jpg?resize=800%2C445&#038;ssl=1\" alt=\"\" width=\"800\" height=\"445\" srcset=\"https:\/\/i0.wp.com\/cdnoticias.com\/wp-content\/uploads\/2025\/07\/Alexander-aquila-partido-Integrar-04.jpg?w=1000&amp;ssl=1 1000w, https:\/\/i0.wp.com\/cdnoticias.com\/wp-content\/uploads\/2025\/07\/Alexander-aquila-partido-Integrar-04.jpg?resize=300%2C167&amp;ssl=1 300w, https:\/\/i0.wp.com\/cdnoticias.com\/wp-content\/uploads\/2025\/07\/Alexander-aquila-partido-Integrar-04.jpg?resize=768%2C427&amp;ssl=1 768w, https:\/\/i0.wp.com\/cdnoticias.com\/wp-content\/uploads\/2025\/07\/Alexander-aquila-partido-Integrar-04.jpg?resize=800%2C445&amp;ssl=1 800w\" sizes=\"auto, (max-width: 800px) 100vw, 800px\" \/><\/p>\n<p><br \/><br \/><strong>El local de Olavarr\u00eda es el primero<\/strong>\u00a0que abre en el pa\u00eds el partido Integrar. Por el momento, la previsi\u00f3n para las elecciones de septiembre es que el sector\u00a0<strong>estar\u00e1 en competencia s\u00f3lo en nuestro distrito y con boleta corta<\/strong>, no llevar\u00e1n postulantes seccionales.\u00a0<em>\u201cVeremos si nos presentamos en las nacionales de octubre\u201d<\/em>\u00a0adelantaron a VAF. Es que el horizonte de este grupo es la\u00a0<strong>candidatura presidencial de Torres<\/strong>, es decir que el gran objetivo es el 2027 y no ahora.<br \/><br \/>No obstante, en Olavarr\u00eda tienen grandes aspiraciones y saben que el momento es \u00f3ptimo: interpretan que\u00a0<strong>el hartazgo con la dirigencia y la desilusi\u00f3n con \u201clos de siempre\u201d le abre la puerta a las caras nuevas<\/strong>. Y ah\u00ed entra Aquila quien cosecha apoyos en sus recorridas.\u00a0<em>Dicen que los vecinos le preguntan \u201c\u00bfvos con qui\u00e9n vas?\u201d y lo bancan m\u00e1s cuando responde \u201ccon nadie\u201d<\/em>.<br \/><br \/>El mensaje central es para la campa\u00f1a bien local:<strong>\u00a0\u201cel concejal no tiene que estar dentro del Concejo solamente para levantar una mano\u00a0<\/strong>y decidir sobre cuestiones que -para m\u00ed- hoy por hoy son superfluas, como poner el nombre de una calle o si la ciudad es belgraniana, cuando hay gente que no tiene cloacas, no tiene agua corriente, a los comerciantes le roban a cualquier hora.\u00a0<strong>Hay prioridades que no se est\u00e1n tomando\u201d<\/strong>\u00a0dijo Alexander en el marco del acto de inauguraci\u00f3n de la sede de Integrar.<br \/><br \/><u><strong>El acuerdo con CAMMESA \u00bfa un paso?<\/strong><\/u><br \/><br \/>El presidente del Consejo de Administraci\u00f3n,\u00a0<strong>Alberto Miotti, inform\u00f3 que Coopelectric\u00a0<a href=\"https:\/\/cdnoticias.com\/index.php\/2025\/07\/11\/coopelectric-espera-firmar-el-acuerdo-con-cammesa-la-semana-proxima\/\" target=\"_blank\" rel=\"noopener\">espera firmar el acuerdo con CAMMESA esta semana<\/a><\/strong>. Destac\u00f3 que logr\u00f3\u00a0<strong>completar el pago a la empresa mayorista del total del consumo el\u00e9ctrico del \u00faltimo mes<\/strong>\u00a0y ya present\u00f3 el\u00a0<strong>plan de inversiones trienal\u00a0<\/strong>por casi 10 mil millones de pesos. Ese monto se corresponde con el total adeudado sin incluir tasas de inter\u00e9s ni otros agregados.<br \/><br \/>El acuerdo de pago contempla un a\u00f1o de gracia y seis para efectuar los reintegros. Para asumir el compromiso, Coopelectric cuenta con\u00a0el\u00a0<strong>anuncio de la Provincia de la Revisi\u00f3n Tarifaria Integral\u00a0<\/strong>por la que espera\u00a0<strong>aumentos para fines de este a\u00f1o o inicios del a\u00f1o pr\u00f3ximo<\/strong>.<\/p>\n<p>\u00a0<\/p>\n<p><img data-recalc-dims=\"1\" loading=\"lazy\" decoding=\"async\" class=\"alignnone size-full wp-image-176523 aligncenter\" src=\"https:\/\/i0.wp.com\/cdnoticias.com\/wp-content\/uploads\/2025\/07\/miotti-02.png?resize=800%2C445&#038;ssl=1\" alt=\"\" width=\"800\" height=\"445\" srcset=\"https:\/\/i0.wp.com\/cdnoticias.com\/wp-content\/uploads\/2025\/07\/miotti-02.png?w=800&amp;ssl=1 800w, https:\/\/i0.wp.com\/cdnoticias.com\/wp-content\/uploads\/2025\/07\/miotti-02.png?resize=300%2C167&amp;ssl=1 300w, https:\/\/i0.wp.com\/cdnoticias.com\/wp-content\/uploads\/2025\/07\/miotti-02.png?resize=768%2C427&amp;ssl=1 768w\" sizes=\"auto, (max-width: 800px) 100vw, 800px\" \/><\/p>\n<p><br \/>Como contrapartida,\u00a0<strong>CAMMESA retirar\u00e1 el reclamo judicial<\/strong>\u00a0por la deuda contra Coopelectric. La estimaci\u00f3n local es que, sin el juicio, la cooperativa estar\u00e1 en condiciones de\u00a0<strong>tomar cr\u00e9dito<\/strong>.<br \/><br \/>Alberto Miotti hizo hincapi\u00e9 en que a pesar del contexto econ\u00f3mico negativo\u00a0<strong>\u201cno hemos despedido a nadie,<\/strong>\u00a0no hemos suspendido a nadie por falta de trabajo. Se pagan en tiempo y forma sueldos y aportes. Es un gran esfuerzo que estamos haciendo\u201d.\u00a0<br \/><br \/>A la hora de explicar c\u00f3mo se logr\u00f3 completar el pago mensual de la factura de CAMMESA, lo que no pasaba hace mucho tiempo, Miotti se\u00f1al\u00f3 que hubo\u00a0<strong>&#8220;unos peque\u00f1os incrementos de ingresos que son insuficientes, pero que ayudan&#8221;.<\/strong>\u00a0A ello a\u00f1adi\u00f3 que &#8220;estamos contando con el\u00a0<strong>auxilio de otros sectores que van a resignar algunos ingresos<\/strong>\u00a0durante un tiempo hasta que se generen estos ingresos genuinos&#8221;.\u00a0<br \/><br \/>\u00bfQu\u00e9 sectores van a resignar fondos? La intenci\u00f3n es\u00a0<strong>&#8220;hacer una reingenier\u00eda de ingresos y egresos&#8221;<\/strong>\u00a0y en ese marco, se mencion\u00f3 a\u00a0<strong>&#8220;los sindicatos involucrados en el trabajo de la cooperativa&#8221;<\/strong>\u00a0como sectores con quienes se dialogar\u00e1. La ecuaci\u00f3n que los directivos de Coopelectric subrayaron cuando se conoci\u00f3 el reclamo de CAMMESA cambi\u00f3 totalmente: es que en aquellos momentos, justamente se destac\u00f3 que la cooperativa manten\u00eda la deuda porque priorizaba pagos a trabajadores y proveedores.<br \/><br \/>Estas novedades se conocieron un d\u00eda despu\u00e9s de que las autoridades de Coopelectric mantuvieron una\u00a0<strong>reuni\u00f3n en la Sociedad de Fomento Hip\u00f3lito Yrigoyen\u00a0<\/strong>con vecinos de los barrios de ese sector. Los\u00a0<strong>reclamos por los reiterados cortes y la mala calidad del servicio\u00a0<\/strong>fueron muy fuertes. Unos\u00a0<strong>150 asistentes<\/strong>\u00a0se presentaron para quejarse. All\u00ed les habl\u00f3\u00a0<strong>Alberto Miotti, quien reconoci\u00f3 las fallas en la prestaci\u00f3n\u00a0<\/strong>y remarc\u00f3 la incapacidad de inversi\u00f3n que tiene la cooperativa debido a la falta de fondos.<\/p>\n<p>\u00a0<\/p>\n<p><img data-recalc-dims=\"1\" loading=\"lazy\" decoding=\"async\" class=\"alignnone size-full wp-image-134598 aligncenter\" src=\"https:\/\/i0.wp.com\/cdnoticias.com\/wp-content\/uploads\/2025\/01\/coopelectric-fachada-00.jpg?resize=800%2C445&#038;ssl=1\" alt=\"\" width=\"800\" height=\"445\" srcset=\"https:\/\/i0.wp.com\/cdnoticias.com\/wp-content\/uploads\/2025\/01\/coopelectric-fachada-00.jpg?w=1000&amp;ssl=1 1000w, https:\/\/i0.wp.com\/cdnoticias.com\/wp-content\/uploads\/2025\/01\/coopelectric-fachada-00.jpg?resize=300%2C167&amp;ssl=1 300w, https:\/\/i0.wp.com\/cdnoticias.com\/wp-content\/uploads\/2025\/01\/coopelectric-fachada-00.jpg?resize=768%2C427&amp;ssl=1 768w, https:\/\/i0.wp.com\/cdnoticias.com\/wp-content\/uploads\/2025\/01\/coopelectric-fachada-00.jpg?resize=800%2C445&amp;ssl=1 800w\" sizes=\"auto, (max-width: 800px) 100vw, 800px\" \/><\/p>\n<p><br \/><br \/>Como primer aspecto, es de destacar que\u00a0<strong>los directivos de la cooperativa dan la cara\u00a0<\/strong>ante los conflictos y reclamos: los usuarios pueden hacerse oir y escucharlos de primera mano.<br \/><br \/>En segunda instancia, el contexto expuso la<strong>\u00a0urgencia con la que se necesita mejorar la infraestructura<\/strong>\u00a0del servicio en obras, repuestos y materiales. M\u00e1s all\u00e1 del mantenimiento m\u00ednimo no puede ofrecer Coopelectric en cuanto a calidad del servicio y es por ello que requiere tener un horizonte con posibilidad de inversi\u00f3n. Las palabras de Alberto Miotti dejan ver esa necesidad y la intenci\u00f3n de creer que esta vez s\u00ed saldr\u00e1 del c\u00edrculo de endeudamiento:\u00a0<strong>\u201cTenemos que pensar que va a ser posible y que en unos pocos a\u00f1os esto va a ser una an\u00e9cdota de un muy mal momento\u201d\u00a0<\/strong>dijo.<br \/><br \/><u><strong>Hay m\u00e1s<\/strong><\/u><br \/><br \/><strong>Un regreso.<\/strong>\u00a0Florencia Ju\u00e1rez volvi\u00f3 a ser directora de G\u00e9nero municipal. Estuvo en el cargo entre 2016 y 2022, con el arranque de la dependencia en la gesti\u00f3n de Ezequiel Galli. Ahora se anunci\u00f3 su regreso al cargo, en una etapa distinta de la direcci\u00f3n, no s\u00f3lo por la impronta\u00a0 de una nueva gesti\u00f3n y otro signo pol\u00edtico, sino por el clima interno que ya contamos en la edici\u00f3n anterior.<br \/><br \/><strong>Principios y Valores se encamina a las Legislativas.<\/strong>\u00a0El mi\u00e9rcoles, al mismo tiempo que el cierre de alianzas, el sector tuvo una cena para dar comienzo a &#8220;una nueva etapa de construcci\u00f3n pol\u00edtica en la ciudad y la regi\u00f3n frente a la agravante crisis argentina&#8221;. Si bien la agrupaci\u00f3n ya viene participando de algunas actividades del oficialismo municipal, este s\u00e1bado se sum\u00f3 formalmente a como parte de &#8220;Fuerza Patria&#8221; y estuvieron en Sierras Bayas.<br \/><br \/><strong>Proyecto de afectaci\u00f3n de fondos municipales.<\/strong>\u00a0Es una propuesta que impulsan la Uni\u00f3n Industrial, el PIO y la C\u00e1mara Empresaria para la tasa de seguridad e higiene. Buscan sumar fondos para\u00a0<a href=\"https:\/\/cdnoticias.com\/index.php\/2025\/07\/08\/la-uio-impulsa-un-proyecto-de-afectacion-de-la-tasa-de-seguridad-e-higiene\/\" target=\"_blank\" rel=\"noopener\">inversiones para el sector industrial y comercial<\/a>.<br \/><br \/><strong>El AMCO con nuevas autoridades.<\/strong>\u00a0Michael Boccagni asumi\u00f3 como presidente tras la asamblea realizada este viernes. Con comisi\u00f3n directiva renovada, el club sali\u00f3 de dos meses de acefal\u00eda.<br \/><br \/><strong>Renovaci\u00f3n en la Sociedad de Fomento de barrio AOMA.<\/strong>\u00a0Se concret\u00f3 la asamblea electoral y gan\u00f3 la lista \u201cverde\u201d encabezada por Ana Bel\u00e9n Schwab como presidenta y Luciana Coronel como vicepresidenta. Despu\u00e9s de la asamblea suspendida y el reempadronamiento de socios, hubo cambio de directivos en la entidad.<\/p>\n\n\n<p class=\"has-large-font-size\"><strong>El newsletter<\/strong><\/p>\n\n\n\n<p>Esta publicaci\u00f3n es la <a href=\"https:\/\/mailchi.mp\/c3ead6699bc8\/temporada-de-rosca?e=e4ffb04d40\" target=\"_blank\" rel=\"noreferrer noopener\">edici\u00f3n de este domingo del newsletter Volver a las Fuentes<\/a> que escriben Alexis Grierson y Josefina Bargas.<a href=\"https:\/\/linktr.ee\/volveralasfuentes\"> Tiene un sistema de suscripci\u00f3n econ\u00f3mica y aportes \u00fanicos al que se puede acceder aqu\u00ed.<\/a><\/p>\n\n\n\n<p><\/p>\n","protected":false},"excerpt":{"rendered":"<p>El cierre de alianzas con nueve frentes anotados y solo una semana hasta el cierre de listas para las Legislativas<\/p>\n","protected":false},"author":4,"featured_media":176440,"comment_status":"closed","ping_status":"closed","sticky":false,"template":"","format":"standard","meta":{"_jetpack_memberships_contains_paid_content":false,"footnotes":""},"categories":[4,1],"tags":[],"class_list":["post-176750","post","type-post","status-publish","format-standard","has-post-thumbnail","hentry","category-politica","category-portada"],"jetpack_featured_media_url":"https:\/\/i0.wp.com\/cdnoticias.com\/wp-content\/uploads\/2025\/07\/ezequiel-galli-cierre-de-alianzas-PRO-LLA-a.jpg?fit=800%2C444&ssl=1","jetpack_sharing_enabled":true,"_links":{"self":[{"href":"https:\/\/cdnoticias.com\/index.php\/wp-json\/wp\/v2\/posts\/176750","targetHints":{"allow":["GET"]}}],"collection":[{"href":"https:\/\/cdnoticias.com\/index.php\/wp-json\/wp\/v2\/posts"}],"about":[{"href":"https:\/\/cdnoticias.com\/index.php\/wp-json\/wp\/v2\/types\/post"}],"author":[{"embeddable":true,"href":"https:\/\/cdnoticias.com\/index.php\/wp-json\/wp\/v2\/users\/4"}],"replies":[{"embeddable":true,"href":"https:\/\/cdnoticias.com\/index.php\/wp-json\/wp\/v2\/comments?post=176750"}],"version-history":[{"count":0,"href":"https:\/\/cdnoticias.com\/index.php\/wp-json\/wp\/v2\/posts\/176750\/revisions"}],"wp:featuredmedia":[{"embeddable":true,"href":"https:\/\/cdnoticias.com\/index.php\/wp-json\/wp\/v2\/media\/176440"}],"wp:attachment":[{"href":"https:\/\/cdnoticias.com\/index.php\/wp-json\/wp\/v2\/media?parent=176750"}],"wp:term":[{"taxonomy":"category","embeddable":true,"href":"https:\/\/cdnoticias.com\/index.php\/wp-json\/wp\/v2\/categories?post=176750"},{"taxonomy":"post_tag","embeddable":true,"href":"https:\/\/cdnoticias.com\/index.php\/wp-json\/wp\/v2\/tags?post=176750"}],"curies":[{"name":"wp","href":"https:\/\/api.w.org\/{rel}","templated":true}]}}